{"id":8452,"date":"2020-09-06T20:49:04","date_gmt":"2020-09-06T18:49:04","guid":{"rendered":"http:\/\/cedera-okna.sk\/sk\/?p=8452"},"modified":"2020-09-07T18:21:59","modified_gmt":"2020-09-07T16:21:59","slug":"ako-si-vybrat-okna-do-kuchyne","status":"publish","type":"post","link":"https:\/\/www.cedera-okna.sk\/sk\/ako-si-vybrat-okna-do-kuchyne\/","title":{"rendered":"Ako si vybra\u0165 okn\u00e1 do kuchyne?"},"content":{"rendered":"<div class=\"wpb-content-wrapper\"><p>[vc_row][vc_column][vc_column_text]<b>Kuchy\u0148a je du\u0161ou domova. Tr\u00e1vime v nej ve\u013ea \u010dasu s rodinou aj s priate\u013emi. Ide o miestnos\u0165, ktor\u00e1 v n\u00e1s vyvol\u00e1va pr\u00edjemn\u00e9 pocity. Sp\u00e1jame si ju s v\u00f4\u0148ou chutn\u00fdch pokrmov a teplom rodinn\u00e9ho kozuba. Aj preto jej mnoh\u00e9 dom\u00e1cnosti venuj\u00fa zv\u00fd\u0161en\u00fa pozornos\u0165. T\u00e1 sa odzrkad\u013euje na zariaden\u00ed kuchyne, no tie\u017e na v\u00fdbere okien, ich dizajne, praktick\u00fdch vlastnostiach a v neposlednom rade ve\u013ekosti okien, ktor\u00e1 okrem in\u00e9ho vpl\u00fdva aj na mno\u017estvo denn\u00e9ho svetla v kuchyni. Na \u010do by ste sa pri v\u00fdbere okien do kuchyne mali zamera\u0165?<\/b><\/p>\n<h2>Vyberte si vhodn\u00fd materi\u00e1l r\u00e1mov<\/h2>\n<p>Na trhu n\u00e1jdete nieko\u013eko typov okien z h\u013eadiska materi\u00e1lu &#8211; dreven\u00e9, plastov\u00e9, hlin\u00edkov\u00e9 a samozrejme, ich kombin\u00e1cie. Ka\u017ed\u00fd r\u00e1m m\u00e1 svoje svetl\u00e9 aj tienist\u00e9 str\u00e1nky. <a href=\"http:\/\/cedera-okna.sk\/sk\/eurookna-drevene-okna\/\"><b>Dreven\u00e9 okn\u00e1 <\/b><\/a>p\u00f4sobia autenticky, \u00fatulne a pr\u00edjemne, s\u00fa tie\u017e jednoducho opravite\u013en\u00e9 v\u010faka mo\u017enej povrchovej \u00faprave. Na druhej strane s\u00fa ale drah\u0161ie a vy\u017eaduj\u00fa si \u010dastej\u0161iu \u00fadr\u017ebu.<\/p>\n<p><img decoding=\"async\" class=\"size-large wp-image-8461\" src=\"http:\/\/cedera-okna.sk\/wp-content\/uploads\/2020\/09\/okno-nad-kuchynskou-linkou-1-1024x683.jpg\" alt=\"\" width=\"1024\" height=\"683\" srcset=\"https:\/\/www.cedera-okna.sk\/wp-content\/uploads\/2020\/09\/okno-nad-kuchynskou-linkou-1-1024x683.jpg 1024w, https:\/\/www.cedera-okna.sk\/wp-content\/uploads\/2020\/09\/okno-nad-kuchynskou-linkou-1-300x200.jpg 300w, https:\/\/www.cedera-okna.sk\/wp-content\/uploads\/2020\/09\/okno-nad-kuchynskou-linkou-1-768x512.jpg 768w, https:\/\/www.cedera-okna.sk\/wp-content\/uploads\/2020\/09\/okno-nad-kuchynskou-linkou-1-1536x1024.jpg 1536w, https:\/\/www.cedera-okna.sk\/wp-content\/uploads\/2020\/09\/okno-nad-kuchynskou-linkou-1-2048x1365.jpg 2048w, https:\/\/www.cedera-okna.sk\/wp-content\/uploads\/2020\/09\/okno-nad-kuchynskou-linkou-1-870x580.jpg 870w, https:\/\/www.cedera-okna.sk\/wp-content\/uploads\/2020\/09\/okno-nad-kuchynskou-linkou-1-390x260.jpg 390w, https:\/\/www.cedera-okna.sk\/wp-content\/uploads\/2020\/09\/okno-nad-kuchynskou-linkou-1-1170x780.jpg 1170w\" sizes=\"(max-width: 1024px) 100vw, 1024px\" \/><\/p>\n<p>Alternat\u00edvou k dreven\u00fdm okn\u00e1m s\u00fa <a href=\"http:\/\/cedera-okna.sk\/sk\/drevohlinikove-okna\/\"><b>drevohlin\u00edkov\u00e9 okn\u00e1<\/b><\/a>. Vonkaj\u0161\u00ed r\u00e1m t\u00fdchto okien je vyroben\u00fd z hlin\u00edku, zatia\u013e \u010do ten vn\u00fatorn\u00fd ost\u00e1va dreven\u00fd. Drevohlin\u00edkov\u00e9 okn\u00e1 s\u00fa tak z vonkaj\u0161ku chr\u00e1nen\u00e9 pred v\u00fdkyvmi tepl\u00f4t, vetrom \u010di da\u017e\u010fom. Z vn\u00fatornej strany na nich ale m\u00f4\u017ee nepriaznivo p\u00f4sobi\u0165 vlhkos\u0165, ktor\u00e1 sa v kuchyni pri varen\u00ed vytv\u00e1ra.<\/p>\n<p>Ide\u00e1lnou vo\u013ebou s\u00fa preto <a href=\"http:\/\/cedera-okna.sk\/sk\/plastove-okna-bratislava\/\"><b>plastov\u00e9 okn\u00e1<\/b><\/a>. Tie dnes prich\u00e1dzaj\u00fa v mnoh\u00fdch dekoroch, ktor\u00e9 sp\u013a\u0148aj\u00fa predstavy aj t\u00fdch najn\u00e1ro\u010dnej\u0161\u00edch. <b>Plastov\u00e9 okn\u00e1 do kuchyne<\/b> s\u00fa cenovo prijate\u013enej\u0161ie, nen\u00e1ro\u010dn\u00e9 na \u00fadr\u017ebu a vyzna\u010duj\u00fa sa tie\u017e dlhou \u017eivotnos\u0165ou.<\/p>\n<h2>Typ okna, ktor\u00e9 pod\u010diarknu atmosf\u00e9ru v kuchyni<\/h2>\n<p>V s\u00fa\u010dasnosti v\u00fdrobcovia pon\u00fakaj\u00fa cel\u00fa radu okien r\u00f4znych rozmerov. M\u00f4\u017eete stavi\u0165 na okn\u00e1 s men\u0161\u00edmi aj v\u00e4\u010d\u0161\u00edmi presklen\u00fdmi plochami. Pri stavbe domu a v\u00fdbere ve\u013ekosti okien myslite aj na denn\u00e9 svetlo, ktor\u00e9 okn\u00e1 do kuchyne prepustia. To by malo by\u0165 jednou z hlavn\u00fdch premenn\u00fdch pri rozhodovan\u00ed.<\/p>\n<p>Okrem ve\u013ekosti mus\u00edte zvoli\u0165 do kuchyne aj spr\u00e1vny typ okna. Typ okna, ktor\u00fd do kuchyne zapadne v\u010faka svojim praktick\u00fdm vlastnostiam a samozrejme, esteticky interi\u00e9r dopln\u00ed a ozvl\u00e1\u0161tni.<\/p>\n<h2>Ak\u00e9 okn\u00e1 pozn\u00e1me?<\/h2>\n<h3>Pozd\u013a\u017ene okno do kuchyne<\/h3>\n<p>Mo\u017eno m\u00e1te vysok\u00e9 stropy alebo okno z praktick\u00fdch d\u00f4vodov nem\u00f4\u017eete umiestni\u0165 do \u00farovne o\u010d\u00ed. V tom pr\u00edpade je na mieste zv\u00e1\u017ei\u0165 <b>podlhovast\u00e9 okno do kuchyne<\/b>, ktor\u00e9 m\u00f4\u017ee sl\u00fa\u017ei\u0165 ako hlavn\u00e9, no tie\u017e ako doplnkov\u00e9 okno. Svetlo bude do kuchyne prenika\u0165 z v\u00fd\u0161ky. Navy\u0161e, okno p\u00f4sob\u00ed ako neoby\u010dajn\u00fd dizajnov\u00fd prvok. Jeho nev\u00fdhodou m\u00f4\u017ee by\u0165 zlo\u017eitej\u0161ia dostupnos\u0165 a tie\u017e fakt, \u017ee z okna nebudete ma\u0165 v\u00fdh\u013ead na okolie.<\/p>\n<h3>Panoramatick\u00e9 okno nad kuchynskou linkou<\/h3>\n<p>Ak v\u00e1m to dispoz\u00edcia kuchyne umo\u017e\u0148uje, okno m\u00f4\u017eete umiestni\u0165 aj nad kuchynsk\u00fa linku. A to najm\u00e4 v pr\u00edpade, pokia\u013e sa v\u00e1m z kuchyne naskyt\u00e1 dychber\u00faci v\u00fdh\u013ead na okolit\u00fa pr\u00edrodu alebo mesto. Pr\u00edprava chutn\u00fdch pokrmov sa v\u010faka panoramatick\u00e9mu oknu nad <b>kuchynskou linkou<\/b> pre v\u00e1s stane z\u00e1\u017eitkom.<\/p>\n<p><img decoding=\"async\" class=\"size-large wp-image-8460\" src=\"http:\/\/cedera-okna.sk\/wp-content\/uploads\/2020\/09\/okno-nad-kuchynskou-linkou-2-1024x311.jpg\" alt=\"\" width=\"1024\" height=\"311\" srcset=\"https:\/\/www.cedera-okna.sk\/wp-content\/uploads\/2020\/09\/okno-nad-kuchynskou-linkou-2-1024x311.jpg 1024w, https:\/\/www.cedera-okna.sk\/wp-content\/uploads\/2020\/09\/okno-nad-kuchynskou-linkou-2-300x91.jpg 300w, https:\/\/www.cedera-okna.sk\/wp-content\/uploads\/2020\/09\/okno-nad-kuchynskou-linkou-2-768x234.jpg 768w, https:\/\/www.cedera-okna.sk\/wp-content\/uploads\/2020\/09\/okno-nad-kuchynskou-linkou-2-1536x467.jpg 1536w, https:\/\/www.cedera-okna.sk\/wp-content\/uploads\/2020\/09\/okno-nad-kuchynskou-linkou-2-2048x623.jpg 2048w, https:\/\/www.cedera-okna.sk\/wp-content\/uploads\/2020\/09\/okno-nad-kuchynskou-linkou-2-870x265.jpg 870w, https:\/\/www.cedera-okna.sk\/wp-content\/uploads\/2020\/09\/okno-nad-kuchynskou-linkou-2-390x119.jpg 390w, https:\/\/www.cedera-okna.sk\/wp-content\/uploads\/2020\/09\/okno-nad-kuchynskou-linkou-2-1170x356.jpg 1170w\" sizes=\"(max-width: 1024px) 100vw, 1024px\" \/><\/p>\n<p>V\u00fdnimkou v kuchyni nie je ani<b> stre\u0161n\u00e9 okno<\/b>, ktor\u00e9 je skvelou vo\u013ebou do podkrovn\u00fdch kuch\u00fd\u0148 \u010di <a href=\"http:\/\/cedera-okna.sk\/sk\/posuvne-dvere-okna\/\"><b>franc\u00fazske okno<\/b><\/a>, ktor\u00e9 miestnos\u0165 presvetl\u00ed a stane sa jej dominantou.<\/p>\n<h2>Na \u010do si da\u0165 pri v\u00fdbere okna do kuchyne pozor?<\/h2>\n<p>Pri v\u00fdbere okna do kuchyne pozerajte na zna\u010dku a referencie v\u00fdrobcov. Okn\u00e1 by mali by\u0165 <b>nad\u010dasov\u00e9, funk\u010dn\u00e9, odoln\u00e9 vo\u010di starnutiu aj nepriazniv\u00fdm vplyvom po\u010dasia a farebne st\u00e1le<\/b>. Nechcete predsa, aby stratili po chv\u00edli zmenili svoj pr\u00edjemn\u00fd vzh\u013ead.<\/p>\n<p>Samozrejmos\u0165ou je aj <b>zdravotn\u00e1 nez\u00e1vadnos\u0165, odolnos\u0165 vo\u010di po\u010dasiu, vlhkosti a mechanick\u00fdm vplyvom a nen\u00e1ro\u010dn\u00e1 \u00fadr\u017eba<\/b>. Po\u017eiadavky sp\u013a\u0148aj\u00fa <a href=\"http:\/\/cedera-okna.sk\/sk\/plastove-okna-salamander\/\"><b>plastov\u00e9 okn\u00e1 Salamander<\/b><\/a>, ktor\u00e9 sa vyzna\u010duj\u00fa aj vynikaj\u00facimi tepelnoizola\u010dn\u00fdmi vlastnos\u0165ami. U\u017e sa teda sta\u010d\u00ed rozhodn\u00fa\u0165 len pre typ a rozmer okna, ktor\u00fd spln\u00ed va\u0161e po\u017eiadavky.[\/vc_column_text][\/vc_column][\/vc_row][vc_row][vc_column][vc_column_text]<\/p>\n<h2 style=\"text-align: center;\">Potrebujete poradi\u0165 s v\u00fdberom okien do kuchyne?<br \/>\nVypl\u0148te formul\u00e1r ni\u017e\u0161ie a ozveme sa v\u00e1m do 24 hod\u00edn.<\/h2>\n<p>[\/vc_column_text]\n<div class=\"wpcf7 no-js\" id=\"wpcf7-f2486-o1\" lang=\"sk-SK\" dir=\"ltr\" data-wpcf7-id=\"2486\">\n<div class=\"screen-reader-response\"><p role=\"status\" aria-live=\"polite\" aria-atomic=\"true\"><\/p> <ul><\/ul><\/div>\n<form action=\"\/sk\/wp-json\/wp\/v2\/posts\/8452#wpcf7-f2486-o1\" method=\"post\" class=\"wpcf7-form init\" aria-label=\"Kontaktn\u00fd formul\u00e1r\" novalidate=\"novalidate\" data-status=\"init\">\n<fieldset class=\"hidden-fields-container\"><input type=\"hidden\" name=\"_wpcf7\" value=\"2486\" \/><input type=\"hidden\" name=\"_wpcf7_version\" value=\"6.1.5\" \/><input type=\"hidden\" name=\"_wpcf7_locale\" value=\"sk_SK\" \/><input type=\"hidden\" name=\"_wpcf7_unit_tag\" value=\"wpcf7-f2486-o1\" \/><input type=\"hidden\" name=\"_wpcf7_container_post\" value=\"0\" \/><input type=\"hidden\" name=\"_wpcf7_posted_data_hash\" value=\"\" \/><input type=\"hidden\" name=\"_wpcf7_recaptcha_response\" value=\"\" \/>\n<\/fieldset>\n<p><label><br \/>\n<span class=\"wpcf7-form-control-wrap\" data-name=\"your-name\"><input size=\"40\" maxlength=\"400\" class=\"wpcf7-form-control wpcf7-text wpcf7-validates-as-required\" aria-required=\"true\" aria-invalid=\"false\" placeholder=\"Meno*\" value=\"\" type=\"text\" name=\"your-name\" \/><\/span> <\/label>\n<\/p>\n<div class=\"sc_form_info columns_wrap\">\n\t<div class=\"sc_form_item sc_form_field label_over column-1_2\">\n\t\t<p><label><br \/>\n<span class=\"wpcf7-form-control-wrap\" data-name=\"your-telefon\"><input size=\"40\" maxlength=\"400\" class=\"wpcf7-form-control wpcf7-tel wpcf7-validates-as-required wpcf7-text wpcf7-validates-as-tel\" aria-required=\"true\" aria-invalid=\"false\" placeholder=\"Telef\u00f3n*\" value=\"\" type=\"tel\" name=\"your-telefon\" \/><\/span> <\/label>\n\t\t<\/p>\n\t<\/div>\n\t<div class=\"sc_form_item sc_form_field label_over column-1_2 pading0\">\n\t\t<p><label><br \/>\n<span class=\"wpcf7-form-control-wrap\" data-name=\"your-email\"><input size=\"40\" maxlength=\"400\" class=\"wpcf7-form-control wpcf7-email wpcf7-validates-as-required wpcf7-text wpcf7-validates-as-email\" aria-required=\"true\" aria-invalid=\"false\" placeholder=\"E-mail*\" value=\"\" type=\"email\" name=\"your-email\" \/><\/span><\/label>\n\t\t<\/p>\n\t<\/div>\n<\/div>\n<p><label><br \/>\n<span class=\"wpcf7-form-control-wrap\" data-name=\"your-message\"><textarea cols=\"40\" rows=\"10\" maxlength=\"2000\" class=\"wpcf7-form-control wpcf7-textarea\" aria-invalid=\"false\" placeholder=\"Pros\u00edm kontaktujte ma oh\u013eadom...\" name=\"your-message\"><\/textarea><\/span> <\/label>\n<\/p>\n<p><span class=\"wpcf7-form-control-wrap\" data-name=\"checkbox-597\"><span class=\"wpcf7-form-control wpcf7-checkbox wpcf7-validates-as-required\"><span class=\"wpcf7-list-item first last\"><input type=\"checkbox\" name=\"checkbox-597[]\" value=\"S\u00fahlas\u00edm so zpracovan\u00edm osobn\u00fdch \u00fadajov*\" \/><span class=\"wpcf7-list-item-label\">S\u00fahlas\u00edm so zpracovan\u00edm osobn\u00fdch \u00fadajov*<\/span><\/span><\/span><\/span>\n<\/p>\n<p><input class=\"wpcf7-form-control wpcf7-submit has-spinner\" type=\"submit\" value=\"Posla\u0165 po\u017eiadavku\" \/>\n<\/p>\n<p>*polo\u017eka je povinn\u00e1\n<\/p><div class=\"wpcf7-response-output\" aria-hidden=\"true\"><\/div>\n<\/form>\n<\/div>\n[\/vc_column][\/vc_row]<\/p>\n<\/div>","protected":false},"excerpt":{"rendered":"<p>[vc_row][vc_column][vc_column_text]Kuchy\u0148a je du\u0161ou domova. Tr\u00e1vime v nej ve\u013ea \u010dasu s rodinou aj s priate\u013emi. Ide o miestnos\u0165, ktor\u00e1 v n\u00e1s vyvol\u00e1va pr\u00edjemn\u00e9 pocity. Sp\u00e1jame si ju s v\u00f4\u0148ou chutn\u00fdch pokrmov a teplom rodinn\u00e9ho kozuba. Aj preto jej mnoh\u00e9 dom\u00e1cnosti venuj\u00fa zv\u00fd\u0161en\u00fa pozornos\u0165. T\u00e1 sa odzrkad\u013euje na zariaden\u00ed kuchyne, no tie\u017e na v\u00fdbere okien, ich dizajne, [&hellip;]<\/p>\n","protected":false},"author":3,"featured_media":0,"comment_status":"closed","ping_status":"closed","sticky":false,"template":"","format":"standard","meta":{"footnotes":""},"categories":[],"tags":[],"class_list":["post-8452","post","type-post","status-publish","format-standard","hentry"],"yoast_head":"<!-- This site is optimized with the Yoast SEO plugin v27.4 - https:\/\/yoast.com\/product\/yoast-seo-wordpress\/ -->\n<title>Ako si vybra\u0165 okn\u00e1 do kuchyne? Okno nad kuchynskou linkou | Cedera<\/title>\n<meta name=\"description\" content=\"Kuchy\u0148a je du\u0161ou domova. Na \u010do by ste sa pri v\u00fdbere okien do kuchyne mali zamera\u0165? Dizajn, praktick\u00e9 vlastnosti a v neposlednom rade ve\u013ekos\u0165 okien do kuchyne.\" \/>\n<meta name=\"robots\" content=\"index, follow, max-snippet:-1, max-image-preview:large, max-video-preview:-1\" \/>\n<link rel=\"canonical\" href=\"https:\/\/www.cedera-okna.sk\/sk\/ako-si-vybrat-okna-do-kuchyne\/\" \/>\n<meta property=\"og:locale\" content=\"sk_SK\" \/>\n<meta property=\"og:type\" content=\"article\" \/>\n<meta property=\"og:title\" content=\"Ako si vybra\u0165 okn\u00e1 do kuchyne? Okno nad kuchynskou linkou | Cedera\" \/>\n<meta property=\"og:description\" content=\"Kuchy\u0148a je du\u0161ou domova. Na \u010do by ste sa pri v\u00fdbere okien do kuchyne mali zamera\u0165? Dizajn, praktick\u00e9 vlastnosti a v neposlednom rade ve\u013ekos\u0165 okien do kuchyne.\" \/>\n<meta property=\"og:url\" content=\"https:\/\/www.cedera-okna.sk\/sk\/ako-si-vybrat-okna-do-kuchyne\/\" \/>\n<meta property=\"og:site_name\" content=\"Cedera\" \/>\n<meta property=\"article:publisher\" content=\"https:\/\/www.facebook.com\/okna.cedera\/\" \/>\n<meta property=\"article:published_time\" content=\"2020-09-06T18:49:04+00:00\" \/>\n<meta property=\"article:modified_time\" content=\"2020-09-07T16:21:59+00:00\" \/>\n<meta property=\"og:image\" content=\"http:\/\/cedera-okna.sk\/wp-content\/uploads\/2020\/09\/okno-nad-kuchynskou-linkou-1-1024x683.jpg\" \/>\n<meta name=\"author\" content=\"Cedera\" \/>\n<meta name=\"twitter:label1\" content=\"Autor\" \/>\n\t<meta name=\"twitter:data1\" content=\"Cedera\" \/>\n\t<meta name=\"twitter:label2\" content=\"Predpokladan\u00fd \u010das \u010d\u00edtania\" \/>\n\t<meta name=\"twitter:data2\" content=\"4 min\u00faty\" \/>\n<!-- \/ Yoast SEO plugin. -->","yoast_head_json":{"title":"Ako si vybra\u0165 okn\u00e1 do kuchyne? Okno nad kuchynskou linkou | Cedera","description":"Kuchy\u0148a je du\u0161ou domova. Na \u010do by ste sa pri v\u00fdbere okien do kuchyne mali zamera\u0165? Dizajn, praktick\u00e9 vlastnosti a v neposlednom rade ve\u013ekos\u0165 okien do kuchyne.","robots":{"index":"index","follow":"follow","max-snippet":"max-snippet:-1","max-image-preview":"max-image-preview:large","max-video-preview":"max-video-preview:-1"},"canonical":"https:\/\/www.cedera-okna.sk\/sk\/ako-si-vybrat-okna-do-kuchyne\/","og_locale":"sk_SK","og_type":"article","og_title":"Ako si vybra\u0165 okn\u00e1 do kuchyne? Okno nad kuchynskou linkou | Cedera","og_description":"Kuchy\u0148a je du\u0161ou domova. Na \u010do by ste sa pri v\u00fdbere okien do kuchyne mali zamera\u0165? Dizajn, praktick\u00e9 vlastnosti a v neposlednom rade ve\u013ekos\u0165 okien do kuchyne.","og_url":"https:\/\/www.cedera-okna.sk\/sk\/ako-si-vybrat-okna-do-kuchyne\/","og_site_name":"Cedera","article_publisher":"https:\/\/www.facebook.com\/okna.cedera\/","article_published_time":"2020-09-06T18:49:04+00:00","article_modified_time":"2020-09-07T16:21:59+00:00","og_image":[{"url":"http:\/\/cedera-okna.sk\/wp-content\/uploads\/2020\/09\/okno-nad-kuchynskou-linkou-1-1024x683.jpg","type":"","width":"","height":""}],"author":"Cedera","twitter_misc":{"Autor":"Cedera","Predpokladan\u00fd \u010das \u010d\u00edtania":"4 min\u00faty"},"schema":{"@context":"https:\/\/schema.org","@graph":[{"@type":"Article","@id":"https:\/\/www.cedera-okna.sk\/sk\/ako-si-vybrat-okna-do-kuchyne\/#article","isPartOf":{"@id":"https:\/\/www.cedera-okna.sk\/sk\/ako-si-vybrat-okna-do-kuchyne\/"},"author":{"name":"Cedera","@id":"https:\/\/www.cedera-okna.sk\/sk\/#\/schema\/person\/5472b16fb96c7eb561b42b471d6142bd"},"headline":"Ako si vybra\u0165 okn\u00e1 do kuchyne?","datePublished":"2020-09-06T18:49:04+00:00","dateModified":"2020-09-07T16:21:59+00:00","mainEntityOfPage":{"@id":"https:\/\/www.cedera-okna.sk\/sk\/ako-si-vybrat-okna-do-kuchyne\/"},"wordCount":774,"publisher":{"@id":"https:\/\/www.cedera-okna.sk\/sk\/#organization"},"image":{"@id":"https:\/\/www.cedera-okna.sk\/sk\/ako-si-vybrat-okna-do-kuchyne\/#primaryimage"},"thumbnailUrl":"http:\/\/cedera-okna.sk\/wp-content\/uploads\/2020\/09\/okno-nad-kuchynskou-linkou-1-1024x683.jpg","inLanguage":"sk-SK"},{"@type":"WebPage","@id":"https:\/\/www.cedera-okna.sk\/sk\/ako-si-vybrat-okna-do-kuchyne\/","url":"https:\/\/www.cedera-okna.sk\/sk\/ako-si-vybrat-okna-do-kuchyne\/","name":"Ako si vybra\u0165 okn\u00e1 do kuchyne? Okno nad kuchynskou linkou | Cedera","isPartOf":{"@id":"https:\/\/www.cedera-okna.sk\/sk\/#website"},"primaryImageOfPage":{"@id":"https:\/\/www.cedera-okna.sk\/sk\/ako-si-vybrat-okna-do-kuchyne\/#primaryimage"},"image":{"@id":"https:\/\/www.cedera-okna.sk\/sk\/ako-si-vybrat-okna-do-kuchyne\/#primaryimage"},"thumbnailUrl":"http:\/\/cedera-okna.sk\/wp-content\/uploads\/2020\/09\/okno-nad-kuchynskou-linkou-1-1024x683.jpg","datePublished":"2020-09-06T18:49:04+00:00","dateModified":"2020-09-07T16:21:59+00:00","description":"Kuchy\u0148a je du\u0161ou domova. Na \u010do by ste sa pri v\u00fdbere okien do kuchyne mali zamera\u0165? Dizajn, praktick\u00e9 vlastnosti a v neposlednom rade ve\u013ekos\u0165 okien do kuchyne.","breadcrumb":{"@id":"https:\/\/www.cedera-okna.sk\/sk\/ako-si-vybrat-okna-do-kuchyne\/#breadcrumb"},"inLanguage":"sk-SK","potentialAction":[{"@type":"ReadAction","target":["https:\/\/www.cedera-okna.sk\/sk\/ako-si-vybrat-okna-do-kuchyne\/"]}]},{"@type":"ImageObject","inLanguage":"sk-SK","@id":"https:\/\/www.cedera-okna.sk\/sk\/ako-si-vybrat-okna-do-kuchyne\/#primaryimage","url":"http:\/\/cedera-okna.sk\/wp-content\/uploads\/2020\/09\/okno-nad-kuchynskou-linkou-1-1024x683.jpg","contentUrl":"http:\/\/cedera-okna.sk\/wp-content\/uploads\/2020\/09\/okno-nad-kuchynskou-linkou-1-1024x683.jpg"},{"@type":"BreadcrumbList","@id":"https:\/\/www.cedera-okna.sk\/sk\/ako-si-vybrat-okna-do-kuchyne\/#breadcrumb","itemListElement":[{"@type":"ListItem","position":1,"name":"Domovsk\u00e1 str\u00e1nka","item":"https:\/\/www.cedera-okna.sk\/sk\/"},{"@type":"ListItem","position":2,"name":"Ako si vybra\u0165 okn\u00e1 do kuchyne?"}]},{"@type":"WebSite","@id":"https:\/\/www.cedera-okna.sk\/sk\/#website","url":"https:\/\/www.cedera-okna.sk\/sk\/","name":"Cedera","description":"Plastov\u00e9 okn\u00e1 Bratislava","publisher":{"@id":"https:\/\/www.cedera-okna.sk\/sk\/#organization"},"potentialAction":[{"@type":"SearchAction","target":{"@type":"EntryPoint","urlTemplate":"https:\/\/www.cedera-okna.sk\/sk\/?s={search_term_string}"},"query-input":{"@type":"PropertyValueSpecification","valueRequired":true,"valueName":"search_term_string"}}],"inLanguage":"sk-SK"},{"@type":"Organization","@id":"https:\/\/www.cedera-okna.sk\/sk\/#organization","name":"CEDERA s.r.o.","url":"https:\/\/www.cedera-okna.sk\/sk\/","logo":{"@type":"ImageObject","inLanguage":"sk-SK","@id":"https:\/\/www.cedera-okna.sk\/sk\/#\/schema\/logo\/image\/","url":"https:\/\/www.cedera-okna.sk\/wp-content\/uploads\/2018\/10\/Cedera-logo.png","contentUrl":"https:\/\/www.cedera-okna.sk\/wp-content\/uploads\/2018\/10\/Cedera-logo.png","width":190,"height":66,"caption":"CEDERA s.r.o."},"image":{"@id":"https:\/\/www.cedera-okna.sk\/sk\/#\/schema\/logo\/image\/"},"sameAs":["https:\/\/www.facebook.com\/okna.cedera\/"]},{"@type":"Person","@id":"https:\/\/www.cedera-okna.sk\/sk\/#\/schema\/person\/5472b16fb96c7eb561b42b471d6142bd","name":"Cedera","url":"https:\/\/www.cedera-okna.sk\/sk\/author\/cedera\/"}]}},"_links":{"self":[{"href":"https:\/\/www.cedera-okna.sk\/sk\/wp-json\/wp\/v2\/posts\/8452","targetHints":{"allow":["GET"]}}],"collection":[{"href":"https:\/\/www.cedera-okna.sk\/sk\/wp-json\/wp\/v2\/posts"}],"about":[{"href":"https:\/\/www.cedera-okna.sk\/sk\/wp-json\/wp\/v2\/types\/post"}],"author":[{"embeddable":true,"href":"https:\/\/www.cedera-okna.sk\/sk\/wp-json\/wp\/v2\/users\/3"}],"replies":[{"embeddable":true,"href":"https:\/\/www.cedera-okna.sk\/sk\/wp-json\/wp\/v2\/comments?post=8452"}],"version-history":[{"count":6,"href":"https:\/\/www.cedera-okna.sk\/sk\/wp-json\/wp\/v2\/posts\/8452\/revisions"}],"predecessor-version":[{"id":8469,"href":"https:\/\/www.cedera-okna.sk\/sk\/wp-json\/wp\/v2\/posts\/8452\/revisions\/8469"}],"wp:attachment":[{"href":"https:\/\/www.cedera-okna.sk\/sk\/wp-json\/wp\/v2\/media?parent=8452"}],"wp:term":[{"taxonomy":"category","embeddable":true,"href":"https:\/\/www.cedera-okna.sk\/sk\/wp-json\/wp\/v2\/categories?post=8452"},{"taxonomy":"post_tag","embeddable":true,"href":"https:\/\/www.cedera-okna.sk\/sk\/wp-json\/wp\/v2\/tags?post=8452"}],"curies":[{"name":"wp","href":"https:\/\/api.w.org\/{rel}","templated":true}]}}