{"id":7656,"date":"2020-01-19T09:25:12","date_gmt":"2020-01-19T08:25:12","guid":{"rendered":"http:\/\/cedera-okna.sk\/sk\/?p=7656"},"modified":"2020-02-01T20:30:51","modified_gmt":"2020-02-01T19:30:51","slug":"ako-spravne-vetrat","status":"publish","type":"post","link":"https:\/\/www.cedera-okna.sk\/sk\/ako-spravne-vetrat\/","title":{"rendered":"Ako spr\u00e1vne vetra\u0165 byt alebo dom v zime"},"content":{"rendered":"<div class=\"wpb-content-wrapper\"><p>[vc_row][vc_column][vc_column_text]<strong>Spr\u00e1vne vetranie miestnost\u00ed je d\u00f4le\u017eit\u00e9 nielen v lete, ale predov\u0161etk\u00fdm v zime, kedy s\u00fa domy a byty viac uzavret\u00e9. Ak m\u00e1te v miestnostiach \u010dasto zarosen\u00e9 okn\u00e1, mali by ste vetraniu venova\u0165 pozornos\u0165.<\/strong>[\/vc_column_text][\/vc_column][\/vc_row][vc_row][vc_column][vc_column_text]Preto, aby sa v\u00e1m v miestnostiach nezr\u00e1\u017eala vlhkos\u0165 a nevytv\u00e1rali sa tak podmienky pre vznik plesn\u00ed, je nutn\u00e9 pravidelne vetra\u0165. Pri spr\u00e1vnom vetrani\u00ed by sa mal vzduch v miestnostiach \u00faplne vymeni\u0165.<\/p>\n<p>Spr\u00e1vna technika vetrania je d\u00f4le\u017eit\u00e1 predov\u0161etk\u00fdm, ak m\u00e1te <a href=\"http:\/\/cedera-okna.sk\/sk\/plastove-okna-bratislava\/\"><strong>plastov\u00e9 okn\u00e1<\/strong><\/a>, ktor\u00e1 oproti predt\u00fdm pou\u017e\u00edvan\u00fdm materi\u00e1lom ve\u013emi dobre tesn\u00ed. Len d\u00fdchan\u00edm ka\u017ed\u00fd z n\u00e1s vyl\u00fa\u010di do vzduchu ve\u013ek\u00e9 mno\u017estvo vody. \u010eal\u0161\u00edmi \u010dast\u00fdmi producentmi vlhkosti s\u00fa varenie a su\u0161enie bielizne vn\u00fatri v byte.<\/p>\n<p>Ako teda spr\u00e1vne vetra\u0165? Ka\u017ed\u00e9 r\u00e1no by sme mali vyvetra\u0165 v\u0161etky miestnosti dokor\u00e1n otvoren\u00fdmi oknami po dobu cca 5 min\u00fat. Ak m\u00f4\u017eeme urobi\u0165 medzi jednotliv\u00fdmi miestnos\u0165ami prievan, bude doba vetrania krat\u0161\u00ed, preto\u017ee sa vzduch vymen\u00ed r\u00fdchlej\u0161ie. Je d\u00f4le\u017eit\u00e9, aby sa vymenil v\u0161etok vzduch v miestnostiach. V zime spravidla sta\u010d\u00ed krat\u0161ia doba vetranie ako v lete. Plat\u00ed pravidlo: krat\u0161ia doba vetrania, ale intenz\u00edvne. Z tohto d\u00f4vodu nie je vhodn\u00e9 pou\u017e\u00edva\u0165 v\u00fdklopn\u00e9 ventil\u00e1cie, ktor\u00e9 s\u00fa hlavne v zime ve\u013emi nehospod\u00e1rne vzh\u013eadom na vykurovanie. V priebehu d\u0148a potom vetr\u00e1me pod\u013ea potreby. Napr\u00edklad v pracovni nie je nutn\u00e9 vetra\u0165 tak \u010dasto ako v k\u00fape\u013eni alebo kuchyni. V zime po vyvetran\u00ed op\u00e4\u0165 zak\u00farime.<\/p>\n<p>Ak u v\u00e1s doma pretrv\u00e1vaj\u00fa <a href=\"http:\/\/cedera-okna.sk\/sk\/ako-sa-zbavit-plesne-okolo-okien\/\"><strong>probl\u00e9my s orosen\u00fdmi oknami<\/strong><\/a>, je vhodn\u00e9 obmedzi\u0165 zdroje vlhkosti. Sk\u00faste sa vyvarova\u0165 su\u0161enia bielizne v interi\u00e9ri a pri varen\u00ed pou\u017e\u00edva\u0165 na hrnce pokrievky alebo v\u00fdkonn\u00fd digestor.[\/vc_column_text][\/vc_column][\/vc_row][vc_row][vc_column][vc_column_text]<\/p>\n<h2 style=\"text-align: center;\">Potrebujete poradi\u0165 s v\u00fdberom nov\u00fdch okien?<br \/>\nVypl\u0148te formul\u00e1r ni\u017e\u0161ie a ozveme sa v\u00e1m do 24 hod\u00edn.<\/h2>\n<p>[\/vc_column_text]\n<div class=\"wpcf7 no-js\" id=\"wpcf7-f2486-o1\" lang=\"sk-SK\" dir=\"ltr\" data-wpcf7-id=\"2486\">\n<div class=\"screen-reader-response\"><p role=\"status\" aria-live=\"polite\" aria-atomic=\"true\"><\/p> <ul><\/ul><\/div>\n<form action=\"\/sk\/wp-json\/wp\/v2\/posts\/7656#wpcf7-f2486-o1\" method=\"post\" class=\"wpcf7-form init\" aria-label=\"Kontaktn\u00fd formul\u00e1r\" novalidate=\"novalidate\" data-status=\"init\">\n<fieldset class=\"hidden-fields-container\"><input type=\"hidden\" name=\"_wpcf7\" value=\"2486\" \/><input type=\"hidden\" name=\"_wpcf7_version\" value=\"6.1.5\" \/><input type=\"hidden\" name=\"_wpcf7_locale\" value=\"sk_SK\" \/><input type=\"hidden\" name=\"_wpcf7_unit_tag\" value=\"wpcf7-f2486-o1\" \/><input type=\"hidden\" name=\"_wpcf7_container_post\" value=\"0\" \/><input type=\"hidden\" name=\"_wpcf7_posted_data_hash\" value=\"\" \/><input type=\"hidden\" name=\"_wpcf7_recaptcha_response\" value=\"\" \/>\n<\/fieldset>\n<p><label><br \/>\n<span class=\"wpcf7-form-control-wrap\" data-name=\"your-name\"><input size=\"40\" maxlength=\"400\" class=\"wpcf7-form-control wpcf7-text wpcf7-validates-as-required\" aria-required=\"true\" aria-invalid=\"false\" placeholder=\"Meno*\" value=\"\" type=\"text\" name=\"your-name\" \/><\/span> <\/label>\n<\/p>\n<div class=\"sc_form_info columns_wrap\">\n\t<div class=\"sc_form_item sc_form_field label_over column-1_2\">\n\t\t<p><label><br \/>\n<span class=\"wpcf7-form-control-wrap\" data-name=\"your-telefon\"><input size=\"40\" maxlength=\"400\" class=\"wpcf7-form-control wpcf7-tel wpcf7-validates-as-required wpcf7-text wpcf7-validates-as-tel\" aria-required=\"true\" aria-invalid=\"false\" placeholder=\"Telef\u00f3n*\" value=\"\" type=\"tel\" name=\"your-telefon\" \/><\/span> <\/label>\n\t\t<\/p>\n\t<\/div>\n\t<div class=\"sc_form_item sc_form_field label_over column-1_2 pading0\">\n\t\t<p><label><br \/>\n<span class=\"wpcf7-form-control-wrap\" data-name=\"your-email\"><input size=\"40\" maxlength=\"400\" class=\"wpcf7-form-control wpcf7-email wpcf7-validates-as-required wpcf7-text wpcf7-validates-as-email\" aria-required=\"true\" aria-invalid=\"false\" placeholder=\"E-mail*\" value=\"\" type=\"email\" name=\"your-email\" \/><\/span><\/label>\n\t\t<\/p>\n\t<\/div>\n<\/div>\n<p><label><br \/>\n<span class=\"wpcf7-form-control-wrap\" data-name=\"your-message\"><textarea cols=\"40\" rows=\"10\" maxlength=\"2000\" class=\"wpcf7-form-control wpcf7-textarea\" aria-invalid=\"false\" placeholder=\"Pros\u00edm kontaktujte ma oh\u013eadom...\" name=\"your-message\"><\/textarea><\/span> <\/label>\n<\/p>\n<p><span class=\"wpcf7-form-control-wrap\" data-name=\"checkbox-597\"><span class=\"wpcf7-form-control wpcf7-checkbox wpcf7-validates-as-required\"><span class=\"wpcf7-list-item first last\"><input type=\"checkbox\" name=\"checkbox-597[]\" value=\"S\u00fahlas\u00edm so zpracovan\u00edm osobn\u00fdch \u00fadajov*\" \/><span class=\"wpcf7-list-item-label\">S\u00fahlas\u00edm so zpracovan\u00edm osobn\u00fdch \u00fadajov*<\/span><\/span><\/span><\/span>\n<\/p>\n<p><input class=\"wpcf7-form-control wpcf7-submit has-spinner\" type=\"submit\" value=\"Posla\u0165 po\u017eiadavku\" \/>\n<\/p>\n<p>*polo\u017eka je povinn\u00e1\n<\/p><div class=\"wpcf7-response-output\" aria-hidden=\"true\"><\/div>\n<\/form>\n<\/div>\n[\/vc_column][\/vc_row]<\/p>\n<\/div>","protected":false},"excerpt":{"rendered":"<p>[vc_row][vc_column][vc_column_text]Spr\u00e1vne vetranie miestnost\u00ed je d\u00f4le\u017eit\u00e9 nielen v lete, ale predov\u0161etk\u00fdm v zime, kedy s\u00fa domy a byty viac uzavret\u00e9. Ak m\u00e1te v miestnostiach \u010dasto zarosen\u00e9 okn\u00e1, mali by ste vetraniu venova\u0165 pozornos\u0165.[\/vc_column_text][\/vc_column][\/vc_row][vc_row][vc_column][vc_column_text]Preto, aby sa v\u00e1m v miestnostiach nezr\u00e1\u017eala vlhkos\u0165 a nevytv\u00e1rali sa tak podmienky pre vznik plesn\u00ed, je nutn\u00e9 pravidelne vetra\u0165. Pri spr\u00e1vnom vetrani\u00ed by [&hellip;]<\/p>\n","protected":false},"author":3,"featured_media":0,"comment_status":"closed","ping_status":"closed","sticky":false,"template":"","format":"standard","meta":{"footnotes":""},"categories":[],"tags":[],"class_list":["post-7656","post","type-post","status-publish","format-standard","hentry"],"yoast_head":"<!-- This site is optimized with the Yoast SEO plugin v27.4 - https:\/\/yoast.com\/product\/yoast-seo-wordpress\/ -->\n<title>Ako spr\u00e1vne vetra\u0165 v zime - spr\u00e1vne vetranie bytu a domu | Cedera<\/title>\n<meta name=\"description\" content=\"Spr\u00e1vna technika vetrania je d\u00f4le\u017eit\u00e1 predov\u0161etk\u00fdm, ak m\u00e1te plastov\u00e9 okn\u00e1. \u2705 Ka\u017ed\u00e9 r\u00e1no by sme mali vyvetra\u0165 v\u0161etky miestnosti dokor\u00e1n otvoren\u00fdmi oknami po dobu cca 5 min\u00fat.\" \/>\n<meta name=\"robots\" content=\"index, follow, max-snippet:-1, max-image-preview:large, max-video-preview:-1\" \/>\n<link rel=\"canonical\" href=\"https:\/\/www.cedera-okna.sk\/sk\/ako-spravne-vetrat\/\" \/>\n<meta property=\"og:locale\" content=\"sk_SK\" \/>\n<meta property=\"og:type\" content=\"article\" \/>\n<meta property=\"og:title\" content=\"Ako spr\u00e1vne vetra\u0165 v zime - spr\u00e1vne vetranie bytu a domu | Cedera\" \/>\n<meta property=\"og:description\" content=\"Spr\u00e1vna technika vetrania je d\u00f4le\u017eit\u00e1 predov\u0161etk\u00fdm, ak m\u00e1te plastov\u00e9 okn\u00e1. \u2705 Ka\u017ed\u00e9 r\u00e1no by sme mali vyvetra\u0165 v\u0161etky miestnosti dokor\u00e1n otvoren\u00fdmi oknami po dobu cca 5 min\u00fat.\" \/>\n<meta property=\"og:url\" content=\"https:\/\/www.cedera-okna.sk\/sk\/ako-spravne-vetrat\/\" \/>\n<meta property=\"og:site_name\" content=\"Cedera\" \/>\n<meta property=\"article:publisher\" content=\"https:\/\/www.facebook.com\/okna.cedera\/\" \/>\n<meta property=\"article:published_time\" content=\"2020-01-19T08:25:12+00:00\" \/>\n<meta property=\"article:modified_time\" content=\"2020-02-01T19:30:51+00:00\" \/>\n<meta name=\"author\" content=\"Cedera\" \/>\n<meta name=\"twitter:label1\" content=\"Autor\" \/>\n\t<meta name=\"twitter:data1\" content=\"Cedera\" \/>\n\t<meta name=\"twitter:label2\" content=\"Predpokladan\u00fd \u010das \u010d\u00edtania\" \/>\n\t<meta name=\"twitter:data2\" content=\"2 min\u00faty\" \/>\n<!-- \/ Yoast SEO plugin. -->","yoast_head_json":{"title":"Ako spr\u00e1vne vetra\u0165 v zime - spr\u00e1vne vetranie bytu a domu | Cedera","description":"Spr\u00e1vna technika vetrania je d\u00f4le\u017eit\u00e1 predov\u0161etk\u00fdm, ak m\u00e1te plastov\u00e9 okn\u00e1. \u2705 Ka\u017ed\u00e9 r\u00e1no by sme mali vyvetra\u0165 v\u0161etky miestnosti dokor\u00e1n otvoren\u00fdmi oknami po dobu cca 5 min\u00fat.","robots":{"index":"index","follow":"follow","max-snippet":"max-snippet:-1","max-image-preview":"max-image-preview:large","max-video-preview":"max-video-preview:-1"},"canonical":"https:\/\/www.cedera-okna.sk\/sk\/ako-spravne-vetrat\/","og_locale":"sk_SK","og_type":"article","og_title":"Ako spr\u00e1vne vetra\u0165 v zime - spr\u00e1vne vetranie bytu a domu | Cedera","og_description":"Spr\u00e1vna technika vetrania je d\u00f4le\u017eit\u00e1 predov\u0161etk\u00fdm, ak m\u00e1te plastov\u00e9 okn\u00e1. \u2705 Ka\u017ed\u00e9 r\u00e1no by sme mali vyvetra\u0165 v\u0161etky miestnosti dokor\u00e1n otvoren\u00fdmi oknami po dobu cca 5 min\u00fat.","og_url":"https:\/\/www.cedera-okna.sk\/sk\/ako-spravne-vetrat\/","og_site_name":"Cedera","article_publisher":"https:\/\/www.facebook.com\/okna.cedera\/","article_published_time":"2020-01-19T08:25:12+00:00","article_modified_time":"2020-02-01T19:30:51+00:00","author":"Cedera","twitter_misc":{"Autor":"Cedera","Predpokladan\u00fd \u010das \u010d\u00edtania":"2 min\u00faty"},"schema":{"@context":"https:\/\/schema.org","@graph":[{"@type":"Article","@id":"https:\/\/www.cedera-okna.sk\/sk\/ako-spravne-vetrat\/#article","isPartOf":{"@id":"https:\/\/www.cedera-okna.sk\/sk\/ako-spravne-vetrat\/"},"author":{"name":"Cedera","@id":"https:\/\/www.cedera-okna.sk\/sk\/#\/schema\/person\/5472b16fb96c7eb561b42b471d6142bd"},"headline":"Ako spr\u00e1vne vetra\u0165 byt alebo dom v zime","datePublished":"2020-01-19T08:25:12+00:00","dateModified":"2020-02-01T19:30:51+00:00","mainEntityOfPage":{"@id":"https:\/\/www.cedera-okna.sk\/sk\/ako-spravne-vetrat\/"},"wordCount":391,"publisher":{"@id":"https:\/\/www.cedera-okna.sk\/sk\/#organization"},"inLanguage":"sk-SK"},{"@type":"WebPage","@id":"https:\/\/www.cedera-okna.sk\/sk\/ako-spravne-vetrat\/","url":"https:\/\/www.cedera-okna.sk\/sk\/ako-spravne-vetrat\/","name":"Ako spr\u00e1vne vetra\u0165 v zime - spr\u00e1vne vetranie bytu a domu | Cedera","isPartOf":{"@id":"https:\/\/www.cedera-okna.sk\/sk\/#website"},"datePublished":"2020-01-19T08:25:12+00:00","dateModified":"2020-02-01T19:30:51+00:00","description":"Spr\u00e1vna technika vetrania je d\u00f4le\u017eit\u00e1 predov\u0161etk\u00fdm, ak m\u00e1te plastov\u00e9 okn\u00e1. \u2705 Ka\u017ed\u00e9 r\u00e1no by sme mali vyvetra\u0165 v\u0161etky miestnosti dokor\u00e1n otvoren\u00fdmi oknami po dobu cca 5 min\u00fat.","breadcrumb":{"@id":"https:\/\/www.cedera-okna.sk\/sk\/ako-spravne-vetrat\/#breadcrumb"},"inLanguage":"sk-SK","potentialAction":[{"@type":"ReadAction","target":["https:\/\/www.cedera-okna.sk\/sk\/ako-spravne-vetrat\/"]}]},{"@type":"BreadcrumbList","@id":"https:\/\/www.cedera-okna.sk\/sk\/ako-spravne-vetrat\/#breadcrumb","itemListElement":[{"@type":"ListItem","position":1,"name":"Domovsk\u00e1 str\u00e1nka","item":"https:\/\/www.cedera-okna.sk\/sk\/"},{"@type":"ListItem","position":2,"name":"Ako spr\u00e1vne vetra\u0165 byt alebo dom v zime"}]},{"@type":"WebSite","@id":"https:\/\/www.cedera-okna.sk\/sk\/#website","url":"https:\/\/www.cedera-okna.sk\/sk\/","name":"Cedera","description":"Plastov\u00e9 okn\u00e1 Bratislava","publisher":{"@id":"https:\/\/www.cedera-okna.sk\/sk\/#organization"},"potentialAction":[{"@type":"SearchAction","target":{"@type":"EntryPoint","urlTemplate":"https:\/\/www.cedera-okna.sk\/sk\/?s={search_term_string}"},"query-input":{"@type":"PropertyValueSpecification","valueRequired":true,"valueName":"search_term_string"}}],"inLanguage":"sk-SK"},{"@type":"Organization","@id":"https:\/\/www.cedera-okna.sk\/sk\/#organization","name":"CEDERA s.r.o.","url":"https:\/\/www.cedera-okna.sk\/sk\/","logo":{"@type":"ImageObject","inLanguage":"sk-SK","@id":"https:\/\/www.cedera-okna.sk\/sk\/#\/schema\/logo\/image\/","url":"https:\/\/www.cedera-okna.sk\/wp-content\/uploads\/2018\/10\/Cedera-logo.png","contentUrl":"https:\/\/www.cedera-okna.sk\/wp-content\/uploads\/2018\/10\/Cedera-logo.png","width":190,"height":66,"caption":"CEDERA s.r.o."},"image":{"@id":"https:\/\/www.cedera-okna.sk\/sk\/#\/schema\/logo\/image\/"},"sameAs":["https:\/\/www.facebook.com\/okna.cedera\/"]},{"@type":"Person","@id":"https:\/\/www.cedera-okna.sk\/sk\/#\/schema\/person\/5472b16fb96c7eb561b42b471d6142bd","name":"Cedera","url":"https:\/\/www.cedera-okna.sk\/sk\/author\/cedera\/"}]}},"_links":{"self":[{"href":"https:\/\/www.cedera-okna.sk\/sk\/wp-json\/wp\/v2\/posts\/7656","targetHints":{"allow":["GET"]}}],"collection":[{"href":"https:\/\/www.cedera-okna.sk\/sk\/wp-json\/wp\/v2\/posts"}],"about":[{"href":"https:\/\/www.cedera-okna.sk\/sk\/wp-json\/wp\/v2\/types\/post"}],"author":[{"embeddable":true,"href":"https:\/\/www.cedera-okna.sk\/sk\/wp-json\/wp\/v2\/users\/3"}],"replies":[{"embeddable":true,"href":"https:\/\/www.cedera-okna.sk\/sk\/wp-json\/wp\/v2\/comments?post=7656"}],"version-history":[{"count":8,"href":"https:\/\/www.cedera-okna.sk\/sk\/wp-json\/wp\/v2\/posts\/7656\/revisions"}],"predecessor-version":[{"id":7682,"href":"https:\/\/www.cedera-okna.sk\/sk\/wp-json\/wp\/v2\/posts\/7656\/revisions\/7682"}],"wp:attachment":[{"href":"https:\/\/www.cedera-okna.sk\/sk\/wp-json\/wp\/v2\/media?parent=7656"}],"wp:term":[{"taxonomy":"category","embeddable":true,"href":"https:\/\/www.cedera-okna.sk\/sk\/wp-json\/wp\/v2\/categories?post=7656"},{"taxonomy":"post_tag","embeddable":true,"href":"https:\/\/www.cedera-okna.sk\/sk\/wp-json\/wp\/v2\/tags?post=7656"}],"curies":[{"name":"wp","href":"https:\/\/api.w.org\/{rel}","templated":true}]}}