{"id":7212,"date":"2019-09-07T14:49:39","date_gmt":"2019-09-07T12:49:39","guid":{"rendered":"http:\/\/cedera-okna.sk\/sk\/?p=7212"},"modified":"2020-08-08T21:07:56","modified_gmt":"2020-08-08T19:07:56","slug":"vyber-vonkajsie-exterierove-zaluzie","status":"publish","type":"post","link":"https:\/\/www.cedera-okna.sk\/sk\/vyber-vonkajsie-exterierove-zaluzie\/","title":{"rendered":"\u010co by ste mali vedie\u0165 o exteri\u00e9rov\u00fdch \u017eal\u00fazi\u00e1ch"},"content":{"rendered":"<div class=\"wpb-content-wrapper\"><p>[vc_row][vc_column][vc_column_text]<strong>Okrem interi\u00e9rov\u00fdch \u017eal\u00fazi\u00ed na trhu n\u00e1jdete aj tie exteri\u00e9rov\u00e9. Mnoh\u00ed v\u00fdrobcovia ich odpor\u00fa\u010daj\u00fa najm\u00e4 v pr\u00edpade, \u017ee s\u00fa va\u0161e okn\u00e1 ve\u013ek\u00e9 a orientovan\u00e9 na\u00a0 juh. Aj exteri\u00e9rov\u00e9 \u017eal\u00fazie chr\u00e1nia dom\u00e1cnos\u0165 pred nechcen\u00fdmi poh\u013eadmi a slne\u010dn\u00fdm \u017eiaren\u00edm.<\/strong>[\/vc_column_text][\/vc_column][\/vc_row][vc_row][vc_column width=&#8221;2\/3&#8243;][vc_column_text]<\/p>\n<h2>Ak\u00e9 s\u00fa v\u00fdhody vonkaj\u0161\u00edch \u017eal\u00fazi\u00ed?<\/h2>\n<ul>\n<li>\u017dal\u00fazie ochra\u0148uj\u00fa interi\u00e9r pred slnkom, \u010do ocen\u00edte v pr\u00edpade, \u017ee m\u00e1te doma n\u00e1bytok aj podlahy z dreva.<\/li>\n<li>Zabra\u0148uj\u00fa prehrievaniu interi\u00e9ru, dok\u00e1\u017eu zn\u00ed\u017ei\u0165 teplotu v miestnosti aj o 4 stupne.<\/li>\n<li>Chr\u00e1nia v\u00e1s pred zvedav\u00fdmi poh\u013eadmi va\u0161ich susedov.<\/li>\n<li>Poskytuj\u00fa ochranu okn\u00e1m a predl\u017euj\u00fa ich \u017eivotnos\u0165.<\/li>\n<li>S\u00fa tie\u017e skvel\u00fdm izolantom &#8211; nielen tepeln\u00fdm, ale aj zvukov\u00fdm.<\/li>\n<li>V zime \u0161etria energiu aj va\u0161u pe\u0148a\u017eenku &#8211; zamedzuj\u00fa tepeln\u00fdm \u00fanikom.<\/li>\n<\/ul>\n<p>\u017dal\u00fazie s\u00fa tie\u017e pomerne odoln\u00e9 vo\u010di vetru a da\u017e\u010fom. V pr\u00edpade extr\u00e9mnych vetern\u00fdch alebo da\u017e\u010fov\u00fdch vplyvov ich ale m\u00f4\u017eete jednoducho povytiahnu\u0165.[\/vc_column_text][\/vc_column][vc_column width=&#8221;1\/3&#8243;][vc_column_text]<\/p>\n<p>&nbsp;<\/p>\n<p>&nbsp;<\/p>\n<p><img decoding=\"async\" class=\"alignnone wp-image-68 size-medium\" src=\"http:\/\/cedera-okna.sk\/wp-content\/uploads\/2011\/10\/ext50-1-300x260.jpg\" alt=\"exteri\u00e9rov\u00e9 \u017eal\u00fazie, doplny, eurookn\u00e1\" width=\"300\" height=\"260\" srcset=\"https:\/\/www.cedera-okna.sk\/wp-content\/uploads\/2011\/10\/ext50-1-300x260.jpg 300w, https:\/\/www.cedera-okna.sk\/wp-content\/uploads\/2011\/10\/ext50-1-768x665.jpg 768w, https:\/\/www.cedera-okna.sk\/wp-content\/uploads\/2011\/10\/ext50-1-390x338.jpg 390w, https:\/\/www.cedera-okna.sk\/wp-content\/uploads\/2011\/10\/ext50-1.jpg 800w\" sizes=\"(max-width: 300px) 100vw, 300px\" \/>[\/vc_column_text][\/vc_column][\/vc_row][vc_row][vc_column][vc_column_text]<\/p>\n<h2>Druhy \u017eal\u00fazi\u00ed, z ktor\u00fdch si m\u00f4\u017eete vybra\u0165<\/h2>\n<h3>\u017dal\u00fazie TYP C-80<\/h3>\n<p>U\u017e zo samotn\u00e9ho n\u00e1zvu plynie, \u017ee \u0161\u00edrka lamiel je <strong>80 milimetrov<\/strong>. Funguj\u00fa na princ\u00edpe oce\u013eov\u00fdch laniek, ktor\u00e9 p\u00f4sobia esteticky prijate\u013enej\u0161ie. Medzi ich v\u00fdhody patr\u00ed mo\u017enos\u0165 nakl\u00e1pa\u0165 lamely, a teda tieni\u0165 a vetra\u0165 naraz. M\u00f4\u017eete s nimi tie\u017e <strong>regulova\u0165 mno\u017estvo tepla aj svetla<\/strong>, ktor\u00e9 do miestnosti prenikne. Okrem in\u00e9ho v\u00e1m \u017eal\u00fazie pom\u00f4\u017eu aj minimalizova\u0165 n\u00e1klady na klimatiz\u00e1ciu.<\/p>\n<p>\u017dal\u00fazie s\u00fa tie\u017e dobre tvarovan\u00e9, aj preto efekt\u00edvne rozpty\u013euj\u00fa slne\u010dn\u00e9 l\u00fa\u010de. Nev\u00fdhodou lamiel je, \u017ee v silnom vetre o seba nar\u00e1\u017eaj\u00fa a m\u00f4\u017eu vyd\u00e1va\u0165 cinkav\u00fd zvuk.<\/p>\n<h3>\u017dal\u00fazie TYP EXT-50<\/h3>\n<p>Tento typ \u017eal\u00fazi\u00ed m\u00e1 lamely men\u0161ie ako v predch\u00e1dzaj\u00facom pr\u00edpade, ich \u0161\u00edrka je <strong>50 milimetrov<\/strong>. Ovl\u00e1daj\u00fa sa pomocou \u0161n\u00farky. T\u00e1 prech\u00e1dza cez prevodovku. Ovl\u00e1danie m\u00f4\u017ee by\u0165 umiestnen\u00e9 bu\u010f na pravej, alebo \u013eavej strane. Pokia\u013e h\u013ead\u00e1te variant dostupn\u00fd vo viacer\u00fdch farb\u00e1ch, typ EXT-50 je pre v\u00e1s tou spr\u00e1vnou vo\u013ebou.<\/p>\n<h3>\u017dal\u00fazie TYP Z-90<\/h3>\n<p>Ide o najpou\u017e\u00edvanej\u0161ie \u017eal\u00fazie, ktor\u00e9 s\u00fa pomerne <strong>odoln\u00e9 vo\u010di vetru<\/strong>. Obsahuj\u00fa tie\u017e tesniaci gumov\u00fd profil, v\u010faka \u010domu nevyd\u00e1vaj\u00fa zvuk, ke\u010f o seba narazia. Ich v\u00fdhodou je tie\u017e <strong>n\u00edzka priepustnos\u0165 svetla a skvel\u00e9 tienenie<\/strong>. Ide o \u017eal\u00fazie s naj\u0161ir\u0161\u00edmi lamelami &#8211; a\u017e <strong>90 milimetrov<\/strong>.<\/p>\n<h2>Ako si vybra\u0165 <a href=\"http:\/\/cedera-okna.sk\/sk\/vonkajsie-exterierove-zaluzie-hlinikove\/\">exteri\u00e9rov\u00e9 \u017eal\u00fazie<\/a> pod\u013ea materi\u00e1lu a okna?<\/h2>\n<p>Lamely s\u00fa vyroben\u00e9 z hlin\u00edka, ktor\u00fd je pova\u017eovan\u00fd za odoln\u00fd materi\u00e1l. V pr\u00edpade, \u017ee h\u013ead\u00e1te \u017eal\u00fazie na tienenie men\u0161\u00edch ploch, m\u00f4\u017eete siahnu\u0165 po type EXT 50. \u017dal\u00fazie typu C sa \u010dasto vyu\u017e\u00edvaj\u00fa napr\u00edklad v zimn\u00fdch z\u00e1hradk\u00e1ch, Z-tkov\u00e9 \u017eal\u00fazie s\u00fa zas vhodn\u00e9 na ve\u013ek\u00e9 plochy.<\/p>\n<p>Nie s\u00fa pre v\u00e1s <strong><a href=\"http:\/\/cedera-okna.sk\/sk\/vonkajsie-exterierove-zaluzie-hlinikove\/\">exteri\u00e9rov\u00e9 \u017eal\u00fazie<\/a><\/strong> to prav\u00e9? Pozrite sa na na\u0161u ponuku <strong><a href=\"http:\/\/cedera-okna.sk\/sk\/interierove-zaluzie-vertikalne-horizontalne-bambusove\/\">interi\u00e9rov\u00fdch \u017eal\u00fazi\u00ed<\/a><\/strong>.[\/vc_column_text][\/vc_column][\/vc_row][vc_row][vc_column][vc_column_text]<\/p>\n<h2 style=\"text-align: center;\">Potrebujete poradi\u0165 s v\u00fdberom vonkaj\u0161\u00edch \u017eal\u00fazi\u00ed?<br \/>\nVypl\u0148te formul\u00e1r ni\u017e\u0161ie a ozveme sa v\u00e1m do 24 hod\u00edn.<\/h2>\n<p>[\/vc_column_text]\n<div class=\"wpcf7 no-js\" id=\"wpcf7-f2486-o1\" lang=\"sk-SK\" dir=\"ltr\" data-wpcf7-id=\"2486\">\n<div class=\"screen-reader-response\"><p role=\"status\" aria-live=\"polite\" aria-atomic=\"true\"><\/p> <ul><\/ul><\/div>\n<form action=\"\/sk\/wp-json\/wp\/v2\/posts\/7212#wpcf7-f2486-o1\" method=\"post\" class=\"wpcf7-form init\" aria-label=\"Kontaktn\u00fd formul\u00e1r\" novalidate=\"novalidate\" data-status=\"init\">\n<fieldset class=\"hidden-fields-container\"><input type=\"hidden\" name=\"_wpcf7\" value=\"2486\" \/><input type=\"hidden\" name=\"_wpcf7_version\" value=\"6.1.5\" \/><input type=\"hidden\" name=\"_wpcf7_locale\" value=\"sk_SK\" \/><input type=\"hidden\" name=\"_wpcf7_unit_tag\" value=\"wpcf7-f2486-o1\" \/><input type=\"hidden\" name=\"_wpcf7_container_post\" value=\"0\" \/><input type=\"hidden\" name=\"_wpcf7_posted_data_hash\" value=\"\" \/><input type=\"hidden\" name=\"_wpcf7_recaptcha_response\" value=\"\" \/>\n<\/fieldset>\n<p><label><br \/>\n<span class=\"wpcf7-form-control-wrap\" data-name=\"your-name\"><input size=\"40\" maxlength=\"400\" class=\"wpcf7-form-control wpcf7-text wpcf7-validates-as-required\" aria-required=\"true\" aria-invalid=\"false\" placeholder=\"Meno*\" value=\"\" type=\"text\" name=\"your-name\" \/><\/span> <\/label>\n<\/p>\n<div class=\"sc_form_info columns_wrap\">\n\t<div class=\"sc_form_item sc_form_field label_over column-1_2\">\n\t\t<p><label><br \/>\n<span class=\"wpcf7-form-control-wrap\" data-name=\"your-telefon\"><input size=\"40\" maxlength=\"400\" class=\"wpcf7-form-control wpcf7-tel wpcf7-validates-as-required wpcf7-text wpcf7-validates-as-tel\" aria-required=\"true\" aria-invalid=\"false\" placeholder=\"Telef\u00f3n*\" value=\"\" type=\"tel\" name=\"your-telefon\" \/><\/span> <\/label>\n\t\t<\/p>\n\t<\/div>\n\t<div class=\"sc_form_item sc_form_field label_over column-1_2 pading0\">\n\t\t<p><label><br \/>\n<span class=\"wpcf7-form-control-wrap\" data-name=\"your-email\"><input size=\"40\" maxlength=\"400\" class=\"wpcf7-form-control wpcf7-email wpcf7-validates-as-required wpcf7-text wpcf7-validates-as-email\" aria-required=\"true\" aria-invalid=\"false\" placeholder=\"E-mail*\" value=\"\" type=\"email\" name=\"your-email\" \/><\/span><\/label>\n\t\t<\/p>\n\t<\/div>\n<\/div>\n<p><label><br \/>\n<span class=\"wpcf7-form-control-wrap\" data-name=\"your-message\"><textarea cols=\"40\" rows=\"10\" maxlength=\"2000\" class=\"wpcf7-form-control wpcf7-textarea\" aria-invalid=\"false\" placeholder=\"Pros\u00edm kontaktujte ma oh\u013eadom...\" name=\"your-message\"><\/textarea><\/span> <\/label>\n<\/p>\n<p><span class=\"wpcf7-form-control-wrap\" data-name=\"checkbox-597\"><span class=\"wpcf7-form-control wpcf7-checkbox wpcf7-validates-as-required\"><span class=\"wpcf7-list-item first last\"><input type=\"checkbox\" name=\"checkbox-597[]\" value=\"S\u00fahlas\u00edm so zpracovan\u00edm osobn\u00fdch \u00fadajov*\" \/><span class=\"wpcf7-list-item-label\">S\u00fahlas\u00edm so zpracovan\u00edm osobn\u00fdch \u00fadajov*<\/span><\/span><\/span><\/span>\n<\/p>\n<p><input class=\"wpcf7-form-control wpcf7-submit has-spinner\" type=\"submit\" value=\"Posla\u0165 po\u017eiadavku\" \/>\n<\/p>\n<p>*polo\u017eka je povinn\u00e1\n<\/p><div class=\"wpcf7-response-output\" aria-hidden=\"true\"><\/div>\n<\/form>\n<\/div>\n[\/vc_column][\/vc_row]<\/p>\n<\/div>","protected":false},"excerpt":{"rendered":"<p>[vc_row][vc_column][vc_column_text]Okrem interi\u00e9rov\u00fdch \u017eal\u00fazi\u00ed na trhu n\u00e1jdete aj tie exteri\u00e9rov\u00e9. Mnoh\u00ed v\u00fdrobcovia ich odpor\u00fa\u010daj\u00fa najm\u00e4 v pr\u00edpade, \u017ee s\u00fa va\u0161e okn\u00e1 ve\u013ek\u00e9 a orientovan\u00e9 na\u00a0 juh. Aj exteri\u00e9rov\u00e9 \u017eal\u00fazie chr\u00e1nia dom\u00e1cnos\u0165 pred nechcen\u00fdmi poh\u013eadmi a slne\u010dn\u00fdm \u017eiaren\u00edm.[\/vc_column_text][\/vc_column][\/vc_row][vc_row][vc_column width=&#8221;2\/3&#8243;][vc_column_text] Ak\u00e9 s\u00fa v\u00fdhody vonkaj\u0161\u00edch \u017eal\u00fazi\u00ed? \u017dal\u00fazie ochra\u0148uj\u00fa interi\u00e9r pred slnkom, \u010do ocen\u00edte v pr\u00edpade, \u017ee m\u00e1te doma n\u00e1bytok [&hellip;]<\/p>\n","protected":false},"author":3,"featured_media":0,"comment_status":"closed","ping_status":"closed","sticky":false,"template":"","format":"standard","meta":{"footnotes":""},"categories":[],"tags":[],"class_list":["post-7212","post","type-post","status-publish","format-standard","hentry"],"yoast_head":"<!-- This site is optimized with the Yoast SEO plugin v27.4 - https:\/\/yoast.com\/product\/yoast-seo-wordpress\/ -->\n<title>\u010co by ste mali vedie\u0165 pred n\u00e1kupom vonkaj\u0161\u00edch \u017eal\u00fazi\u00ed | Cedera<\/title>\n<meta name=\"description\" content=\"Zva\u017eujete n\u00e1kup vonkaj\u0161\u00edch exteri\u00e9rov\u00fdch \u017eal\u00fazi\u00ed? Viete pod\u013ea \u010doho sa riadi\u0165 a ak\u00e9 s\u00fa varianty a ktor\u00e9 sa hodia do domu alebo do kancel\u00e1rie? Porad\u00edme v\u00e1m.\" \/>\n<meta name=\"robots\" content=\"index, follow, max-snippet:-1, max-image-preview:large, max-video-preview:-1\" \/>\n<link rel=\"canonical\" href=\"https:\/\/www.cedera-okna.sk\/sk\/vyber-vonkajsie-exterierove-zaluzie\/\" \/>\n<meta property=\"og:locale\" content=\"sk_SK\" \/>\n<meta property=\"og:type\" content=\"article\" \/>\n<meta property=\"og:title\" content=\"\u010co by ste mali vedie\u0165 pred n\u00e1kupom vonkaj\u0161\u00edch \u017eal\u00fazi\u00ed | Cedera\" \/>\n<meta property=\"og:description\" content=\"Zva\u017eujete n\u00e1kup vonkaj\u0161\u00edch exteri\u00e9rov\u00fdch \u017eal\u00fazi\u00ed? Viete pod\u013ea \u010doho sa riadi\u0165 a ak\u00e9 s\u00fa varianty a ktor\u00e9 sa hodia do domu alebo do kancel\u00e1rie? Porad\u00edme v\u00e1m.\" \/>\n<meta property=\"og:url\" content=\"https:\/\/www.cedera-okna.sk\/sk\/vyber-vonkajsie-exterierove-zaluzie\/\" \/>\n<meta property=\"og:site_name\" content=\"Cedera\" \/>\n<meta property=\"article:publisher\" content=\"https:\/\/www.facebook.com\/okna.cedera\/\" \/>\n<meta property=\"article:published_time\" content=\"2019-09-07T12:49:39+00:00\" \/>\n<meta property=\"article:modified_time\" content=\"2020-08-08T19:07:56+00:00\" \/>\n<meta property=\"og:image\" content=\"http:\/\/cedera-okna.sk\/wp-content\/uploads\/2011\/10\/ext50-1-300x260.jpg\" \/>\n<meta name=\"author\" content=\"Cedera\" \/>\n<meta name=\"twitter:label1\" content=\"Autor\" \/>\n\t<meta name=\"twitter:data1\" content=\"Cedera\" \/>\n\t<meta name=\"twitter:label2\" content=\"Predpokladan\u00fd \u010das \u010d\u00edtania\" \/>\n\t<meta name=\"twitter:data2\" content=\"3 min\u00faty\" \/>\n<!-- \/ Yoast SEO plugin. -->","yoast_head_json":{"title":"\u010co by ste mali vedie\u0165 pred n\u00e1kupom vonkaj\u0161\u00edch \u017eal\u00fazi\u00ed | Cedera","description":"Zva\u017eujete n\u00e1kup vonkaj\u0161\u00edch exteri\u00e9rov\u00fdch \u017eal\u00fazi\u00ed? Viete pod\u013ea \u010doho sa riadi\u0165 a ak\u00e9 s\u00fa varianty a ktor\u00e9 sa hodia do domu alebo do kancel\u00e1rie? Porad\u00edme v\u00e1m.","robots":{"index":"index","follow":"follow","max-snippet":"max-snippet:-1","max-image-preview":"max-image-preview:large","max-video-preview":"max-video-preview:-1"},"canonical":"https:\/\/www.cedera-okna.sk\/sk\/vyber-vonkajsie-exterierove-zaluzie\/","og_locale":"sk_SK","og_type":"article","og_title":"\u010co by ste mali vedie\u0165 pred n\u00e1kupom vonkaj\u0161\u00edch \u017eal\u00fazi\u00ed | Cedera","og_description":"Zva\u017eujete n\u00e1kup vonkaj\u0161\u00edch exteri\u00e9rov\u00fdch \u017eal\u00fazi\u00ed? Viete pod\u013ea \u010doho sa riadi\u0165 a ak\u00e9 s\u00fa varianty a ktor\u00e9 sa hodia do domu alebo do kancel\u00e1rie? Porad\u00edme v\u00e1m.","og_url":"https:\/\/www.cedera-okna.sk\/sk\/vyber-vonkajsie-exterierove-zaluzie\/","og_site_name":"Cedera","article_publisher":"https:\/\/www.facebook.com\/okna.cedera\/","article_published_time":"2019-09-07T12:49:39+00:00","article_modified_time":"2020-08-08T19:07:56+00:00","og_image":[{"url":"http:\/\/cedera-okna.sk\/wp-content\/uploads\/2011\/10\/ext50-1-300x260.jpg","type":"","width":"","height":""}],"author":"Cedera","twitter_misc":{"Autor":"Cedera","Predpokladan\u00fd \u010das \u010d\u00edtania":"3 min\u00faty"},"schema":{"@context":"https:\/\/schema.org","@graph":[{"@type":"Article","@id":"https:\/\/www.cedera-okna.sk\/sk\/vyber-vonkajsie-exterierove-zaluzie\/#article","isPartOf":{"@id":"https:\/\/www.cedera-okna.sk\/sk\/vyber-vonkajsie-exterierove-zaluzie\/"},"author":{"name":"Cedera","@id":"https:\/\/www.cedera-okna.sk\/sk\/#\/schema\/person\/5472b16fb96c7eb561b42b471d6142bd"},"headline":"\u010co by ste mali vedie\u0165 o exteri\u00e9rov\u00fdch \u017eal\u00fazi\u00e1ch","datePublished":"2019-09-07T12:49:39+00:00","dateModified":"2020-08-08T19:07:56+00:00","mainEntityOfPage":{"@id":"https:\/\/www.cedera-okna.sk\/sk\/vyber-vonkajsie-exterierove-zaluzie\/"},"wordCount":631,"publisher":{"@id":"https:\/\/www.cedera-okna.sk\/sk\/#organization"},"image":{"@id":"https:\/\/www.cedera-okna.sk\/sk\/vyber-vonkajsie-exterierove-zaluzie\/#primaryimage"},"thumbnailUrl":"http:\/\/cedera-okna.sk\/wp-content\/uploads\/2011\/10\/ext50-1-300x260.jpg","inLanguage":"sk-SK"},{"@type":"WebPage","@id":"https:\/\/www.cedera-okna.sk\/sk\/vyber-vonkajsie-exterierove-zaluzie\/","url":"https:\/\/www.cedera-okna.sk\/sk\/vyber-vonkajsie-exterierove-zaluzie\/","name":"\u010co by ste mali vedie\u0165 pred n\u00e1kupom vonkaj\u0161\u00edch \u017eal\u00fazi\u00ed | Cedera","isPartOf":{"@id":"https:\/\/www.cedera-okna.sk\/sk\/#website"},"primaryImageOfPage":{"@id":"https:\/\/www.cedera-okna.sk\/sk\/vyber-vonkajsie-exterierove-zaluzie\/#primaryimage"},"image":{"@id":"https:\/\/www.cedera-okna.sk\/sk\/vyber-vonkajsie-exterierove-zaluzie\/#primaryimage"},"thumbnailUrl":"http:\/\/cedera-okna.sk\/wp-content\/uploads\/2011\/10\/ext50-1-300x260.jpg","datePublished":"2019-09-07T12:49:39+00:00","dateModified":"2020-08-08T19:07:56+00:00","description":"Zva\u017eujete n\u00e1kup vonkaj\u0161\u00edch exteri\u00e9rov\u00fdch \u017eal\u00fazi\u00ed? Viete pod\u013ea \u010doho sa riadi\u0165 a ak\u00e9 s\u00fa varianty a ktor\u00e9 sa hodia do domu alebo do kancel\u00e1rie? Porad\u00edme v\u00e1m.","breadcrumb":{"@id":"https:\/\/www.cedera-okna.sk\/sk\/vyber-vonkajsie-exterierove-zaluzie\/#breadcrumb"},"inLanguage":"sk-SK","potentialAction":[{"@type":"ReadAction","target":["https:\/\/www.cedera-okna.sk\/sk\/vyber-vonkajsie-exterierove-zaluzie\/"]}]},{"@type":"ImageObject","inLanguage":"sk-SK","@id":"https:\/\/www.cedera-okna.sk\/sk\/vyber-vonkajsie-exterierove-zaluzie\/#primaryimage","url":"http:\/\/cedera-okna.sk\/wp-content\/uploads\/2011\/10\/ext50-1-300x260.jpg","contentUrl":"http:\/\/cedera-okna.sk\/wp-content\/uploads\/2011\/10\/ext50-1-300x260.jpg"},{"@type":"BreadcrumbList","@id":"https:\/\/www.cedera-okna.sk\/sk\/vyber-vonkajsie-exterierove-zaluzie\/#breadcrumb","itemListElement":[{"@type":"ListItem","position":1,"name":"Domovsk\u00e1 str\u00e1nka","item":"https:\/\/www.cedera-okna.sk\/sk\/"},{"@type":"ListItem","position":2,"name":"\u010co by ste mali vedie\u0165 o exteri\u00e9rov\u00fdch \u017eal\u00fazi\u00e1ch"}]},{"@type":"WebSite","@id":"https:\/\/www.cedera-okna.sk\/sk\/#website","url":"https:\/\/www.cedera-okna.sk\/sk\/","name":"Cedera","description":"Plastov\u00e9 okn\u00e1 Bratislava","publisher":{"@id":"https:\/\/www.cedera-okna.sk\/sk\/#organization"},"potentialAction":[{"@type":"SearchAction","target":{"@type":"EntryPoint","urlTemplate":"https:\/\/www.cedera-okna.sk\/sk\/?s={search_term_string}"},"query-input":{"@type":"PropertyValueSpecification","valueRequired":true,"valueName":"search_term_string"}}],"inLanguage":"sk-SK"},{"@type":"Organization","@id":"https:\/\/www.cedera-okna.sk\/sk\/#organization","name":"CEDERA s.r.o.","url":"https:\/\/www.cedera-okna.sk\/sk\/","logo":{"@type":"ImageObject","inLanguage":"sk-SK","@id":"https:\/\/www.cedera-okna.sk\/sk\/#\/schema\/logo\/image\/","url":"https:\/\/www.cedera-okna.sk\/wp-content\/uploads\/2018\/10\/Cedera-logo.png","contentUrl":"https:\/\/www.cedera-okna.sk\/wp-content\/uploads\/2018\/10\/Cedera-logo.png","width":190,"height":66,"caption":"CEDERA s.r.o."},"image":{"@id":"https:\/\/www.cedera-okna.sk\/sk\/#\/schema\/logo\/image\/"},"sameAs":["https:\/\/www.facebook.com\/okna.cedera\/"]},{"@type":"Person","@id":"https:\/\/www.cedera-okna.sk\/sk\/#\/schema\/person\/5472b16fb96c7eb561b42b471d6142bd","name":"Cedera","url":"https:\/\/www.cedera-okna.sk\/sk\/author\/cedera\/"}]}},"_links":{"self":[{"href":"https:\/\/www.cedera-okna.sk\/sk\/wp-json\/wp\/v2\/posts\/7212","targetHints":{"allow":["GET"]}}],"collection":[{"href":"https:\/\/www.cedera-okna.sk\/sk\/wp-json\/wp\/v2\/posts"}],"about":[{"href":"https:\/\/www.cedera-okna.sk\/sk\/wp-json\/wp\/v2\/types\/post"}],"author":[{"embeddable":true,"href":"https:\/\/www.cedera-okna.sk\/sk\/wp-json\/wp\/v2\/users\/3"}],"replies":[{"embeddable":true,"href":"https:\/\/www.cedera-okna.sk\/sk\/wp-json\/wp\/v2\/comments?post=7212"}],"version-history":[{"count":19,"href":"https:\/\/www.cedera-okna.sk\/sk\/wp-json\/wp\/v2\/posts\/7212\/revisions"}],"predecessor-version":[{"id":8362,"href":"https:\/\/www.cedera-okna.sk\/sk\/wp-json\/wp\/v2\/posts\/7212\/revisions\/8362"}],"wp:attachment":[{"href":"https:\/\/www.cedera-okna.sk\/sk\/wp-json\/wp\/v2\/media?parent=7212"}],"wp:term":[{"taxonomy":"category","embeddable":true,"href":"https:\/\/www.cedera-okna.sk\/sk\/wp-json\/wp\/v2\/categories?post=7212"},{"taxonomy":"post_tag","embeddable":true,"href":"https:\/\/www.cedera-okna.sk\/sk\/wp-json\/wp\/v2\/tags?post=7212"}],"curies":[{"name":"wp","href":"https:\/\/api.w.org\/{rel}","templated":true}]}}