{"id":3764,"date":"2026-03-08T09:25:31","date_gmt":"2026-03-08T08:25:31","guid":{"rendered":"http:\/\/cedera-okna.sk\/sk\/?p=3764"},"modified":"2026-03-08T11:05:28","modified_gmt":"2026-03-08T10:05:28","slug":"francuzske-okna","status":"publish","type":"post","link":"https:\/\/www.cedera-okna.sk\/sk\/francuzske-okna\/","title":{"rendered":"Franc\u00fazske okn\u00e1 a \u010do by ste o nich mali vedie\u0165"},"content":{"rendered":"<div class=\"wpb-content-wrapper\"><p>[vc_row][vc_column][vc_column_text css=&#8221;&#8221;]<strong>Franc\u00fazske okn\u00e1 poch\u00e1dzaj\u00fa u\u017e z konca obdobia renesancie v 17. storo\u010d\u00ed. Ide o typ okien, ktor\u00e9 sa tiahnu od podlahy a\u017e po strop. S\u00fa skvel\u00fdm interi\u00e9rov\u00fdm doplnkom, do miestnost\u00ed vnes\u00fa cel\u00fa horu svetla a p\u00f4sobia luxusn\u00fdm dojmom.<\/strong><\/p>\n<h2>\u010co s\u00fa franc\u00fazske okn\u00e1?<\/h2>\n<p>Franc\u00fazske okn\u00e1 sa od tradi\u010dn\u00fdch okien sa zas tak nel\u00ed\u0161ia. Na rozdiel od nich v\u0161ak za\u010d\u00ednaj\u00fa u\u017e na podlahe. Franc\u00fazske okn\u00e1 m\u00f4\u017eete namontova\u0165 v akejko\u013evek miestnosti domu. Mnoho dom\u00e1cnost\u00ed ich vyu\u017e\u00edva ako rie\u0161enie okien ved\u00facich na terasu alebo ako spojenie interi\u00e9ru so z\u00e1hradou.<\/p>\n<h2><img decoding=\"async\" class=\"alignnone wp-image-3768 size-large\" src=\"https:\/\/cedera-okna.sk\/wp-content\/uploads\/2018\/07\/francuzske-okna-izba-1024x341.jpg\" alt=\"francuzske okna - izba\" width=\"1024\" height=\"341\" srcset=\"https:\/\/www.cedera-okna.sk\/wp-content\/uploads\/2018\/07\/francuzske-okna-izba-1024x341.jpg 1024w, https:\/\/www.cedera-okna.sk\/wp-content\/uploads\/2018\/07\/francuzske-okna-izba-300x100.jpg 300w, https:\/\/www.cedera-okna.sk\/wp-content\/uploads\/2018\/07\/francuzske-okna-izba-768x256.jpg 768w, https:\/\/www.cedera-okna.sk\/wp-content\/uploads\/2018\/07\/francuzske-okna-izba-870x290.jpg 870w, https:\/\/www.cedera-okna.sk\/wp-content\/uploads\/2018\/07\/francuzske-okna-izba-390x130.jpg 390w, https:\/\/www.cedera-okna.sk\/wp-content\/uploads\/2018\/07\/francuzske-okna-izba-1170x390.jpg 1170w\" sizes=\"(max-width: 1024px) 100vw, 1024px\" \/><\/h2>\n<h2>Druhy franc\u00fazskych okien<\/h2>\n<ul>\n<li><strong>Posuvn\u00e9 franc\u00fazske okn\u00e1<\/strong> &#8211; skladaj\u00fa sa z\u00a0pohybliv\u00e9ho kr\u00eddla, ktor\u00e9 po\u013eahky zasuniete na zasklen\u00fa \u010das\u0165. Okn\u00e1 neprek\u00e1\u017eaj\u00fa v\u00a0priestore a\u00a0budia elegantn\u00fd dojem. Montuje sa k\u00a0n\u00edm aj vyv\u00fd\u0161en\u00fd spodn\u00fd profil r\u00e1mu.<\/li>\n<li><strong>Otv\u00e1racie franc\u00fazske okn\u00e1<\/strong> \u2013 otv\u00e1raj\u00fa sa ako dovn\u00fatra ako klasick\u00e9 okn\u00e1. M\u00f4\u017eu by\u0165 bezbari\u00e9rov\u00e9.<\/li>\n<\/ul>\n<div id=\"promo-box\">\n<h3>\u010co pon\u00fakame<\/h3>\n<p>Vyberte si z na\u0161ej ponuky plastov\u00fdch, dreven\u00fdch, hlin\u00edkov\u00fdch alebo drevohlin\u00edkov\u00fdch franc\u00fazskych okien. N\u00e1\u0161 technik vykon\u00e1 odborn\u00e9 zameranie, po dohode s vami zabezpe\u010d\u00edme dopravu a profesion\u00e1lnu mont\u00e1\u017e. Samozrejmos\u0165ou je poradenstvo ak\u00e9 okn\u00e1 a doplnky vybra\u0165 tak, aby sme minimalizovali mo\u017enos\u0165 nekompatibility jednotliv\u00fdch prvkov. Na z\u00e1klade <strong><a href=\"https:\/\/cedera-okna.sk\/sk\/nezavazna-cenova-ponuka\/\">nez\u00e1v\u00e4znej cenovej ponuky<\/a><\/strong> v\u00e1s budeme kontaktova\u0165.<\/p>\n<\/div>\n<h2>Materi\u00e1l vyu\u017eit\u00fd na franc\u00fazske okn\u00e1<\/h2>\n<p>Franc\u00fazske okn\u00e1 s\u00fa vyr\u00e1ban\u00e9 z\u00a0rovnak\u00fdch materi\u00e1lov ako tie klasick\u00e9. \u010cast\u00fdm rie\u0161en\u00edm b\u00fdvaj\u00fa <a href=\"https:\/\/cedera-okna.sk\/sk\/plastove-okna-bratislava\/\"><strong>plastov\u00e9 franc\u00fazske okn\u00e1<\/strong><\/a>. Patria medzi lacnej\u0161ie varianty a\u00a0maj\u00fa dobr\u00e9 izola\u010dn\u00e9 vlastnosti. Pri v\u00e4\u010d\u0161\u00edch sklen\u00fdch ploch\u00e1ch by ste v\u0161ak mali vyu\u017ei\u0165 pevnej\u0161\u00ed materi\u00e1l ako plast. <strong>Hlin\u00edkov\u00e9 okn\u00e1<\/strong> vyvol\u00e1vaj\u00fa modern\u00fd dojem, maj\u00fa dlh\u00fa \u017eivotnos\u0165 a\u00a0vysok\u00fa odolnos\u0165. <a href=\"https:\/\/cedera-okna.sk\/sk\/eurookna-drevene-okna\/\"><strong>Dreven\u00e9 franc\u00fazske okn\u00e1<\/strong><\/a> p\u00f4sobia v\u010faka opracovan\u00fdm dreven\u00fdm r\u00e1mom autenticky a\u00a0maj\u00fa skvel\u00e9 termoregula\u010dn\u00e9 vlastnosti. <a href=\"https:\/\/cedera-okna.sk\/sk\/drevohlinikove-okna\/\"><strong>Drevo-hlin\u00edkov\u00e9<\/strong><\/a> v\u00e1m zas pon\u00faknu \u0161irok\u00fa \u0161k\u00e1lu profilov,\u00a0farieb a\u00a0pred\u013a\u017een\u00fa \u017eivotnos\u0165.<\/p>\n<h2><img decoding=\"async\" class=\"alignnone wp-image-3770 size-large\" src=\"https:\/\/cedera-okna.sk\/wp-content\/uploads\/2018\/07\/francuzske-okna-byt-1024x768.jpg\" alt=\"francuzske okna - byt\" width=\"1024\" height=\"768\" srcset=\"https:\/\/www.cedera-okna.sk\/wp-content\/uploads\/2018\/07\/francuzske-okna-byt-1024x768.jpg 1024w, https:\/\/www.cedera-okna.sk\/wp-content\/uploads\/2018\/07\/francuzske-okna-byt-300x225.jpg 300w, https:\/\/www.cedera-okna.sk\/wp-content\/uploads\/2018\/07\/francuzske-okna-byt-768x576.jpg 768w, https:\/\/www.cedera-okna.sk\/wp-content\/uploads\/2018\/07\/francuzske-okna-byt-870x653.jpg 870w, https:\/\/www.cedera-okna.sk\/wp-content\/uploads\/2018\/07\/francuzske-okna-byt-390x293.jpg 390w, https:\/\/www.cedera-okna.sk\/wp-content\/uploads\/2018\/07\/francuzske-okna-byt-1170x878.jpg 1170w\" sizes=\"(max-width: 1024px) 100vw, 1024px\" \/><\/h2>\n<h2>V\u00fdhody franc\u00fazskych okien<\/h2>\n<p>Okn\u00e1 vnes\u00fa do miestnost\u00ed oproti klasick\u00fdm alternat\u00edvam a\u017e dvojn\u00e1sobok svetla, v\u010faka \u010domu m\u00f4\u017eete umel\u00e9 osvetlenie vyu\u017e\u00edva\u0165 menej. Vetranie a\u00a0v\u00fdmena vzduchu s\u00fa s\u00a0franc\u00fazskymi oknami tie\u017e omnoho efekt\u00edvnej\u0161ie a\u00a0intenz\u00edvnej\u0161ie.<\/p>\n<p>Z\u00a0estetick\u00e9ho h\u013eadiska franc\u00fazske okn\u00e1 zaimponuj\u00fa ka\u017ed\u00e9mu oku. Poskytn\u00fa v\u00e1m kr\u00e1sny v\u00fdh\u013ead na okolie, prepoja interi\u00e9r s\u00a0exteri\u00e9rom a\u00a0opticky zv\u00e4\u010d\u0161ia miestnos\u0165. Stan\u00fa sa nielen dominantou v\u00e1\u0161ho domu, ale aj ka\u017edej miestnosti.[\/vc_column_text][vc_column_text]<\/p>\n<h3>Ako vyzer\u00e1 na\u0161a pr\u00e1ca<\/h3>\n<p>[\/vc_column_text][vc_gallery type=&#8221;image_grid&#8221; images=&#8221;6453,2581,2564,13273,7827,11108,7829,13284&#8243;][vc_column_text css=&#8221;&#8221;]<\/p>\n<h2>Na \u010do myslie\u0165 pri v\u00fdbere franc\u00fazskych okien<\/h2>\n<p>Pred t\u00fdm, ako sa pre franc\u00fazske okn\u00e1 rozhodnete, je dobr\u00e9 zv\u00e1\u017ei\u0165 \u010fal\u0161ie faktory. Kv\u00f4li v\u00e4\u010d\u0161ej presklenej ploche, po\u010d\u00edtajte s\u00a0vy\u0161\u0161\u00edm tepeln\u00fdm \u00fanikom. Je preto nutn\u00e9 prihliadnu\u0165 na tepelnoizola\u010dn\u00e9 vlastnosti a kvalitu r\u00e1mu.<\/p>\n<p>Vykurovanie po\u010das zimn\u00fdch mesiacov tie\u017e mus\u00edte vyrie\u0161i\u0165 inak, ke\u010f\u017ee klasick\u00fd radi\u00e1tor pod okn\u00e1 neumiestnite. Sta\u010d\u00ed v\u0161ak zapoji\u0165 tro\u0161ku kreativity a\u00a0poobzera\u0165 sa po inej mo\u017enosti (podlahov\u00e9 k\u00farenie, dizajnov\u00fd radi\u00e1tor a\u00a0podobne). Po\u010das leta zas myslite na zatemnenie skiel. <a href=\"https:\/\/cedera-okna.sk\/sk\/interierove-zaluzie-vertikalne-horizontalne-bambusove\/\">\u017dal\u00fazie<\/a>, <a href=\"https:\/\/cedera-okna.sk\/sk\/vonkajsie-rolety-okna\/\">rolety<\/a> \u010di z\u00e1vesy v\u00e1s ochr\u00e1nia pred ostr\u00fdmi slne\u010dn\u00fdmi l\u00fa\u010dmi.<\/p>\n<p>Nesmiete zabudn\u00fa\u0165 ani na \u00fadr\u017ebu okien. Ich \u010distenie, hlavne z\u00a0vonkaj\u0161ej strany, m\u00f4\u017ee by\u0165 o\u00a0nie\u010do n\u00e1ro\u010dnej\u0161ie, a\u00a0to hlavne ak sa spolu s\u00a0nimi montuje aj z\u00e1bradlie, ktor\u00e9 je v\u00a0jeho bezprostrednej bl\u00edzkosti.[\/vc_column_text][\/vc_column][\/vc_row][vc_row][vc_column][vc_column_text css=&#8221;&#8221;]<\/p>\n<h2>Bezbari\u00e9rov\u00e9 rie\u0161enia a n\u00edzke prahy<\/h2>\n<p>Modern\u00e9 franc\u00fazske okn\u00e1 umo\u017e\u0148uj\u00fa realiz\u00e1ciu <strong>n\u00edzkych alebo \u00faplne bezbari\u00e9rov\u00fdch prahov<\/strong>, \u010do ocenia najm\u00e4 rodiny s de\u0165mi, seniori alebo osoby s obmedzenou mobilitou. Bezbari\u00e9rov\u00e9 rie\u0161enia z\u00e1rove\u0148 vytv\u00e1raj\u00fa plynul\u00e9 prepojenie interi\u00e9ru s exteri\u00e9rom bez v\u00fd\u0161kov\u00fdch rozdielov.<\/p>\n<p>[\/vc_column_text][\/vc_column][\/vc_row][vc_row][vc_column][vc_column_text css=&#8221;&#8221;]<\/p>\n<h2>Zasklenie a tepelnoizola\u010dn\u00e9 vlastnosti<\/h2>\n<p>Pri franc\u00fazskych okn\u00e1ch zohr\u00e1va k\u013e\u00fa\u010dov\u00fa \u00falohu v\u00fdber zasklenia. Kvalitn\u00e9 zasklenie v\u00fdrazne zni\u017euje tepeln\u00e9 straty a zvy\u0161uje komfort b\u00fdvania po\u010das cel\u00e9ho roka. Odpor\u00fa\u010da sa:<\/p>\n<ul>\n<li><strong>dvojsklo alebo trojsklo<\/strong> s n\u00edzkym s\u00fa\u010dinite\u013eom prestupu tepla<\/li>\n<li>bezpe\u010dnostn\u00e9 alebo kalen\u00e9 sklo<\/li>\n<li>protislne\u010dn\u00e9 skl\u00e1 pre ju\u017ene orientovan\u00e9 plochy<\/li>\n<\/ul>\n<p>[\/vc_column_text][\/vc_column][\/vc_row][vc_row][vc_column][vc_column_text css=&#8221;&#8221;]<\/p>\n<h2>Bezpe\u010dnos\u0165 franc\u00fazskych okien<\/h2>\n<p>Ve\u013ek\u00e9 presklen\u00e9 plochy si vy\u017eaduj\u00fa zv\u00fd\u0161en\u00fd d\u00f4raz na bezpe\u010dnos\u0165. Franc\u00fazske okn\u00e1 je mo\u017en\u00e9 vybavi\u0165:<\/p>\n<ul>\n<li>bezpe\u010dnostn\u00fdm sklom<\/li>\n<li>viacbodov\u00fdm uzamykan\u00edm<\/li>\n<li>bezpe\u010dnostn\u00fdm kovan\u00edm<\/li>\n<li>mo\u017enos\u0165ou napojenia na alarm<\/li>\n<\/ul>\n<p>[\/vc_column_text][\/vc_column][\/vc_row][vc_row][vc_column][vc_column_text css=&#8221;&#8221;]<\/p>\n<h2>Orienta\u010dn\u00e9 cenov\u00e9 faktory<\/h2>\n<p>Cena franc\u00fazskych okien z\u00e1vis\u00ed od viacer\u00fdch faktorov:<\/p>\n<ul>\n<li>typ kon\u0161trukcie a sp\u00f4sob otv\u00e1rania<\/li>\n<li>pou\u017eit\u00fd materi\u00e1l r\u00e1mu<\/li>\n<li>rozmer a \u010dlenenie<\/li>\n<li>typ zasklenia<\/li>\n<li>doplnky (tienenie, bezpe\u010dnostn\u00e9 prvky, prahy)<\/li>\n<\/ul>\n<p>Pre presn\u00fa cenu je v\u017edy potrebn\u00e9 odborn\u00e9 zameranie a <a href=\"https:\/\/www.cedera-okna.sk\/sk\/nezavazna-cenova-ponuka\/\">individu\u00e1lna kalkul\u00e1cia<\/a>, ktor\u00fa v\u00e1m radi priprav\u00edme. Ozvite sa n\u00e1m.[\/vc_column_text][\/vc_column][\/vc_row][vc_row][vc_column][vc_column_text]<\/p>\n<h2 style=\"text-align: center;\">M\u00e1te z\u00e1ujem o nov\u00e9 franc\u00fazske okn\u00e1 alebo potrebujete poradi\u0165 s v\u00fdberom?<br \/>\nVypl\u0148te formul\u00e1r ni\u017e\u0161ie a ozveme sa v\u00e1m do 24 hod\u00edn.<\/h2>\n<p>[\/vc_column_text]\n<div class=\"wpcf7 no-js\" id=\"wpcf7-f2486-o1\" lang=\"sk-SK\" dir=\"ltr\" data-wpcf7-id=\"2486\">\n<div class=\"screen-reader-response\"><p role=\"status\" aria-live=\"polite\" aria-atomic=\"true\"><\/p> <ul><\/ul><\/div>\n<form action=\"\/sk\/wp-json\/wp\/v2\/posts\/3764#wpcf7-f2486-o1\" method=\"post\" class=\"wpcf7-form init\" aria-label=\"Kontaktn\u00fd formul\u00e1r\" novalidate=\"novalidate\" data-status=\"init\">\n<fieldset class=\"hidden-fields-container\"><input type=\"hidden\" name=\"_wpcf7\" value=\"2486\" \/><input type=\"hidden\" name=\"_wpcf7_version\" value=\"6.1.5\" \/><input type=\"hidden\" name=\"_wpcf7_locale\" value=\"sk_SK\" \/><input type=\"hidden\" name=\"_wpcf7_unit_tag\" value=\"wpcf7-f2486-o1\" \/><input type=\"hidden\" name=\"_wpcf7_container_post\" value=\"0\" \/><input type=\"hidden\" name=\"_wpcf7_posted_data_hash\" value=\"\" \/><input type=\"hidden\" name=\"_wpcf7_recaptcha_response\" value=\"\" \/>\n<\/fieldset>\n<p><label><br \/>\n<span class=\"wpcf7-form-control-wrap\" data-name=\"your-name\"><input size=\"40\" maxlength=\"400\" class=\"wpcf7-form-control wpcf7-text wpcf7-validates-as-required\" aria-required=\"true\" aria-invalid=\"false\" placeholder=\"Meno*\" value=\"\" type=\"text\" name=\"your-name\" \/><\/span> <\/label>\n<\/p>\n<div class=\"sc_form_info columns_wrap\">\n\t<div class=\"sc_form_item sc_form_field label_over column-1_2\">\n\t\t<p><label><br \/>\n<span class=\"wpcf7-form-control-wrap\" data-name=\"your-telefon\"><input size=\"40\" maxlength=\"400\" class=\"wpcf7-form-control wpcf7-tel wpcf7-validates-as-required wpcf7-text wpcf7-validates-as-tel\" aria-required=\"true\" aria-invalid=\"false\" placeholder=\"Telef\u00f3n*\" value=\"\" type=\"tel\" name=\"your-telefon\" \/><\/span> <\/label>\n\t\t<\/p>\n\t<\/div>\n\t<div class=\"sc_form_item sc_form_field label_over column-1_2 pading0\">\n\t\t<p><label><br \/>\n<span class=\"wpcf7-form-control-wrap\" data-name=\"your-email\"><input size=\"40\" maxlength=\"400\" class=\"wpcf7-form-control wpcf7-email wpcf7-validates-as-required wpcf7-text wpcf7-validates-as-email\" aria-required=\"true\" aria-invalid=\"false\" placeholder=\"E-mail*\" value=\"\" type=\"email\" name=\"your-email\" \/><\/span><\/label>\n\t\t<\/p>\n\t<\/div>\n<\/div>\n<p><label><br \/>\n<span class=\"wpcf7-form-control-wrap\" data-name=\"your-message\"><textarea cols=\"40\" rows=\"10\" maxlength=\"2000\" class=\"wpcf7-form-control wpcf7-textarea\" aria-invalid=\"false\" placeholder=\"Pros\u00edm kontaktujte ma oh\u013eadom...\" name=\"your-message\"><\/textarea><\/span> <\/label>\n<\/p>\n<p><span class=\"wpcf7-form-control-wrap\" data-name=\"checkbox-597\"><span class=\"wpcf7-form-control wpcf7-checkbox wpcf7-validates-as-required\"><span class=\"wpcf7-list-item first last\"><input type=\"checkbox\" name=\"checkbox-597[]\" value=\"S\u00fahlas\u00edm so zpracovan\u00edm osobn\u00fdch \u00fadajov*\" \/><span class=\"wpcf7-list-item-label\">S\u00fahlas\u00edm so zpracovan\u00edm osobn\u00fdch \u00fadajov*<\/span><\/span><\/span><\/span>\n<\/p>\n<p><input class=\"wpcf7-form-control wpcf7-submit has-spinner\" type=\"submit\" value=\"Posla\u0165 po\u017eiadavku\" \/>\n<\/p>\n<p>*polo\u017eka je povinn\u00e1\n<\/p><div class=\"wpcf7-response-output\" aria-hidden=\"true\"><\/div>\n<\/form>\n<\/div>\n[\/vc_column][\/vc_row]<\/p>\n<\/div>","protected":false},"excerpt":{"rendered":"<p>[vc_row][vc_column][vc_column_text css=&#8221;&#8221;]Franc\u00fazske okn\u00e1 poch\u00e1dzaj\u00fa u\u017e z konca obdobia renesancie v 17. storo\u010d\u00ed. Ide o typ okien, ktor\u00e9 sa tiahnu od podlahy a\u017e po strop. S\u00fa skvel\u00fdm interi\u00e9rov\u00fdm doplnkom, do miestnost\u00ed vnes\u00fa cel\u00fa horu svetla a p\u00f4sobia luxusn\u00fdm dojmom. \u010co s\u00fa franc\u00fazske okn\u00e1? Franc\u00fazske okn\u00e1 sa od tradi\u010dn\u00fdch okien sa zas tak nel\u00ed\u0161ia. Na rozdiel od [&hellip;]<\/p>\n","protected":false},"author":3,"featured_media":0,"comment_status":"closed","ping_status":"closed","sticky":false,"template":"","format":"standard","meta":{"footnotes":""},"categories":[],"tags":[],"class_list":["post-3764","post","type-post","status-publish","format-standard","hentry"],"yoast_head":"<!-- This site is optimized with the Yoast SEO plugin v27.4 - https:\/\/yoast.com\/product\/yoast-seo-wordpress\/ -->\n<title>Franc\u00fazske okn\u00e1 \u2013 druhy, materi\u00e1l, v\u00fdhody a v\u00fdber | Cedera okn\u00e1<\/title>\n<meta name=\"description\" content=\"Franc\u00fazske okn\u00e1 s\u00fa skvel\u00fdm interi\u00e9rov\u00fdm doplnkom, do miestnost\u00ed vnes\u00fa cel\u00fa horu svetla a p\u00f4sobia luxusn\u00fdm dojmom. Pon\u00fakame plastov\u00e9, dreven\u00e9, hlin\u00edkov\u00e9 alebo drevo-hlin\u00edkov\u00e9 franc\u00fazske okn\u00e1.\" \/>\n<meta name=\"robots\" content=\"index, follow, max-snippet:-1, max-image-preview:large, max-video-preview:-1\" \/>\n<link rel=\"canonical\" href=\"https:\/\/www.cedera-okna.sk\/sk\/francuzske-okna\/\" \/>\n<meta property=\"og:locale\" content=\"sk_SK\" \/>\n<meta property=\"og:type\" content=\"article\" \/>\n<meta property=\"og:title\" content=\"Franc\u00fazske okn\u00e1 \u2013 druhy, materi\u00e1l, v\u00fdhody a v\u00fdber | Cedera okn\u00e1\" \/>\n<meta property=\"og:description\" content=\"Franc\u00fazske okn\u00e1 s\u00fa skvel\u00fdm interi\u00e9rov\u00fdm doplnkom, do miestnost\u00ed vnes\u00fa cel\u00fa horu svetla a p\u00f4sobia luxusn\u00fdm dojmom. Pon\u00fakame plastov\u00e9, dreven\u00e9, hlin\u00edkov\u00e9 alebo drevo-hlin\u00edkov\u00e9 franc\u00fazske okn\u00e1.\" \/>\n<meta property=\"og:url\" content=\"https:\/\/www.cedera-okna.sk\/sk\/francuzske-okna\/\" \/>\n<meta property=\"og:site_name\" content=\"Cedera\" \/>\n<meta property=\"article:publisher\" content=\"https:\/\/www.facebook.com\/okna.cedera\/\" \/>\n<meta property=\"article:published_time\" content=\"2026-03-08T08:25:31+00:00\" \/>\n<meta property=\"article:modified_time\" content=\"2026-03-08T10:05:28+00:00\" \/>\n<meta property=\"og:image\" content=\"https:\/\/www.cedera-okna.sk\/wp-content\/uploads\/2018\/07\/francuzske-okna-izba-1024x341.jpg\" \/>\n\t<meta property=\"og:image:width\" content=\"1024\" \/>\n\t<meta property=\"og:image:height\" content=\"341\" \/>\n\t<meta property=\"og:image:type\" content=\"image\/jpeg\" \/>\n<meta name=\"author\" content=\"Cedera\" \/>\n<meta name=\"twitter:label1\" content=\"Autor\" \/>\n\t<meta name=\"twitter:data1\" content=\"Cedera\" \/>\n\t<meta name=\"twitter:label2\" content=\"Predpokladan\u00fd \u010das \u010d\u00edtania\" \/>\n\t<meta name=\"twitter:data2\" content=\"6 min\u00fat\" \/>\n<!-- \/ Yoast SEO plugin. -->","yoast_head_json":{"title":"Franc\u00fazske okn\u00e1 \u2013 druhy, materi\u00e1l, v\u00fdhody a v\u00fdber | Cedera okn\u00e1","description":"Franc\u00fazske okn\u00e1 s\u00fa skvel\u00fdm interi\u00e9rov\u00fdm doplnkom, do miestnost\u00ed vnes\u00fa cel\u00fa horu svetla a p\u00f4sobia luxusn\u00fdm dojmom. Pon\u00fakame plastov\u00e9, dreven\u00e9, hlin\u00edkov\u00e9 alebo drevo-hlin\u00edkov\u00e9 franc\u00fazske okn\u00e1.","robots":{"index":"index","follow":"follow","max-snippet":"max-snippet:-1","max-image-preview":"max-image-preview:large","max-video-preview":"max-video-preview:-1"},"canonical":"https:\/\/www.cedera-okna.sk\/sk\/francuzske-okna\/","og_locale":"sk_SK","og_type":"article","og_title":"Franc\u00fazske okn\u00e1 \u2013 druhy, materi\u00e1l, v\u00fdhody a v\u00fdber | Cedera okn\u00e1","og_description":"Franc\u00fazske okn\u00e1 s\u00fa skvel\u00fdm interi\u00e9rov\u00fdm doplnkom, do miestnost\u00ed vnes\u00fa cel\u00fa horu svetla a p\u00f4sobia luxusn\u00fdm dojmom. Pon\u00fakame plastov\u00e9, dreven\u00e9, hlin\u00edkov\u00e9 alebo drevo-hlin\u00edkov\u00e9 franc\u00fazske okn\u00e1.","og_url":"https:\/\/www.cedera-okna.sk\/sk\/francuzske-okna\/","og_site_name":"Cedera","article_publisher":"https:\/\/www.facebook.com\/okna.cedera\/","article_published_time":"2026-03-08T08:25:31+00:00","article_modified_time":"2026-03-08T10:05:28+00:00","og_image":[{"width":1024,"height":341,"url":"https:\/\/www.cedera-okna.sk\/wp-content\/uploads\/2018\/07\/francuzske-okna-izba-1024x341.jpg","type":"image\/jpeg"}],"author":"Cedera","twitter_misc":{"Autor":"Cedera","Predpokladan\u00fd \u010das \u010d\u00edtania":"6 min\u00fat"},"schema":{"@context":"https:\/\/schema.org","@graph":[{"@type":"Article","@id":"https:\/\/www.cedera-okna.sk\/sk\/francuzske-okna\/#article","isPartOf":{"@id":"https:\/\/www.cedera-okna.sk\/sk\/francuzske-okna\/"},"author":{"name":"Cedera","@id":"https:\/\/www.cedera-okna.sk\/sk\/#\/schema\/person\/5472b16fb96c7eb561b42b471d6142bd"},"headline":"Franc\u00fazske okn\u00e1 a \u010do by ste o nich mali vedie\u0165","datePublished":"2026-03-08T08:25:31+00:00","dateModified":"2026-03-08T10:05:28+00:00","mainEntityOfPage":{"@id":"https:\/\/www.cedera-okna.sk\/sk\/francuzske-okna\/"},"wordCount":993,"publisher":{"@id":"https:\/\/www.cedera-okna.sk\/sk\/#organization"},"image":{"@id":"https:\/\/www.cedera-okna.sk\/sk\/francuzske-okna\/#primaryimage"},"thumbnailUrl":"https:\/\/cedera-okna.sk\/wp-content\/uploads\/2018\/07\/francuzske-okna-izba-1024x341.jpg","inLanguage":"sk-SK"},{"@type":"WebPage","@id":"https:\/\/www.cedera-okna.sk\/sk\/francuzske-okna\/","url":"https:\/\/www.cedera-okna.sk\/sk\/francuzske-okna\/","name":"Franc\u00fazske okn\u00e1 \u2013 druhy, materi\u00e1l, v\u00fdhody a v\u00fdber | Cedera okn\u00e1","isPartOf":{"@id":"https:\/\/www.cedera-okna.sk\/sk\/#website"},"primaryImageOfPage":{"@id":"https:\/\/www.cedera-okna.sk\/sk\/francuzske-okna\/#primaryimage"},"image":{"@id":"https:\/\/www.cedera-okna.sk\/sk\/francuzske-okna\/#primaryimage"},"thumbnailUrl":"https:\/\/cedera-okna.sk\/wp-content\/uploads\/2018\/07\/francuzske-okna-izba-1024x341.jpg","datePublished":"2026-03-08T08:25:31+00:00","dateModified":"2026-03-08T10:05:28+00:00","description":"Franc\u00fazske okn\u00e1 s\u00fa skvel\u00fdm interi\u00e9rov\u00fdm doplnkom, do miestnost\u00ed vnes\u00fa cel\u00fa horu svetla a p\u00f4sobia luxusn\u00fdm dojmom. Pon\u00fakame plastov\u00e9, dreven\u00e9, hlin\u00edkov\u00e9 alebo drevo-hlin\u00edkov\u00e9 franc\u00fazske okn\u00e1.","breadcrumb":{"@id":"https:\/\/www.cedera-okna.sk\/sk\/francuzske-okna\/#breadcrumb"},"inLanguage":"sk-SK","potentialAction":[{"@type":"ReadAction","target":["https:\/\/www.cedera-okna.sk\/sk\/francuzske-okna\/"]}]},{"@type":"ImageObject","inLanguage":"sk-SK","@id":"https:\/\/www.cedera-okna.sk\/sk\/francuzske-okna\/#primaryimage","url":"https:\/\/cedera-okna.sk\/wp-content\/uploads\/2018\/07\/francuzske-okna-izba-1024x341.jpg","contentUrl":"https:\/\/cedera-okna.sk\/wp-content\/uploads\/2018\/07\/francuzske-okna-izba-1024x341.jpg"},{"@type":"BreadcrumbList","@id":"https:\/\/www.cedera-okna.sk\/sk\/francuzske-okna\/#breadcrumb","itemListElement":[{"@type":"ListItem","position":1,"name":"Domovsk\u00e1 str\u00e1nka","item":"https:\/\/www.cedera-okna.sk\/sk\/"},{"@type":"ListItem","position":2,"name":"Franc\u00fazske okn\u00e1 a \u010do by ste o nich mali vedie\u0165"}]},{"@type":"WebSite","@id":"https:\/\/www.cedera-okna.sk\/sk\/#website","url":"https:\/\/www.cedera-okna.sk\/sk\/","name":"Cedera","description":"Plastov\u00e9 okn\u00e1 Bratislava","publisher":{"@id":"https:\/\/www.cedera-okna.sk\/sk\/#organization"},"potentialAction":[{"@type":"SearchAction","target":{"@type":"EntryPoint","urlTemplate":"https:\/\/www.cedera-okna.sk\/sk\/?s={search_term_string}"},"query-input":{"@type":"PropertyValueSpecification","valueRequired":true,"valueName":"search_term_string"}}],"inLanguage":"sk-SK"},{"@type":"Organization","@id":"https:\/\/www.cedera-okna.sk\/sk\/#organization","name":"CEDERA s.r.o.","url":"https:\/\/www.cedera-okna.sk\/sk\/","logo":{"@type":"ImageObject","inLanguage":"sk-SK","@id":"https:\/\/www.cedera-okna.sk\/sk\/#\/schema\/logo\/image\/","url":"https:\/\/www.cedera-okna.sk\/wp-content\/uploads\/2018\/10\/Cedera-logo.png","contentUrl":"https:\/\/www.cedera-okna.sk\/wp-content\/uploads\/2018\/10\/Cedera-logo.png","width":190,"height":66,"caption":"CEDERA s.r.o."},"image":{"@id":"https:\/\/www.cedera-okna.sk\/sk\/#\/schema\/logo\/image\/"},"sameAs":["https:\/\/www.facebook.com\/okna.cedera\/"]},{"@type":"Person","@id":"https:\/\/www.cedera-okna.sk\/sk\/#\/schema\/person\/5472b16fb96c7eb561b42b471d6142bd","name":"Cedera","url":"https:\/\/www.cedera-okna.sk\/sk\/author\/cedera\/"}]}},"_links":{"self":[{"href":"https:\/\/www.cedera-okna.sk\/sk\/wp-json\/wp\/v2\/posts\/3764","targetHints":{"allow":["GET"]}}],"collection":[{"href":"https:\/\/www.cedera-okna.sk\/sk\/wp-json\/wp\/v2\/posts"}],"about":[{"href":"https:\/\/www.cedera-okna.sk\/sk\/wp-json\/wp\/v2\/types\/post"}],"author":[{"embeddable":true,"href":"https:\/\/www.cedera-okna.sk\/sk\/wp-json\/wp\/v2\/users\/3"}],"replies":[{"embeddable":true,"href":"https:\/\/www.cedera-okna.sk\/sk\/wp-json\/wp\/v2\/comments?post=3764"}],"version-history":[{"count":23,"href":"https:\/\/www.cedera-okna.sk\/sk\/wp-json\/wp\/v2\/posts\/3764\/revisions"}],"predecessor-version":[{"id":33996,"href":"https:\/\/www.cedera-okna.sk\/sk\/wp-json\/wp\/v2\/posts\/3764\/revisions\/33996"}],"wp:attachment":[{"href":"https:\/\/www.cedera-okna.sk\/sk\/wp-json\/wp\/v2\/media?parent=3764"}],"wp:term":[{"taxonomy":"category","embeddable":true,"href":"https:\/\/www.cedera-okna.sk\/sk\/wp-json\/wp\/v2\/categories?post=3764"},{"taxonomy":"post_tag","embeddable":true,"href":"https:\/\/www.cedera-okna.sk\/sk\/wp-json\/wp\/v2\/tags?post=3764"}],"curies":[{"name":"wp","href":"https:\/\/api.w.org\/{rel}","templated":true}]}}