{"id":3488,"date":"2018-05-16T07:50:34","date_gmt":"2018-05-16T05:50:34","guid":{"rendered":"http:\/\/cedera-okna.sk\/sk\/?p=3488"},"modified":"2019-03-14T18:12:06","modified_gmt":"2019-03-14T17:12:06","slug":"ake-okna-vybrat-do-bytu-panelaku","status":"publish","type":"post","link":"https:\/\/www.cedera-okna.sk\/sk\/ake-okna-vybrat-do-bytu-panelaku\/","title":{"rendered":"Ak\u00e9 okn\u00e1 vybra\u0165 do bytu alebo panel\u00e1ku"},"content":{"rendered":"<div class=\"wpb-content-wrapper\"><p>[vc_row][vc_column][vc_column_text]<\/p>\n<h2>Okn\u00e1, ktor\u00e9 sa hodia do bytov\u00fdch domov<\/h2>\n<p>Pri rekon\u0161trukcii, k\u00fape nov\u00e9ho bytu \u010di stavbe rodinn\u00e9ho domu by ste ur\u010dite nemali zabudn\u00fa\u0165 na d\u00f4le\u017eitos\u0165 okien. Okn\u00e1 sp\u013a\u0148aj\u00fa mnoho funkci\u00ed a\u00a0sl\u00fa\u017eia aj ako v\u00fdrazov\u00fd prostriedok. Ak sa rozhodujete, po ak\u00fdch okn\u00e1ch siahnu\u0165, v\u00a0prvom rade by ste mali zodpoveda\u0165 nieko\u013eko ot\u00e1zok o\u00a0svojich \u00a0o\u010dak\u00e1vaniach. V\u00e4\u010d\u0161ina dom\u00e1cnosti okn\u00e1 men\u00ed hlavne kv\u00f4li \u00faspore energie \u010di zmene dizajnu.<\/p>\n<h3><img decoding=\"async\" class=\"alignnone wp-image-3573\" src=\"http:\/\/cedera-okna.sk\/wp-content\/uploads\/2018\/05\/okna-do-bytu-panelaku-300x157.jpg\" alt=\"Okn\u00e1 do bytu alebo panel\u00e1ku\" width=\"476\" height=\"249\" srcset=\"https:\/\/www.cedera-okna.sk\/wp-content\/uploads\/2018\/05\/okna-do-bytu-panelaku-300x157.jpg 300w, https:\/\/www.cedera-okna.sk\/wp-content\/uploads\/2018\/05\/okna-do-bytu-panelaku-390x204.jpg 390w, https:\/\/www.cedera-okna.sk\/wp-content\/uploads\/2018\/05\/okna-do-bytu-panelaku.jpg 476w\" sizes=\"(max-width: 476px) 100vw, 476px\" \/><\/h3>\n<h3>Ktor\u00e9 okn\u00e1 s\u00fa lep\u0161ie?<\/h3>\n<p>Do panel\u00e1kov sa hodia <strong><a href=\"http:\/\/cedera-okna.sk\/sk\/plastove-okna-bratislava\/\">plastov\u00e9 okn\u00e1<\/a><\/strong>, ktor\u00e9 sa vyzna\u010duj\u00fa mnoh\u00fdmi skvel\u00fdmi vlastnos\u0165ami. S\u00fa cenovo prijate\u013en\u00e9 a\u00a0dobr\u00e9 aj\u00a0z\u00a0izola\u010dn\u00e9ho h\u013eadiska. Pou\u017e\u00edva sa v\u00a0nich <strong><a href=\"http:\/\/cedera-okna.sk\/sk\/plastove-okna-dvojsklo-trojsklo\/\">izola\u010dn\u00e9 dvoj aj trojsklo<\/a><\/strong>. \u013dudia, ktor\u00ed b\u00fdvaj\u00fa v\u00a0bytov\u00fdch domoch, po tejto mo\u017enosti siahaj\u00fa \u010dasto. Plastov\u00e9 okn\u00e1 s\u00fa toti\u017e dlhodobou invest\u00edciou, vydr\u017eia v\u00e1m po cel\u00e9 desa\u0165ro\u010dia. Vyr\u00e1baj\u00fa sa z\u00a0nem\u00e4k\u010den\u00e9ho PVC. Nosn\u00fa kon\u0161trukciu tvor\u00ed kovov\u00fd r\u00e1m. Ten zvy\u0161uje odolnos\u0165 okna a\u00a0zabezpe\u010duje jeho st\u00e1ly tvar.<\/p>\n<p>\u010eal\u0161\u00edm typom okien, ktor\u00e9 sa v\u010faka svojmu elegantn\u00e9mu vzh\u013eadu hodia do panel\u00e1kov a\u00a0modern\u00fdch stavieb, s\u00fa <strong><a href=\"http:\/\/cedera-okna.sk\/sk\/drevohlinikove-okna\/\">okn\u00e1 drevohlin\u00edkov\u00e9<\/a><\/strong>. Tieto okn\u00e1 okrem praktick\u00fdch vlastnost\u00ed pon\u00fakaj\u00fa aj \u0161irok\u00e9 spektrum farebn\u00fdch preveden\u00ed, ktor\u00e9 akiste uspokoja aj t\u00fdch najn\u00e1ro\u010dnej\u0161\u00edch z\u00e1kazn\u00edkov. Maj\u00fa o\u00a0\u010dosi hor\u0161ie izola\u010dn\u00e9 vlastnosti ako tie plastov\u00e9. Na druhej strane sa im ale \u017eivotnos\u0165ou a\u00a0st\u00e1los\u0165ou \u017eiadny in\u00fd typ okien nevyrovn\u00e1. Z\u00e1klad drevohlin\u00edkov\u00fdch okien tvor\u00ed dreven\u00e1 kon\u0161trukcia, ktor\u00fa chr\u00e1ni hlin\u00edkov\u00fd kryt.<\/p>\n<div id=\"promo-box\">\n<h3>\u010co pon\u00fakame<\/h3>\n<p>Vyberte si z na\u0161ej ponuky plastov\u00fdch, dreven\u00fdch, hlin\u00edkov\u00fdch alebo drevohlin\u00edkov\u00fdch okien. N\u00e1\u0161 technik vykon\u00e1 odborn\u00e9 zameranie, po dohode s vami zabezpe\u010d\u00edme dopravu a profesion\u00e1lnu mont\u00e1\u017e. Samozrejmos\u0165ou je poradenstvo ak\u00e9 okn\u00e1 a doplnky vybra\u0165 tak, aby sme minimalizovali mo\u017enos\u0165 nekompatibility jednotliv\u00fdch prvkov. Na z\u00e1klade <strong><a href=\"http:\/\/cedera-okna.sk\/sk\/nezavazna-cenova-ponuka\/\">nez\u00e1v\u00e4znej cenovej ponuky<\/a><\/strong> v\u00e1s budeme kontaktova\u0165.<\/p>\n<\/div>\n<h2>Plastov\u00e9 okn\u00e1 verzus drevohlin\u00edkov\u00e9 okn\u00e1<\/h2>\n<h3>Plastov\u00e9 okn\u00e1:<\/h3>\n<p>+ jednoduch\u00e1 \u00fadr\u017eba<br \/>\n+ skvel\u00e9 tepelnoizola\u010dn\u00e9 vlastnosti<br \/>\n+ cenov\u00e1 dostupnos\u0165<br \/>\n+ primerane \u0161irok\u00e1 ponuka \u00faprav povrchov<\/p>\n<p>&#8211; hrub\u0161ie r\u00e1my<br \/>\n&#8211; hor\u0161ie mechanick\u00e9 vlastnosti<br \/>\n&#8211; men\u0161ia tvarov\u00e1 st\u00e1los\u0165<\/p>\n<h3>Drevohlin\u00edkov\u00e9 okn\u00e1:<\/h3>\n<p>+ modern\u00fd vzh\u013ead<br \/>\n+ rozmanitos\u0165 v\u00a0povrchov\u00fdch \u00a0\u00faprav\u00e1ch<br \/>\n+ jednoduch\u00e1 \u00fadr\u017eba<br \/>\n+ dlh\u00e1 \u017eivotnos\u0165 a\u00a0vysok\u00e1 odolnos\u0165<br \/>\n+ materi\u00e1l je recyklovate\u013en\u00fd<\/p>\n<p>&#8211; vy\u0161\u0161ia cena<\/p>\n<h2>Na \u010do si pri v\u00fdbere okien d\u00e1va\u0165 pozor?<\/h2>\n<h3>Osadenie<\/h3>\n<p>Ak ste si kone\u010dne vybrali druh okien, ste skoro v\u00a0cieli. Predt\u00fdm, ako za\u010dnete oslavova\u0165, by ste ale mali myslie\u0165 aj na osadenie a\u00a0jeho kvalitu. Okn\u00e1 sa zvy\u010dajne kv\u00f4li energetick\u00fdm \u00faspor\u00e1m osadzuj\u00fa do \u00farovne tepeln\u00fdch izol\u00e1ci\u00ed. D\u00f4le\u017eit\u00e1 je tie\u017e osadzovacia \u0161k\u00e1ra. T\u00e1 mus\u00ed by\u0165 primerane ve\u013ek\u00e1, aby umo\u017enila roz\u0165ahovanie a\u00a0s\u0165ahovanie okien v\u00a0d\u00f4sledku teplotn\u00fdch zmien.<\/p>\n<p>Pri mont\u00e1\u017ei okien by sa mala pou\u017ei\u0165 tepeln\u00e1 izol\u00e1cia a\u00a0tesniace p\u00e1sky, ktor\u00e9 musia by\u0165 z\u00a0exteri\u00e9rovej strany vodotesn\u00e9 a\u00a0z\u00a0tej interi\u00e9rovej parotesn\u00e9. Najlep\u0161\u00edm rie\u0161en\u00edm je v\u00a0tomto pr\u00edpade p\u00e1ska, ktor\u00e1 je kombin\u00e1ciou troch u\u017eito\u010dn\u00fdch vlastnost\u00ed \u2013 je parotesn\u00e1, paropriepustn\u00e1 a\u00a0je tepeln\u00fdm izolantom.<\/p>\n<h3>Utesnenie<\/h3>\n<p>V domoch s n\u00faten\u00fdm vetran\u00edm nem\u00f4\u017eete v\u00a0miestach okien poru\u0161i\u0165 vzduchotesnos\u0165. Preto mus\u00edte \u0161k\u00e1ry okolo nich utesni\u0165 \u0161peci\u00e1lnymi p\u00e1skami, v\u010faka ktor\u00fdm okn\u00e1 napoj\u00edte na vzduchotesn\u00fd obal domu.[\/vc_column_text][\/vc_column][\/vc_row][vc_row][vc_column][vc_column_text]<\/p>\n<h2 style=\"text-align: center;\">M\u00e1te z\u00e1ujem o nov\u00e9 okn\u00e1 alebo potrebujete poradi\u0165 s v\u00fdberom?<br \/>\nVypl\u0148te formul\u00e1r ni\u017e\u0161ie a ozveme sa v\u00e1m do 24 hod\u00edn.<\/h2>\n<p>[\/vc_column_text]\n<div class=\"wpcf7 no-js\" id=\"wpcf7-f2486-o1\" lang=\"sk-SK\" dir=\"ltr\" data-wpcf7-id=\"2486\">\n<div class=\"screen-reader-response\"><p role=\"status\" aria-live=\"polite\" aria-atomic=\"true\"><\/p> <ul><\/ul><\/div>\n<form action=\"\/sk\/wp-json\/wp\/v2\/posts\/3488#wpcf7-f2486-o1\" method=\"post\" class=\"wpcf7-form init\" aria-label=\"Kontaktn\u00fd formul\u00e1r\" novalidate=\"novalidate\" data-status=\"init\">\n<fieldset class=\"hidden-fields-container\"><input type=\"hidden\" name=\"_wpcf7\" value=\"2486\" \/><input type=\"hidden\" name=\"_wpcf7_version\" value=\"6.1.5\" \/><input type=\"hidden\" name=\"_wpcf7_locale\" value=\"sk_SK\" \/><input type=\"hidden\" name=\"_wpcf7_unit_tag\" value=\"wpcf7-f2486-o1\" \/><input type=\"hidden\" name=\"_wpcf7_container_post\" value=\"0\" \/><input type=\"hidden\" name=\"_wpcf7_posted_data_hash\" value=\"\" \/><input type=\"hidden\" name=\"_wpcf7_recaptcha_response\" value=\"\" \/>\n<\/fieldset>\n<p><label><br \/>\n<span class=\"wpcf7-form-control-wrap\" data-name=\"your-name\"><input size=\"40\" maxlength=\"400\" class=\"wpcf7-form-control wpcf7-text wpcf7-validates-as-required\" aria-required=\"true\" aria-invalid=\"false\" placeholder=\"Meno*\" value=\"\" type=\"text\" name=\"your-name\" \/><\/span> <\/label>\n<\/p>\n<div class=\"sc_form_info columns_wrap\">\n\t<div class=\"sc_form_item sc_form_field label_over column-1_2\">\n\t\t<p><label><br \/>\n<span class=\"wpcf7-form-control-wrap\" data-name=\"your-telefon\"><input size=\"40\" maxlength=\"400\" class=\"wpcf7-form-control wpcf7-tel wpcf7-validates-as-required wpcf7-text wpcf7-validates-as-tel\" aria-required=\"true\" aria-invalid=\"false\" placeholder=\"Telef\u00f3n*\" value=\"\" type=\"tel\" name=\"your-telefon\" \/><\/span> <\/label>\n\t\t<\/p>\n\t<\/div>\n\t<div class=\"sc_form_item sc_form_field label_over column-1_2 pading0\">\n\t\t<p><label><br \/>\n<span class=\"wpcf7-form-control-wrap\" data-name=\"your-email\"><input size=\"40\" maxlength=\"400\" class=\"wpcf7-form-control wpcf7-email wpcf7-validates-as-required wpcf7-text wpcf7-validates-as-email\" aria-required=\"true\" aria-invalid=\"false\" placeholder=\"E-mail*\" value=\"\" type=\"email\" name=\"your-email\" \/><\/span><\/label>\n\t\t<\/p>\n\t<\/div>\n<\/div>\n<p><label><br \/>\n<span class=\"wpcf7-form-control-wrap\" data-name=\"your-message\"><textarea cols=\"40\" rows=\"10\" maxlength=\"2000\" class=\"wpcf7-form-control wpcf7-textarea\" aria-invalid=\"false\" placeholder=\"Pros\u00edm kontaktujte ma oh\u013eadom...\" name=\"your-message\"><\/textarea><\/span> <\/label>\n<\/p>\n<p><span class=\"wpcf7-form-control-wrap\" data-name=\"checkbox-597\"><span class=\"wpcf7-form-control wpcf7-checkbox wpcf7-validates-as-required\"><span class=\"wpcf7-list-item first last\"><input type=\"checkbox\" name=\"checkbox-597[]\" value=\"S\u00fahlas\u00edm so zpracovan\u00edm osobn\u00fdch \u00fadajov*\" \/><span class=\"wpcf7-list-item-label\">S\u00fahlas\u00edm so zpracovan\u00edm osobn\u00fdch \u00fadajov*<\/span><\/span><\/span><\/span>\n<\/p>\n<p><input class=\"wpcf7-form-control wpcf7-submit has-spinner\" type=\"submit\" value=\"Posla\u0165 po\u017eiadavku\" \/>\n<\/p>\n<p>*polo\u017eka je povinn\u00e1\n<\/p><div class=\"wpcf7-response-output\" aria-hidden=\"true\"><\/div>\n<\/form>\n<\/div>\n[\/vc_column][\/vc_row]<\/p>\n<\/div>","protected":false},"excerpt":{"rendered":"<p>[vc_row][vc_column][vc_column_text] Okn\u00e1, ktor\u00e9 sa hodia do bytov\u00fdch domov Pri rekon\u0161trukcii, k\u00fape nov\u00e9ho bytu \u010di stavbe rodinn\u00e9ho domu by ste ur\u010dite nemali zabudn\u00fa\u0165 na d\u00f4le\u017eitos\u0165 okien. Okn\u00e1 sp\u013a\u0148aj\u00fa mnoho funkci\u00ed a\u00a0sl\u00fa\u017eia aj ako v\u00fdrazov\u00fd prostriedok. Ak sa rozhodujete, po ak\u00fdch okn\u00e1ch siahnu\u0165, v\u00a0prvom rade by ste mali zodpoveda\u0165 nieko\u013eko ot\u00e1zok o\u00a0svojich \u00a0o\u010dak\u00e1vaniach. V\u00e4\u010d\u0161ina dom\u00e1cnosti okn\u00e1 men\u00ed [&hellip;]<\/p>\n","protected":false},"author":3,"featured_media":0,"comment_status":"closed","ping_status":"closed","sticky":false,"template":"","format":"standard","meta":{"footnotes":""},"categories":[],"tags":[],"class_list":["post-3488","post","type-post","status-publish","format-standard","hentry"],"yoast_head":"<!-- This site is optimized with the Yoast SEO plugin v27.4 - https:\/\/yoast.com\/product\/yoast-seo-wordpress\/ -->\n<title>Ak\u00e9 okn\u00e1 vybra\u0165 do bytu, panel\u00e1ku a bytov\u00fdch domov | Cedera okn\u00e1<\/title>\n<meta name=\"description\" content=\"Pri rekon\u0161trukcii, k\u00fape nov\u00e9ho bytu \u010di stavbe rodinn\u00e9ho domu by ste ur\u010dite nemali zabudn\u00fa\u0165 na d\u00f4le\u017eitos\u0165 okien. Do panel\u00e1kov sa hodia plastov\u00e9 okn\u00e1, ktor\u00e9 sa vyzna\u010duj\u00fa mnoh\u00fdmi skvel\u00fdmi vlastnos\u0165ami. \u010eal\u0161\u00edm typom okien s\u00fa okn\u00e1 drevohlin\u00edkov\u00e9. Neviete si rady? Pom\u00f4\u017eeme v\u00e1m s v\u00fdberom vhodn\u00fdch okien.\" \/>\n<meta name=\"robots\" content=\"index, follow, max-snippet:-1, max-image-preview:large, max-video-preview:-1\" \/>\n<link rel=\"canonical\" href=\"https:\/\/www.cedera-okna.sk\/sk\/ake-okna-vybrat-do-bytu-panelaku\/\" \/>\n<meta property=\"og:locale\" content=\"sk_SK\" \/>\n<meta property=\"og:type\" content=\"article\" \/>\n<meta property=\"og:title\" content=\"Ak\u00e9 okn\u00e1 vybra\u0165 do bytu, panel\u00e1ku a bytov\u00fdch domov | Cedera okn\u00e1\" \/>\n<meta property=\"og:description\" content=\"Pri rekon\u0161trukcii, k\u00fape nov\u00e9ho bytu \u010di stavbe rodinn\u00e9ho domu by ste ur\u010dite nemali zabudn\u00fa\u0165 na d\u00f4le\u017eitos\u0165 okien. Do panel\u00e1kov sa hodia plastov\u00e9 okn\u00e1, ktor\u00e9 sa vyzna\u010duj\u00fa mnoh\u00fdmi skvel\u00fdmi vlastnos\u0165ami. \u010eal\u0161\u00edm typom okien s\u00fa okn\u00e1 drevohlin\u00edkov\u00e9. Neviete si rady? Pom\u00f4\u017eeme v\u00e1m s v\u00fdberom vhodn\u00fdch okien.\" \/>\n<meta property=\"og:url\" content=\"https:\/\/www.cedera-okna.sk\/sk\/ake-okna-vybrat-do-bytu-panelaku\/\" \/>\n<meta property=\"og:site_name\" content=\"Cedera\" \/>\n<meta property=\"article:publisher\" content=\"https:\/\/www.facebook.com\/okna.cedera\/\" \/>\n<meta property=\"article:published_time\" content=\"2018-05-16T05:50:34+00:00\" \/>\n<meta property=\"article:modified_time\" content=\"2019-03-14T17:12:06+00:00\" \/>\n<meta property=\"og:image\" content=\"http:\/\/cedera-okna.sk\/wp-content\/uploads\/2018\/05\/okna-do-bytu-panelaku-300x157.jpg\" \/>\n<meta name=\"author\" content=\"Cedera\" \/>\n<meta name=\"twitter:label1\" content=\"Autor\" \/>\n\t<meta name=\"twitter:data1\" content=\"Cedera\" \/>\n\t<meta name=\"twitter:label2\" content=\"Predpokladan\u00fd \u010das \u010d\u00edtania\" \/>\n\t<meta name=\"twitter:data2\" content=\"3 min\u00faty\" \/>\n<!-- \/ Yoast SEO plugin. -->","yoast_head_json":{"title":"Ak\u00e9 okn\u00e1 vybra\u0165 do bytu, panel\u00e1ku a bytov\u00fdch domov | Cedera okn\u00e1","description":"Pri rekon\u0161trukcii, k\u00fape nov\u00e9ho bytu \u010di stavbe rodinn\u00e9ho domu by ste ur\u010dite nemali zabudn\u00fa\u0165 na d\u00f4le\u017eitos\u0165 okien. Do panel\u00e1kov sa hodia plastov\u00e9 okn\u00e1, ktor\u00e9 sa vyzna\u010duj\u00fa mnoh\u00fdmi skvel\u00fdmi vlastnos\u0165ami. \u010eal\u0161\u00edm typom okien s\u00fa okn\u00e1 drevohlin\u00edkov\u00e9. Neviete si rady? Pom\u00f4\u017eeme v\u00e1m s v\u00fdberom vhodn\u00fdch okien.","robots":{"index":"index","follow":"follow","max-snippet":"max-snippet:-1","max-image-preview":"max-image-preview:large","max-video-preview":"max-video-preview:-1"},"canonical":"https:\/\/www.cedera-okna.sk\/sk\/ake-okna-vybrat-do-bytu-panelaku\/","og_locale":"sk_SK","og_type":"article","og_title":"Ak\u00e9 okn\u00e1 vybra\u0165 do bytu, panel\u00e1ku a bytov\u00fdch domov | Cedera okn\u00e1","og_description":"Pri rekon\u0161trukcii, k\u00fape nov\u00e9ho bytu \u010di stavbe rodinn\u00e9ho domu by ste ur\u010dite nemali zabudn\u00fa\u0165 na d\u00f4le\u017eitos\u0165 okien. Do panel\u00e1kov sa hodia plastov\u00e9 okn\u00e1, ktor\u00e9 sa vyzna\u010duj\u00fa mnoh\u00fdmi skvel\u00fdmi vlastnos\u0165ami. \u010eal\u0161\u00edm typom okien s\u00fa okn\u00e1 drevohlin\u00edkov\u00e9. Neviete si rady? Pom\u00f4\u017eeme v\u00e1m s v\u00fdberom vhodn\u00fdch okien.","og_url":"https:\/\/www.cedera-okna.sk\/sk\/ake-okna-vybrat-do-bytu-panelaku\/","og_site_name":"Cedera","article_publisher":"https:\/\/www.facebook.com\/okna.cedera\/","article_published_time":"2018-05-16T05:50:34+00:00","article_modified_time":"2019-03-14T17:12:06+00:00","og_image":[{"url":"http:\/\/cedera-okna.sk\/wp-content\/uploads\/2018\/05\/okna-do-bytu-panelaku-300x157.jpg","type":"","width":"","height":""}],"author":"Cedera","twitter_misc":{"Autor":"Cedera","Predpokladan\u00fd \u010das \u010d\u00edtania":"3 min\u00faty"},"schema":{"@context":"https:\/\/schema.org","@graph":[{"@type":"Article","@id":"https:\/\/www.cedera-okna.sk\/sk\/ake-okna-vybrat-do-bytu-panelaku\/#article","isPartOf":{"@id":"https:\/\/www.cedera-okna.sk\/sk\/ake-okna-vybrat-do-bytu-panelaku\/"},"author":{"name":"Cedera","@id":"https:\/\/www.cedera-okna.sk\/sk\/#\/schema\/person\/5472b16fb96c7eb561b42b471d6142bd"},"headline":"Ak\u00e9 okn\u00e1 vybra\u0165 do bytu alebo panel\u00e1ku","datePublished":"2018-05-16T05:50:34+00:00","dateModified":"2019-03-14T17:12:06+00:00","mainEntityOfPage":{"@id":"https:\/\/www.cedera-okna.sk\/sk\/ake-okna-vybrat-do-bytu-panelaku\/"},"wordCount":669,"publisher":{"@id":"https:\/\/www.cedera-okna.sk\/sk\/#organization"},"image":{"@id":"https:\/\/www.cedera-okna.sk\/sk\/ake-okna-vybrat-do-bytu-panelaku\/#primaryimage"},"thumbnailUrl":"http:\/\/cedera-okna.sk\/wp-content\/uploads\/2018\/05\/okna-do-bytu-panelaku-300x157.jpg","inLanguage":"sk-SK"},{"@type":"WebPage","@id":"https:\/\/www.cedera-okna.sk\/sk\/ake-okna-vybrat-do-bytu-panelaku\/","url":"https:\/\/www.cedera-okna.sk\/sk\/ake-okna-vybrat-do-bytu-panelaku\/","name":"Ak\u00e9 okn\u00e1 vybra\u0165 do bytu, panel\u00e1ku a bytov\u00fdch domov | Cedera okn\u00e1","isPartOf":{"@id":"https:\/\/www.cedera-okna.sk\/sk\/#website"},"primaryImageOfPage":{"@id":"https:\/\/www.cedera-okna.sk\/sk\/ake-okna-vybrat-do-bytu-panelaku\/#primaryimage"},"image":{"@id":"https:\/\/www.cedera-okna.sk\/sk\/ake-okna-vybrat-do-bytu-panelaku\/#primaryimage"},"thumbnailUrl":"http:\/\/cedera-okna.sk\/wp-content\/uploads\/2018\/05\/okna-do-bytu-panelaku-300x157.jpg","datePublished":"2018-05-16T05:50:34+00:00","dateModified":"2019-03-14T17:12:06+00:00","description":"Pri rekon\u0161trukcii, k\u00fape nov\u00e9ho bytu \u010di stavbe rodinn\u00e9ho domu by ste ur\u010dite nemali zabudn\u00fa\u0165 na d\u00f4le\u017eitos\u0165 okien. Do panel\u00e1kov sa hodia plastov\u00e9 okn\u00e1, ktor\u00e9 sa vyzna\u010duj\u00fa mnoh\u00fdmi skvel\u00fdmi vlastnos\u0165ami. \u010eal\u0161\u00edm typom okien s\u00fa okn\u00e1 drevohlin\u00edkov\u00e9. Neviete si rady? Pom\u00f4\u017eeme v\u00e1m s v\u00fdberom vhodn\u00fdch okien.","breadcrumb":{"@id":"https:\/\/www.cedera-okna.sk\/sk\/ake-okna-vybrat-do-bytu-panelaku\/#breadcrumb"},"inLanguage":"sk-SK","potentialAction":[{"@type":"ReadAction","target":["https:\/\/www.cedera-okna.sk\/sk\/ake-okna-vybrat-do-bytu-panelaku\/"]}]},{"@type":"ImageObject","inLanguage":"sk-SK","@id":"https:\/\/www.cedera-okna.sk\/sk\/ake-okna-vybrat-do-bytu-panelaku\/#primaryimage","url":"http:\/\/cedera-okna.sk\/wp-content\/uploads\/2018\/05\/okna-do-bytu-panelaku-300x157.jpg","contentUrl":"http:\/\/cedera-okna.sk\/wp-content\/uploads\/2018\/05\/okna-do-bytu-panelaku-300x157.jpg"},{"@type":"BreadcrumbList","@id":"https:\/\/www.cedera-okna.sk\/sk\/ake-okna-vybrat-do-bytu-panelaku\/#breadcrumb","itemListElement":[{"@type":"ListItem","position":1,"name":"Domovsk\u00e1 str\u00e1nka","item":"https:\/\/www.cedera-okna.sk\/sk\/"},{"@type":"ListItem","position":2,"name":"Ak\u00e9 okn\u00e1 vybra\u0165 do bytu alebo panel\u00e1ku"}]},{"@type":"WebSite","@id":"https:\/\/www.cedera-okna.sk\/sk\/#website","url":"https:\/\/www.cedera-okna.sk\/sk\/","name":"Cedera","description":"Plastov\u00e9 okn\u00e1 Bratislava","publisher":{"@id":"https:\/\/www.cedera-okna.sk\/sk\/#organization"},"potentialAction":[{"@type":"SearchAction","target":{"@type":"EntryPoint","urlTemplate":"https:\/\/www.cedera-okna.sk\/sk\/?s={search_term_string}"},"query-input":{"@type":"PropertyValueSpecification","valueRequired":true,"valueName":"search_term_string"}}],"inLanguage":"sk-SK"},{"@type":"Organization","@id":"https:\/\/www.cedera-okna.sk\/sk\/#organization","name":"CEDERA s.r.o.","url":"https:\/\/www.cedera-okna.sk\/sk\/","logo":{"@type":"ImageObject","inLanguage":"sk-SK","@id":"https:\/\/www.cedera-okna.sk\/sk\/#\/schema\/logo\/image\/","url":"https:\/\/www.cedera-okna.sk\/wp-content\/uploads\/2018\/10\/Cedera-logo.png","contentUrl":"https:\/\/www.cedera-okna.sk\/wp-content\/uploads\/2018\/10\/Cedera-logo.png","width":190,"height":66,"caption":"CEDERA s.r.o."},"image":{"@id":"https:\/\/www.cedera-okna.sk\/sk\/#\/schema\/logo\/image\/"},"sameAs":["https:\/\/www.facebook.com\/okna.cedera\/"]},{"@type":"Person","@id":"https:\/\/www.cedera-okna.sk\/sk\/#\/schema\/person\/5472b16fb96c7eb561b42b471d6142bd","name":"Cedera","url":"https:\/\/www.cedera-okna.sk\/sk\/author\/cedera\/"}]}},"_links":{"self":[{"href":"https:\/\/www.cedera-okna.sk\/sk\/wp-json\/wp\/v2\/posts\/3488","targetHints":{"allow":["GET"]}}],"collection":[{"href":"https:\/\/www.cedera-okna.sk\/sk\/wp-json\/wp\/v2\/posts"}],"about":[{"href":"https:\/\/www.cedera-okna.sk\/sk\/wp-json\/wp\/v2\/types\/post"}],"author":[{"embeddable":true,"href":"https:\/\/www.cedera-okna.sk\/sk\/wp-json\/wp\/v2\/users\/3"}],"replies":[{"embeddable":true,"href":"https:\/\/www.cedera-okna.sk\/sk\/wp-json\/wp\/v2\/comments?post=3488"}],"version-history":[{"count":18,"href":"https:\/\/www.cedera-okna.sk\/sk\/wp-json\/wp\/v2\/posts\/3488\/revisions"}],"predecessor-version":[{"id":6542,"href":"https:\/\/www.cedera-okna.sk\/sk\/wp-json\/wp\/v2\/posts\/3488\/revisions\/6542"}],"wp:attachment":[{"href":"https:\/\/www.cedera-okna.sk\/sk\/wp-json\/wp\/v2\/media?parent=3488"}],"wp:term":[{"taxonomy":"category","embeddable":true,"href":"https:\/\/www.cedera-okna.sk\/sk\/wp-json\/wp\/v2\/categories?post=3488"},{"taxonomy":"post_tag","embeddable":true,"href":"https:\/\/www.cedera-okna.sk\/sk\/wp-json\/wp\/v2\/tags?post=3488"}],"curies":[{"name":"wp","href":"https:\/\/api.w.org\/{rel}","templated":true}]}}