{"id":33991,"date":"2026-03-15T14:35:04","date_gmt":"2026-03-15T13:35:04","guid":{"rendered":"https:\/\/www.cedera-okna.sk\/sk\/?p=33991"},"modified":"2026-03-15T14:44:54","modified_gmt":"2026-03-15T13:44:54","slug":"ako-ochranit-dom-pred-slnkom-teplom-a-hmyzom","status":"publish","type":"post","link":"https:\/\/www.cedera-okna.sk\/sk\/ako-ochranit-dom-pred-slnkom-teplom-a-hmyzom\/","title":{"rendered":"Ako ochr\u00e1ni\u0165 dom pred slnkom, teplom a hmyzom: vonkaj\u0161ie \u017eal\u00fazie, rolety a sie\u0165ky proti hmyzu"},"content":{"rendered":"<div class=\"wpb-content-wrapper\"><p>[vc_row][vc_column][vc_column_text css=&#8221;&#8221;]Letn\u00e9 mesiace prin\u00e1\u0161aj\u00fa mno\u017estvo slne\u010dn\u00fdch dn\u00ed, ale z\u00e1rove\u0148 aj probl\u00e9my s prehrievan\u00edm interi\u00e9ru a nepr\u00edjemn\u00fdm hmyzom. Mnoh\u00ed majitelia domov \u010di bytov rie\u0161ia, ako zabezpe\u010di\u0165 pr\u00edjemn\u00fa teplotu v interi\u00e9ri bez neust\u00e1leho pou\u017e\u00edvania klimatiz\u00e1cie a z\u00e1rove\u0148 si u\u017e\u00edva\u0165 \u010derstv\u00fd vzduch bez kom\u00e1rov \u010di m\u00fach.<\/p>\n<p>Modern\u00fdm rie\u0161en\u00edm je kombin\u00e1cia prvkov, ktor\u00e9 chr\u00e1nia okn\u00e1 aj interi\u00e9r. Medzi najefekt\u00edvnej\u0161ie patria <strong>vonkaj\u0161ie \u017eal\u00fazie<\/strong>, <strong>vonkaj\u0161ie rolety<\/strong> a <strong>sie\u0165ky proti hmyzu<\/strong>. Spr\u00e1vne zvolen\u00e1 kombin\u00e1cia t\u00fdchto prvkov dok\u00e1\u017ee v\u00fdrazne zv\u00fd\u0161i\u0165 komfort b\u00fdvania, zn\u00ed\u017ei\u0165 teplotu v interi\u00e9ri a z\u00e1rove\u0148 ochr\u00e1ni\u0165 dom\u00e1cnos\u0165 pred ne\u017eelan\u00fdmi n\u00e1v\u0161tevn\u00edkmi z vonkaj\u0161ieho prostredia.[\/vc_column_text][\/vc_column][\/vc_row][vc_row][vc_column][vc_column_text css=&#8221;&#8221;]<\/p>\n<h2>Pre\u010do je d\u00f4le\u017eit\u00e9 rie\u0161i\u0165 tienenie zvonku<\/h2>\n<p>Pri ochrane pred slnkom zohr\u00e1va z\u00e1sadn\u00fa \u00falohu miesto, kde sa tienenie nach\u00e1dza. Interi\u00e9rov\u00e9 \u017eal\u00fazie alebo z\u00e1vesy s\u00edce dok\u00e1\u017eu \u010diasto\u010dne zn\u00ed\u017ei\u0165 mno\u017estvo svetla, no teplo u\u017e v tom \u010dase preniklo cez sklo do miestnosti.<\/p>\n<p>Pr\u00e1ve preto s\u00fa <strong>vonkaj\u0161ie tieniace syst\u00e9my<\/strong> ove\u013ea \u00fa\u010dinnej\u0161ie. Zachytia slne\u010dn\u00e9 l\u00fa\u010de e\u0161te predt\u00fdm, ne\u017e sa dostan\u00fa k oknu. V\u010faka tomu sa interi\u00e9r prehrieva v\u00fdrazne menej a teplota v miestnosti m\u00f4\u017ee by\u0165 po\u010das hor\u00facich dn\u00ed aj o nieko\u013eko stup\u0148ov ni\u017e\u0161ia.<\/p>\n<p>Okrem regul\u00e1cie svetla prin\u00e1\u0161aj\u00fa tieto rie\u0161enia aj \u010fal\u0161ie v\u00fdhody:<\/p>\n<ul>\n<li>zni\u017euj\u00fa potrebu klimatiz\u00e1cie<\/li>\n<li>zlep\u0161uj\u00fa tepeln\u00fa izol\u00e1ciu okien<\/li>\n<li>zvy\u0161uj\u00fa s\u00fakromie v interi\u00e9ri<\/li>\n<li>prispievaj\u00fa k modernej\u0161iemu vzh\u013eadu domu<\/li>\n<\/ul>\n<p>[\/vc_column_text][\/vc_column][\/vc_row][vc_row][vc_column][vc_column_text css=&#8221;&#8221;]<\/p>\n<h2>Vonkaj\u0161ie \u017eal\u00fazie \u2013 regul\u00e1cia svetla a modern\u00fd vzh\u013ead<\/h2>\n<p>Jedn\u00fdm z najob\u013e\u00fabenej\u0161\u00edch rie\u0161en\u00ed pre rodinn\u00e9 domy aj modern\u00e9 bytov\u00e9 projekty s\u00fa <strong>vonkaj\u0161ie \u017eal\u00fazie<\/strong>. Ich hlavnou v\u00fdhodou je mo\u017enos\u0165 presnej regul\u00e1cie mno\u017estva svetla, ktor\u00e9 prenik\u00e1 do miestnosti.<\/p>\n<p>Lamely \u017eal\u00fazi\u00ed mo\u017eno nakl\u00e1\u0148a\u0165 pod\u013ea aktu\u00e1lnej potreby. To znamen\u00e1, \u017ee m\u00f4\u017eete:<\/p>\n<ul>\n<li>zn\u00ed\u017ei\u0165 intenzitu slne\u010dn\u00e9ho svetla<\/li>\n<li>zachova\u0165 prirodzen\u00e9 denn\u00e9 osvetlenie<\/li>\n<li>zabr\u00e1ni\u0165 prehrievaniu miestnost\u00ed<\/li>\n<\/ul>\n<p>Vonkaj\u0161ie \u017eal\u00fazie s\u00fa vhodn\u00e9 najm\u00e4 pre:<\/p>\n<ul>\n<li>modern\u00e9 rodinn\u00e9 domy<\/li>\n<li>ve\u013ek\u00e9 presklen\u00e9 plochy<\/li>\n<li>terasov\u00e9 alebo franc\u00fazske okn\u00e1<\/li>\n<li>kancel\u00e1rske priestory<\/li>\n<\/ul>\n<p>Okrem funk\u010dnosti maj\u00fa aj v\u00fdrazn\u00fd estetick\u00fd pr\u00ednos. V\u010faka r\u00f4znym farebn\u00fdm prevedeniam sa daj\u00fa \u013eahko zladi\u0165 s fas\u00e1dou domu a architekt\u00farou stavby.[\/vc_column_text][\/vc_column][\/vc_row][vc_row][vc_column][vc_column_text css=&#8221;&#8221;]<\/p>\n<h2>Vonkaj\u0161ie rolety \u2013 maxim\u00e1lne zatienenie a vy\u0161\u0161ia ochrana<\/h2>\n<p>Ak je prioritou maxim\u00e1lne zatienenie alebo zv\u00fd\u0161enie bezpe\u010dnosti, ide\u00e1lnou vo\u013ebou s\u00fa <strong>vonkaj\u0161ie rolety<\/strong>. Na rozdiel od \u017eal\u00fazi\u00ed vytv\u00e1raj\u00fa po zatiahnut\u00ed kompaktn\u00fa plochu, ktor\u00e1 dok\u00e1\u017ee okno \u00faplne zakry\u0165.<\/p>\n<p>Vonkaj\u0161ie rolety prin\u00e1\u0161aj\u00fa viacero v\u00fdhod:<\/p>\n<ul>\n<li>takmer \u00fapln\u00e9 zatemnenie miestnosti<\/li>\n<li>v\u00fdrazn\u00e1 ochrana pred prehrievan\u00edm<\/li>\n<li>lep\u0161ia tepeln\u00e1 izol\u00e1cia v zime<\/li>\n<li>zv\u00fd\u0161enie bezpe\u010dnosti proti vl\u00e1maniu<\/li>\n<li>zn\u00ed\u017eenie hluku z exteri\u00e9ru<\/li>\n<\/ul>\n<p>Pr\u00e1ve preto sa \u010dasto pou\u017e\u00edvaj\u00fa najm\u00e4 v sp\u00e1l\u0148ach alebo miestnostiach orientovan\u00fdch na juh a z\u00e1pad, kde je slne\u010dn\u00e9 \u017eiarenie najintenz\u00edvnej\u0161ie.<\/p>\n<p>Vonkaj\u0161ie rolety z\u00e1rove\u0148 prispievaj\u00fa k ochrane okien pred nepriazniv\u00fdm po\u010das\u00edm, ako je siln\u00fd vietor, d\u00e1\u017e\u010f \u010di krupobitie.[\/vc_column_text][\/vc_column][\/vc_row][vc_row][vc_column][vc_column_text css=&#8221;&#8221;]<\/p>\n<h2>Sie\u0165ky proti hmyzu \u2013 jednoduch\u00e1 ochrana pred kom\u00e1rmi a muchami<\/h2>\n<p>Po\u010das tepl\u00fdch ve\u010derov je prirodzen\u00e9 vetra\u0165 a p\u00fa\u0161\u0165a\u0165 do interi\u00e9ru \u010derstv\u00fd vzduch. Otvoren\u00e9 okn\u00e1 v\u0161ak \u010dasto znamenaj\u00fa aj pr\u00edchod kom\u00e1rov, m\u00fach alebo in\u00e9ho hmyzu.<\/p>\n<p>Praktick\u00fdm rie\u0161en\u00edm s\u00fa <strong>sie\u0165ky proti hmyzu<\/strong>, ktor\u00e9 umo\u017e\u0148uj\u00fa vetra\u0165 bez ob\u00e1v z nepr\u00edjemn\u00fdch n\u00e1v\u0161tevn\u00edkov.<\/p>\n<p>Modern\u00e9 sie\u0165ky maj\u00fa viacero v\u00fdhod:<\/p>\n<ul>\n<li>nen\u00e1padn\u00fd vzh\u013ead<\/li>\n<li>jednoduch\u00fa mont\u00e1\u017e<\/li>\n<li>dlh\u00fa \u017eivotnos\u0165<\/li>\n<li>minim\u00e1lnu \u00fadr\u017ebu<\/li>\n<\/ul>\n<p>Dostupn\u00e9 s\u00fa r\u00f4zne typy, napr\u00edklad:<\/p>\n<ul>\n<li>pevn\u00e9 sie\u0165ky do okien<\/li>\n<li>rolovacie sie\u0165ky<\/li>\n<li>posuvn\u00e9 sie\u0165ky na terasov\u00e9 dvere<\/li>\n<li>plis\u00e9 sie\u0165ky vhodn\u00e9 pre ve\u013ek\u00e9 otvory<\/li>\n<\/ul>\n<p>V\u010faka jemnej \u0161trukt\u00fare materi\u00e1lu prep\u00fa\u0161\u0165aj\u00fa dostatok svetla aj vzduchu, no z\u00e1rove\u0148 spo\u013eahlivo zabr\u00e1nia vniknutiu hmyzu do interi\u00e9ru.[\/vc_column_text][\/vc_column][\/vc_row][vc_row][vc_column][vc_column_text css=&#8221;&#8221;]<\/p>\n<h2>Uk\u00e1\u017eky na\u0161ej pr\u00e1ce:<\/h2>\n<p>[\/vc_column_text][vc_gallery type=&#8221;image_grid&#8221; images=&#8221;68,7730,11335&#8243; css=&#8221;&#8221;][\/vc_column][\/vc_row][vc_row][vc_column][vc_column_text css=&#8221;&#8221;]<\/p>\n<h2>Ide\u00e1lna kombin\u00e1cia pre maxim\u00e1lny komfort<\/h2>\n<p>Najlep\u0161ie v\u00fdsledky prin\u00e1\u0161a kombin\u00e1cia viacer\u00fdch rie\u0161en\u00ed. <strong>Vonkaj\u0161ie \u017eal\u00fazie alebo vonkaj\u0161ie rolety<\/strong> zabezpe\u010dia ochranu pred slnkom a prehrievan\u00edm, zatia\u013e \u010do <strong>sie\u0165ky proti hmyzu<\/strong> umo\u017enia pohodln\u00e9 vetranie po\u010das cel\u00e9ho d\u0148a aj noci.<\/p>\n<p>Tak\u00e1to kombin\u00e1cia prin\u00e1\u0161a mno\u017estvo v\u00fdhod:<\/p>\n<ul>\n<li>pr\u00edjemnej\u0161iu teplotu v interi\u00e9ri<\/li>\n<li>menej pou\u017e\u00edvania klimatiz\u00e1cie<\/li>\n<li>ochranu pred hmyzom<\/li>\n<li>vy\u0161\u0161\u00ed komfort b\u00fdvania<\/li>\n<li>modernej\u0161\u00ed vzh\u013ead domu<\/li>\n<\/ul>\n<p>Pri novostavb\u00e1ch je ide\u00e1lne myslie\u0165 na tieto rie\u0161enia u\u017e po\u010das projektovania. V pr\u00edpade existuj\u00facich domov je v\u0161ak v\u00e4\u010d\u0161inu syst\u00e9mov mo\u017en\u00e9 doplni\u0165 aj dodato\u010dne.[\/vc_column_text][\/vc_column][\/vc_row][vc_row][vc_column][vc_column_text css=&#8221;&#8221;]<\/p>\n<h2>Komfort b\u00fdvania po\u010das cel\u00e9ho roka<\/h2>\n<p>Invest\u00edcia do kvalitn\u00e9ho tienenia a ochrany okien sa prejav\u00ed nielen po\u010das hor\u00facich letn\u00fdch dn\u00ed, ale aj po\u010das cel\u00e9ho roka. Spr\u00e1vne navrhnut\u00e9 <strong>vonkaj\u0161ie \u017eal\u00fazie<\/strong>, <strong>vonkaj\u0161ie rolety<\/strong> a <strong>sie\u0165ky proti hmyzu<\/strong> pom\u00e1haj\u00fa vytvori\u0165 zdrav\u00e9 a komfortn\u00e9 prostredie v interi\u00e9ri.<\/p>\n<p>Okrem ochrany pred slnkom a hmyzom prispievaj\u00fa aj k lep\u0161ej energetickej efektivite domu a k vy\u0161\u0161ej kvalite b\u00fdvania. Modern\u00e9 rie\u0161enia navy\u0161e umo\u017e\u0148uj\u00fa automatick\u00e9 ovl\u00e1danie, ktor\u00e9 e\u0161te viac zvy\u0161uje pohodlie ka\u017edodenn\u00e9ho pou\u017e\u00edvania.<\/p>\n<p>Ak h\u013ead\u00e1te sp\u00f4sob, ako zlep\u0161i\u0165 komfort vo svojom dome alebo byte, pr\u00e1ve kombin\u00e1cia vonkaj\u0161ieho tienenia a ochrany proti hmyzu patr\u00ed medzi najpraktickej\u0161ie a najdlhodobej\u0161ie rie\u0161enia.[\/vc_column_text][\/vc_column][\/vc_row][vc_row][vc_column][vc_column_text css=&#8221;&#8221;]<\/p>\n<h2 style=\"text-align: center;\">M\u00e1te z\u00e1ujem o tienenie alebo ochranu pred hmyzom pre v\u00e1\u0161 dom? Nev\u00e1hajte n\u00e1s kontaktova\u0165. Ozveme sa v\u00e1m do 24 hod\u00edn.<\/h2>\n<p>[\/vc_column_text]\n<div class=\"wpcf7 no-js\" id=\"wpcf7-f2486-o1\" lang=\"sk-SK\" dir=\"ltr\" data-wpcf7-id=\"2486\">\n<div class=\"screen-reader-response\"><p role=\"status\" aria-live=\"polite\" aria-atomic=\"true\"><\/p> <ul><\/ul><\/div>\n<form action=\"\/sk\/wp-json\/wp\/v2\/posts\/33991#wpcf7-f2486-o1\" method=\"post\" class=\"wpcf7-form init\" aria-label=\"Kontaktn\u00fd formul\u00e1r\" novalidate=\"novalidate\" data-status=\"init\">\n<fieldset class=\"hidden-fields-container\"><input type=\"hidden\" name=\"_wpcf7\" value=\"2486\" \/><input type=\"hidden\" name=\"_wpcf7_version\" value=\"6.1.5\" \/><input type=\"hidden\" name=\"_wpcf7_locale\" value=\"sk_SK\" \/><input type=\"hidden\" name=\"_wpcf7_unit_tag\" value=\"wpcf7-f2486-o1\" \/><input type=\"hidden\" name=\"_wpcf7_container_post\" value=\"0\" \/><input type=\"hidden\" name=\"_wpcf7_posted_data_hash\" value=\"\" \/><input type=\"hidden\" name=\"_wpcf7_recaptcha_response\" value=\"\" \/>\n<\/fieldset>\n<p><label><br \/>\n<span class=\"wpcf7-form-control-wrap\" data-name=\"your-name\"><input size=\"40\" maxlength=\"400\" class=\"wpcf7-form-control wpcf7-text wpcf7-validates-as-required\" aria-required=\"true\" aria-invalid=\"false\" placeholder=\"Meno*\" value=\"\" type=\"text\" name=\"your-name\" \/><\/span> <\/label>\n<\/p>\n<div class=\"sc_form_info columns_wrap\">\n\t<div class=\"sc_form_item sc_form_field label_over column-1_2\">\n\t\t<p><label><br \/>\n<span class=\"wpcf7-form-control-wrap\" data-name=\"your-telefon\"><input size=\"40\" maxlength=\"400\" class=\"wpcf7-form-control wpcf7-tel wpcf7-validates-as-required wpcf7-text wpcf7-validates-as-tel\" aria-required=\"true\" aria-invalid=\"false\" placeholder=\"Telef\u00f3n*\" value=\"\" type=\"tel\" name=\"your-telefon\" \/><\/span> <\/label>\n\t\t<\/p>\n\t<\/div>\n\t<div class=\"sc_form_item sc_form_field label_over column-1_2 pading0\">\n\t\t<p><label><br \/>\n<span class=\"wpcf7-form-control-wrap\" data-name=\"your-email\"><input size=\"40\" maxlength=\"400\" class=\"wpcf7-form-control wpcf7-email wpcf7-validates-as-required wpcf7-text wpcf7-validates-as-email\" aria-required=\"true\" aria-invalid=\"false\" placeholder=\"E-mail*\" value=\"\" type=\"email\" name=\"your-email\" \/><\/span><\/label>\n\t\t<\/p>\n\t<\/div>\n<\/div>\n<p><label><br \/>\n<span class=\"wpcf7-form-control-wrap\" data-name=\"your-message\"><textarea cols=\"40\" rows=\"10\" maxlength=\"2000\" class=\"wpcf7-form-control wpcf7-textarea\" aria-invalid=\"false\" placeholder=\"Pros\u00edm kontaktujte ma oh\u013eadom...\" name=\"your-message\"><\/textarea><\/span> <\/label>\n<\/p>\n<p><span class=\"wpcf7-form-control-wrap\" data-name=\"checkbox-597\"><span class=\"wpcf7-form-control wpcf7-checkbox wpcf7-validates-as-required\"><span class=\"wpcf7-list-item first last\"><input type=\"checkbox\" name=\"checkbox-597[]\" value=\"S\u00fahlas\u00edm so zpracovan\u00edm osobn\u00fdch \u00fadajov*\" \/><span class=\"wpcf7-list-item-label\">S\u00fahlas\u00edm so zpracovan\u00edm osobn\u00fdch \u00fadajov*<\/span><\/span><\/span><\/span>\n<\/p>\n<p><input class=\"wpcf7-form-control wpcf7-submit has-spinner\" type=\"submit\" value=\"Posla\u0165 po\u017eiadavku\" \/>\n<\/p>\n<p>*polo\u017eka je povinn\u00e1\n<\/p><div class=\"wpcf7-response-output\" aria-hidden=\"true\"><\/div>\n<\/form>\n<\/div>\n[\/vc_column][\/vc_row]<\/p>\n<\/div>","protected":false},"excerpt":{"rendered":"<p>[vc_row][vc_column][vc_column_text css=&#8221;&#8221;]Letn\u00e9 mesiace prin\u00e1\u0161aj\u00fa mno\u017estvo slne\u010dn\u00fdch dn\u00ed, ale z\u00e1rove\u0148 aj probl\u00e9my s prehrievan\u00edm interi\u00e9ru a nepr\u00edjemn\u00fdm hmyzom. Mnoh\u00ed majitelia domov \u010di bytov rie\u0161ia, ako zabezpe\u010di\u0165 pr\u00edjemn\u00fa teplotu v interi\u00e9ri bez neust\u00e1leho pou\u017e\u00edvania klimatiz\u00e1cie a z\u00e1rove\u0148 si u\u017e\u00edva\u0165 \u010derstv\u00fd vzduch bez kom\u00e1rov \u010di m\u00fach. Modern\u00fdm rie\u0161en\u00edm je kombin\u00e1cia prvkov, ktor\u00e9 chr\u00e1nia okn\u00e1 aj interi\u00e9r. Medzi najefekt\u00edvnej\u0161ie [&hellip;]<\/p>\n","protected":false},"author":3,"featured_media":0,"comment_status":"closed","ping_status":"closed","sticky":false,"template":"","format":"standard","meta":{"footnotes":""},"categories":[],"tags":[],"class_list":["post-33991","post","type-post","status-publish","format-standard","hentry"],"yoast_head":"<!-- This site is optimized with the Yoast SEO plugin v27.5 - https:\/\/yoast.com\/product\/yoast-seo-wordpress\/ -->\n<title>Ako ochr\u00e1ni\u0165 dom pred slnkom, teplom a hmyzom: vonkaj\u0161ie \u017eal\u00fazie, rolety a sie\u0165ky proti hmyzu | Cedera<\/title>\n<meta name=\"description\" content=\"Zistite, ako efekt\u00edvne ochr\u00e1ni\u0165 dom pred letn\u00fdm teplom, ostr\u00fdm slnkom a nepr\u00edjemn\u00fdm hmyzom. Vonkaj\u0161ie \u017eal\u00fazie, vonkaj\u0161ie rolety a sie\u0165ky proti hmyzu prin\u00e1\u0161aj\u00fa komfort, s\u00fakromie aj \u00fasporu energie.\" \/>\n<meta name=\"robots\" content=\"index, follow, max-snippet:-1, max-image-preview:large, max-video-preview:-1\" \/>\n<link rel=\"canonical\" href=\"https:\/\/www.cedera-okna.sk\/sk\/ako-ochranit-dom-pred-slnkom-teplom-a-hmyzom\/\" \/>\n<meta property=\"og:locale\" content=\"sk_SK\" \/>\n<meta property=\"og:type\" content=\"article\" \/>\n<meta property=\"og:title\" content=\"Ako ochr\u00e1ni\u0165 dom pred slnkom, teplom a hmyzom: vonkaj\u0161ie \u017eal\u00fazie, rolety a sie\u0165ky proti hmyzu | Cedera\" \/>\n<meta property=\"og:description\" content=\"Zistite, ako efekt\u00edvne ochr\u00e1ni\u0165 dom pred letn\u00fdm teplom, ostr\u00fdm slnkom a nepr\u00edjemn\u00fdm hmyzom. Vonkaj\u0161ie \u017eal\u00fazie, vonkaj\u0161ie rolety a sie\u0165ky proti hmyzu prin\u00e1\u0161aj\u00fa komfort, s\u00fakromie aj \u00fasporu energie.\" \/>\n<meta property=\"og:url\" content=\"https:\/\/www.cedera-okna.sk\/sk\/ako-ochranit-dom-pred-slnkom-teplom-a-hmyzom\/\" \/>\n<meta property=\"og:site_name\" content=\"Cedera\" \/>\n<meta property=\"article:publisher\" content=\"https:\/\/www.facebook.com\/okna.cedera\/\" \/>\n<meta property=\"article:published_time\" content=\"2026-03-15T13:35:04+00:00\" \/>\n<meta property=\"article:modified_time\" content=\"2026-03-15T13:44:54+00:00\" \/>\n<meta name=\"author\" content=\"Cedera\" \/>\n<meta name=\"twitter:label1\" content=\"Autor\" \/>\n\t<meta name=\"twitter:data1\" content=\"Cedera\" \/>\n\t<meta name=\"twitter:label2\" content=\"Predpokladan\u00fd \u010das \u010d\u00edtania\" \/>\n\t<meta name=\"twitter:data2\" content=\"5 min\u00fat\" \/>\n<!-- \/ Yoast SEO plugin. -->","yoast_head_json":{"title":"Ako ochr\u00e1ni\u0165 dom pred slnkom, teplom a hmyzom: vonkaj\u0161ie \u017eal\u00fazie, rolety a sie\u0165ky proti hmyzu | Cedera","description":"Zistite, ako efekt\u00edvne ochr\u00e1ni\u0165 dom pred letn\u00fdm teplom, ostr\u00fdm slnkom a nepr\u00edjemn\u00fdm hmyzom. Vonkaj\u0161ie \u017eal\u00fazie, vonkaj\u0161ie rolety a sie\u0165ky proti hmyzu prin\u00e1\u0161aj\u00fa komfort, s\u00fakromie aj \u00fasporu energie.","robots":{"index":"index","follow":"follow","max-snippet":"max-snippet:-1","max-image-preview":"max-image-preview:large","max-video-preview":"max-video-preview:-1"},"canonical":"https:\/\/www.cedera-okna.sk\/sk\/ako-ochranit-dom-pred-slnkom-teplom-a-hmyzom\/","og_locale":"sk_SK","og_type":"article","og_title":"Ako ochr\u00e1ni\u0165 dom pred slnkom, teplom a hmyzom: vonkaj\u0161ie \u017eal\u00fazie, rolety a sie\u0165ky proti hmyzu | Cedera","og_description":"Zistite, ako efekt\u00edvne ochr\u00e1ni\u0165 dom pred letn\u00fdm teplom, ostr\u00fdm slnkom a nepr\u00edjemn\u00fdm hmyzom. Vonkaj\u0161ie \u017eal\u00fazie, vonkaj\u0161ie rolety a sie\u0165ky proti hmyzu prin\u00e1\u0161aj\u00fa komfort, s\u00fakromie aj \u00fasporu energie.","og_url":"https:\/\/www.cedera-okna.sk\/sk\/ako-ochranit-dom-pred-slnkom-teplom-a-hmyzom\/","og_site_name":"Cedera","article_publisher":"https:\/\/www.facebook.com\/okna.cedera\/","article_published_time":"2026-03-15T13:35:04+00:00","article_modified_time":"2026-03-15T13:44:54+00:00","author":"Cedera","twitter_misc":{"Autor":"Cedera","Predpokladan\u00fd \u010das \u010d\u00edtania":"5 min\u00fat"},"schema":{"@context":"https:\/\/schema.org","@graph":[{"@type":"Article","@id":"https:\/\/www.cedera-okna.sk\/sk\/ako-ochranit-dom-pred-slnkom-teplom-a-hmyzom\/#article","isPartOf":{"@id":"https:\/\/www.cedera-okna.sk\/sk\/ako-ochranit-dom-pred-slnkom-teplom-a-hmyzom\/"},"author":{"name":"Cedera","@id":"https:\/\/www.cedera-okna.sk\/sk\/#\/schema\/person\/5472b16fb96c7eb561b42b471d6142bd"},"headline":"Ako ochr\u00e1ni\u0165 dom pred slnkom, teplom a hmyzom: vonkaj\u0161ie \u017eal\u00fazie, rolety a sie\u0165ky proti hmyzu","datePublished":"2026-03-15T13:35:04+00:00","dateModified":"2026-03-15T13:44:54+00:00","mainEntityOfPage":{"@id":"https:\/\/www.cedera-okna.sk\/sk\/ako-ochranit-dom-pred-slnkom-teplom-a-hmyzom\/"},"wordCount":1150,"publisher":{"@id":"https:\/\/www.cedera-okna.sk\/sk\/#organization"},"inLanguage":"sk-SK"},{"@type":"WebPage","@id":"https:\/\/www.cedera-okna.sk\/sk\/ako-ochranit-dom-pred-slnkom-teplom-a-hmyzom\/","url":"https:\/\/www.cedera-okna.sk\/sk\/ako-ochranit-dom-pred-slnkom-teplom-a-hmyzom\/","name":"Ako ochr\u00e1ni\u0165 dom pred slnkom, teplom a hmyzom: vonkaj\u0161ie \u017eal\u00fazie, rolety a sie\u0165ky proti hmyzu | Cedera","isPartOf":{"@id":"https:\/\/www.cedera-okna.sk\/sk\/#website"},"datePublished":"2026-03-15T13:35:04+00:00","dateModified":"2026-03-15T13:44:54+00:00","description":"Zistite, ako efekt\u00edvne ochr\u00e1ni\u0165 dom pred letn\u00fdm teplom, ostr\u00fdm slnkom a nepr\u00edjemn\u00fdm hmyzom. Vonkaj\u0161ie \u017eal\u00fazie, vonkaj\u0161ie rolety a sie\u0165ky proti hmyzu prin\u00e1\u0161aj\u00fa komfort, s\u00fakromie aj \u00fasporu energie.","breadcrumb":{"@id":"https:\/\/www.cedera-okna.sk\/sk\/ako-ochranit-dom-pred-slnkom-teplom-a-hmyzom\/#breadcrumb"},"inLanguage":"sk-SK","potentialAction":[{"@type":"ReadAction","target":["https:\/\/www.cedera-okna.sk\/sk\/ako-ochranit-dom-pred-slnkom-teplom-a-hmyzom\/"]}]},{"@type":"BreadcrumbList","@id":"https:\/\/www.cedera-okna.sk\/sk\/ako-ochranit-dom-pred-slnkom-teplom-a-hmyzom\/#breadcrumb","itemListElement":[{"@type":"ListItem","position":1,"name":"Domovsk\u00e1 str\u00e1nka","item":"https:\/\/www.cedera-okna.sk\/sk\/"},{"@type":"ListItem","position":2,"name":"Ako ochr\u00e1ni\u0165 dom pred slnkom, teplom a hmyzom: vonkaj\u0161ie \u017eal\u00fazie, rolety a sie\u0165ky proti hmyzu"}]},{"@type":"WebSite","@id":"https:\/\/www.cedera-okna.sk\/sk\/#website","url":"https:\/\/www.cedera-okna.sk\/sk\/","name":"Cedera","description":"Plastov\u00e9 okn\u00e1 Bratislava","publisher":{"@id":"https:\/\/www.cedera-okna.sk\/sk\/#organization"},"potentialAction":[{"@type":"SearchAction","target":{"@type":"EntryPoint","urlTemplate":"https:\/\/www.cedera-okna.sk\/sk\/?s={search_term_string}"},"query-input":{"@type":"PropertyValueSpecification","valueRequired":true,"valueName":"search_term_string"}}],"inLanguage":"sk-SK"},{"@type":"Organization","@id":"https:\/\/www.cedera-okna.sk\/sk\/#organization","name":"CEDERA s.r.o.","url":"https:\/\/www.cedera-okna.sk\/sk\/","logo":{"@type":"ImageObject","inLanguage":"sk-SK","@id":"https:\/\/www.cedera-okna.sk\/sk\/#\/schema\/logo\/image\/","url":"https:\/\/www.cedera-okna.sk\/wp-content\/uploads\/2018\/10\/Cedera-logo.png","contentUrl":"https:\/\/www.cedera-okna.sk\/wp-content\/uploads\/2018\/10\/Cedera-logo.png","width":190,"height":66,"caption":"CEDERA s.r.o."},"image":{"@id":"https:\/\/www.cedera-okna.sk\/sk\/#\/schema\/logo\/image\/"},"sameAs":["https:\/\/www.facebook.com\/okna.cedera\/"]},{"@type":"Person","@id":"https:\/\/www.cedera-okna.sk\/sk\/#\/schema\/person\/5472b16fb96c7eb561b42b471d6142bd","name":"Cedera","url":"https:\/\/www.cedera-okna.sk\/sk\/author\/cedera\/"}]}},"_links":{"self":[{"href":"https:\/\/www.cedera-okna.sk\/sk\/wp-json\/wp\/v2\/posts\/33991","targetHints":{"allow":["GET"]}}],"collection":[{"href":"https:\/\/www.cedera-okna.sk\/sk\/wp-json\/wp\/v2\/posts"}],"about":[{"href":"https:\/\/www.cedera-okna.sk\/sk\/wp-json\/wp\/v2\/types\/post"}],"author":[{"embeddable":true,"href":"https:\/\/www.cedera-okna.sk\/sk\/wp-json\/wp\/v2\/users\/3"}],"replies":[{"embeddable":true,"href":"https:\/\/www.cedera-okna.sk\/sk\/wp-json\/wp\/v2\/comments?post=33991"}],"version-history":[{"count":10,"href":"https:\/\/www.cedera-okna.sk\/sk\/wp-json\/wp\/v2\/posts\/33991\/revisions"}],"predecessor-version":[{"id":34185,"href":"https:\/\/www.cedera-okna.sk\/sk\/wp-json\/wp\/v2\/posts\/33991\/revisions\/34185"}],"wp:attachment":[{"href":"https:\/\/www.cedera-okna.sk\/sk\/wp-json\/wp\/v2\/media?parent=33991"}],"wp:term":[{"taxonomy":"category","embeddable":true,"href":"https:\/\/www.cedera-okna.sk\/sk\/wp-json\/wp\/v2\/categories?post=33991"},{"taxonomy":"post_tag","embeddable":true,"href":"https:\/\/www.cedera-okna.sk\/sk\/wp-json\/wp\/v2\/tags?post=33991"}],"curies":[{"name":"wp","href":"https:\/\/api.w.org\/{rel}","templated":true}]}}