{"id":307,"date":"2015-09-14T06:49:03","date_gmt":"2015-09-14T04:49:03","guid":{"rendered":"http:\/\/cedera-okna.sk\/index.php\/co-by-ste-mali-vediet-o-plastovych-oknach\/"},"modified":"2015-09-14T06:49:03","modified_gmt":"2015-09-14T04:49:03","slug":"co-by-ste-mali-vediet-o-plastovych-oknach","status":"publish","type":"post","link":"https:\/\/www.cedera-okna.sk\/sk\/co-by-ste-mali-vediet-o-plastovych-oknach\/","title":{"rendered":"\u010co by ste mali vedie\u0165 o plastov\u00fdch okn\u00e1ch ?"},"content":{"rendered":"<p>Plastov\u00e9 okn\u00e1 s\u00fa hitom, ktor\u00fd je dnes neprehliadnute\u013enou s\u00fa\u010das\u0165ou modernej architekt\u00fary. Ak si ich pri k\u00fape okien zvol\u00edte, ur\u010dite nebudete \u013eutova\u0165. \u010co v\u0161etko by ste o nich mali vedie\u0165?<\/p>\n<p>  <!--more-->  <\/p>\n<h2>1. Plastov\u00e9 okn\u00e1 s\u00fa najlacnej\u0161ie<\/h2>\n<p>V porovnan\u00ed s dreven\u00fdmi a hlin\u00edkov\u00fdmi oknami m\u00f4\u017eete z\u00edska\u0165 plastov\u00e9 okn\u00e1 za porovnate\u013ene ni\u017e\u0161iu cenu. Cena by v\u0161ak nemal by\u0165 to jedin\u00e9, pod\u013ea \u010doho sa rozhodnete. Podozrivo n\u00edzka cena m\u00f4\u017ee by\u0165 sign\u00e1lom nekvalitn\u00fdch plastov\u00fdch okien s vysokou kazovos\u0165ou a n\u00edzkou \u017eivotnos\u0165ou.<\/p>\n<p>\u00a0<\/p>\n<h2>2. M\u00f4\u017eete si vybra\u0165 zo \u0161irokej \u0161k\u00e1ly farieb a ve\u013ekost\u00ed<\/h2>\n<p>Tradi\u010dn\u00e1 biela u\u017e nie je jedinou farbou plastov\u00fdch okien. Ve\u013emi ob\u013e\u00faben\u00e9 s\u00fa aj napodobeniny dreva, v posledn\u00fdch rokoch sa \u013eudia neboja investova\u0165 ani do odv\u00e1\u017enych a netradi\u010dn\u00fdch farieb. Pri objedn\u00e1vke sta\u010d\u00ed zada\u0165 farbu a dostanete plastov\u00e9 okn\u00e1 presne pod\u013ea va\u0161ich predst\u00e1v.<\/p>\n<p>\u00a0<\/p>\n<h2>3. S\u00fa nen\u00e1ro\u010dn\u00e9 na \u00fadr\u017ebu<\/h2>\n<p>Plastov\u00e9 okn\u00e1 vy\u017eaduj\u00fa len ve\u013emi jednoduch\u00fa \u00fadr\u017ebu. Okenn\u00e9 skl\u00e1 sta\u010d\u00ed nieko\u013ekokr\u00e1t do roka umy\u0165 \u010distiacimi prostriedkami ur\u010den\u00fdmi na plastov\u00e9 okn\u00e1. Raz do roka treba skontrolova\u0165 a namaza\u0165 kovanie. Pravideln\u00fdm vetran\u00edm zamedz\u00edte roseniu a vzniku plesn\u00ed.<\/p>\n<p>\u00a0<\/p>\n<h2>4. Maj\u00fa skvel\u00e9 izola\u010dn\u00e9 vlastnosti<\/h2>\n<p>S plastov\u00fdmi oknami u\u0161etr\u00edte na vykurovan\u00ed aj nieko\u013eko desiatok eur ro\u010dne. V\u010faka vynikaj\u00facim izola\u010dn\u00fdm vlastnostiam zamedzuj\u00fa \u00faniku tepla. Eliminuj\u00fa aj hluk z vonkaj\u0161ieho prostredia. Zaru\u010dia v\u00e1\u0161mu domovu nov\u00fd komfort a neru\u0161en\u00fa pohodu.<\/p>\n<p>\u00a0<\/p>\n<h2>5. Rosenie je znakom kvality<\/h2>\n<p>Rosenie nie je vadou plastov\u00fdch okien, pr\u00e1ve naopak. Vznik\u00e1 v d\u00f4sledku vynikaj\u00faceho tesnenia, ktor\u00e9 br\u00e1ni \u00faniku tepla z bytu a z\u00e1rove\u0148 zabra\u0148uje nepr\u00edjemn\u00e9mu chladu a da\u017e\u010fu zvonka. Pri tom vznik\u00e1 kondenz\u00e1cia s n\u00e1sledkom rosenia. Aby ste roseniu zabr\u00e1nili, sta\u010d\u00ed, ak budete svoj domov pravidelne vetra\u0165.<\/p>\n<p>\u00a0<\/p>\n<h2>6. V\u00fdroba plastov\u00fdch okien sa st\u00e1le zdokona\u013euje<\/h2>\n<p>V posledn\u00fdch rokoch si m\u00f4\u017eete vybra\u0165 aj po\u010det nepriepustn\u00fdch kom\u00f4r skiel. \u010c\u00edm ich bude viac, t\u00fdm v\u00fdraznej\u0161ie bud\u00fa tepelnoizola\u010dn\u00e9 a hluk udr\u017eate\u013en\u00e9 vlastnosti. Komorov\u00e9 syst\u00e9my maj\u00fa zamedzi\u0165 v prvom rade tomu, aby cez r\u00e1m plastov\u00fdch okien neprenikalo von teplo a naopak, teda dnu zima. Trojkomorov\u00fd profil sa pou\u017e\u00edval nieko\u013eko rokov, no v s\u00fa\u010dasnosti ho nahradzuje p\u00e4\u0165komorov\u00fd.<\/p>\n","protected":false},"excerpt":{"rendered":"<p>Plastov\u00e9 okn\u00e1 s\u00fa hitom, ktor\u00fd je dnes neprehliadnute\u013enou s\u00fa\u010das\u0165ou modernej architekt\u00fary. Ak si ich pri k\u00fape okien zvol\u00edte, ur\u010dite nebudete \u013eutova\u0165. \u010co v\u0161etko by ste o nich mali vedie\u0165?<\/p>\n","protected":false},"author":3,"featured_media":0,"comment_status":"closed","ping_status":"closed","sticky":false,"template":"","format":"standard","meta":{"footnotes":""},"categories":[],"tags":[],"class_list":["post-307","post","type-post","status-publish","format-standard","hentry"],"yoast_head":"<!-- This site is optimized with the Yoast SEO plugin v27.4 - https:\/\/yoast.com\/product\/yoast-seo-wordpress\/ -->\n<title>\u010co by ste mali vedie\u0165 o plastov\u00fdch okn\u00e1ch ? - Cedera<\/title>\n<meta name=\"robots\" content=\"index, follow, max-snippet:-1, max-image-preview:large, max-video-preview:-1\" \/>\n<link rel=\"canonical\" href=\"https:\/\/www.cedera-okna.sk\/sk\/co-by-ste-mali-vediet-o-plastovych-oknach\/\" \/>\n<meta property=\"og:locale\" content=\"sk_SK\" \/>\n<meta property=\"og:type\" content=\"article\" \/>\n<meta property=\"og:title\" content=\"\u010co by ste mali vedie\u0165 o plastov\u00fdch okn\u00e1ch ? - Cedera\" \/>\n<meta property=\"og:description\" content=\"Plastov\u00e9 okn\u00e1 s\u00fa hitom, ktor\u00fd je dnes neprehliadnute\u013enou s\u00fa\u010das\u0165ou modernej architekt\u00fary. Ak si ich pri k\u00fape okien zvol\u00edte, ur\u010dite nebudete \u013eutova\u0165. \u010co v\u0161etko by ste o nich mali vedie\u0165?\" \/>\n<meta property=\"og:url\" content=\"https:\/\/www.cedera-okna.sk\/sk\/co-by-ste-mali-vediet-o-plastovych-oknach\/\" \/>\n<meta property=\"og:site_name\" content=\"Cedera\" \/>\n<meta property=\"article:publisher\" content=\"https:\/\/www.facebook.com\/okna.cedera\/\" \/>\n<meta property=\"article:published_time\" content=\"2015-09-14T04:49:03+00:00\" \/>\n<meta name=\"author\" content=\"Cedera\" \/>\n<meta name=\"twitter:label1\" content=\"Autor\" \/>\n\t<meta name=\"twitter:data1\" content=\"Cedera\" \/>\n\t<meta name=\"twitter:label2\" content=\"Predpokladan\u00fd \u010das \u010d\u00edtania\" \/>\n\t<meta name=\"twitter:data2\" content=\"2 min\u00faty\" \/>\n<!-- \/ Yoast SEO plugin. -->","yoast_head_json":{"title":"\u010co by ste mali vedie\u0165 o plastov\u00fdch okn\u00e1ch ? - Cedera","robots":{"index":"index","follow":"follow","max-snippet":"max-snippet:-1","max-image-preview":"max-image-preview:large","max-video-preview":"max-video-preview:-1"},"canonical":"https:\/\/www.cedera-okna.sk\/sk\/co-by-ste-mali-vediet-o-plastovych-oknach\/","og_locale":"sk_SK","og_type":"article","og_title":"\u010co by ste mali vedie\u0165 o plastov\u00fdch okn\u00e1ch ? - Cedera","og_description":"Plastov\u00e9 okn\u00e1 s\u00fa hitom, ktor\u00fd je dnes neprehliadnute\u013enou s\u00fa\u010das\u0165ou modernej architekt\u00fary. Ak si ich pri k\u00fape okien zvol\u00edte, ur\u010dite nebudete \u013eutova\u0165. \u010co v\u0161etko by ste o nich mali vedie\u0165?","og_url":"https:\/\/www.cedera-okna.sk\/sk\/co-by-ste-mali-vediet-o-plastovych-oknach\/","og_site_name":"Cedera","article_publisher":"https:\/\/www.facebook.com\/okna.cedera\/","article_published_time":"2015-09-14T04:49:03+00:00","author":"Cedera","twitter_misc":{"Autor":"Cedera","Predpokladan\u00fd \u010das \u010d\u00edtania":"2 min\u00faty"},"schema":{"@context":"https:\/\/schema.org","@graph":[{"@type":"Article","@id":"https:\/\/www.cedera-okna.sk\/sk\/co-by-ste-mali-vediet-o-plastovych-oknach\/#article","isPartOf":{"@id":"https:\/\/www.cedera-okna.sk\/sk\/co-by-ste-mali-vediet-o-plastovych-oknach\/"},"author":{"name":"Cedera","@id":"https:\/\/www.cedera-okna.sk\/sk\/#\/schema\/person\/5472b16fb96c7eb561b42b471d6142bd"},"headline":"\u010co by ste mali vedie\u0165 o plastov\u00fdch okn\u00e1ch ?","datePublished":"2015-09-14T04:49:03+00:00","mainEntityOfPage":{"@id":"https:\/\/www.cedera-okna.sk\/sk\/co-by-ste-mali-vediet-o-plastovych-oknach\/"},"wordCount":423,"publisher":{"@id":"https:\/\/www.cedera-okna.sk\/sk\/#organization"},"inLanguage":"sk-SK"},{"@type":"WebPage","@id":"https:\/\/www.cedera-okna.sk\/sk\/co-by-ste-mali-vediet-o-plastovych-oknach\/","url":"https:\/\/www.cedera-okna.sk\/sk\/co-by-ste-mali-vediet-o-plastovych-oknach\/","name":"\u010co by ste mali vedie\u0165 o plastov\u00fdch okn\u00e1ch ? - Cedera","isPartOf":{"@id":"https:\/\/www.cedera-okna.sk\/sk\/#website"},"datePublished":"2015-09-14T04:49:03+00:00","breadcrumb":{"@id":"https:\/\/www.cedera-okna.sk\/sk\/co-by-ste-mali-vediet-o-plastovych-oknach\/#breadcrumb"},"inLanguage":"sk-SK","potentialAction":[{"@type":"ReadAction","target":["https:\/\/www.cedera-okna.sk\/sk\/co-by-ste-mali-vediet-o-plastovych-oknach\/"]}]},{"@type":"BreadcrumbList","@id":"https:\/\/www.cedera-okna.sk\/sk\/co-by-ste-mali-vediet-o-plastovych-oknach\/#breadcrumb","itemListElement":[{"@type":"ListItem","position":1,"name":"Domovsk\u00e1 str\u00e1nka","item":"https:\/\/www.cedera-okna.sk\/sk\/"},{"@type":"ListItem","position":2,"name":"\u010co by ste mali vedie\u0165 o plastov\u00fdch okn\u00e1ch ?"}]},{"@type":"WebSite","@id":"https:\/\/www.cedera-okna.sk\/sk\/#website","url":"https:\/\/www.cedera-okna.sk\/sk\/","name":"Cedera","description":"Plastov\u00e9 okn\u00e1 Bratislava","publisher":{"@id":"https:\/\/www.cedera-okna.sk\/sk\/#organization"},"potentialAction":[{"@type":"SearchAction","target":{"@type":"EntryPoint","urlTemplate":"https:\/\/www.cedera-okna.sk\/sk\/?s={search_term_string}"},"query-input":{"@type":"PropertyValueSpecification","valueRequired":true,"valueName":"search_term_string"}}],"inLanguage":"sk-SK"},{"@type":"Organization","@id":"https:\/\/www.cedera-okna.sk\/sk\/#organization","name":"CEDERA s.r.o.","url":"https:\/\/www.cedera-okna.sk\/sk\/","logo":{"@type":"ImageObject","inLanguage":"sk-SK","@id":"https:\/\/www.cedera-okna.sk\/sk\/#\/schema\/logo\/image\/","url":"https:\/\/www.cedera-okna.sk\/wp-content\/uploads\/2018\/10\/Cedera-logo.png","contentUrl":"https:\/\/www.cedera-okna.sk\/wp-content\/uploads\/2018\/10\/Cedera-logo.png","width":190,"height":66,"caption":"CEDERA s.r.o."},"image":{"@id":"https:\/\/www.cedera-okna.sk\/sk\/#\/schema\/logo\/image\/"},"sameAs":["https:\/\/www.facebook.com\/okna.cedera\/"]},{"@type":"Person","@id":"https:\/\/www.cedera-okna.sk\/sk\/#\/schema\/person\/5472b16fb96c7eb561b42b471d6142bd","name":"Cedera","url":"https:\/\/www.cedera-okna.sk\/sk\/author\/cedera\/"}]}},"_links":{"self":[{"href":"https:\/\/www.cedera-okna.sk\/sk\/wp-json\/wp\/v2\/posts\/307","targetHints":{"allow":["GET"]}}],"collection":[{"href":"https:\/\/www.cedera-okna.sk\/sk\/wp-json\/wp\/v2\/posts"}],"about":[{"href":"https:\/\/www.cedera-okna.sk\/sk\/wp-json\/wp\/v2\/types\/post"}],"author":[{"embeddable":true,"href":"https:\/\/www.cedera-okna.sk\/sk\/wp-json\/wp\/v2\/users\/3"}],"replies":[{"embeddable":true,"href":"https:\/\/www.cedera-okna.sk\/sk\/wp-json\/wp\/v2\/comments?post=307"}],"version-history":[{"count":0,"href":"https:\/\/www.cedera-okna.sk\/sk\/wp-json\/wp\/v2\/posts\/307\/revisions"}],"wp:attachment":[{"href":"https:\/\/www.cedera-okna.sk\/sk\/wp-json\/wp\/v2\/media?parent=307"}],"wp:term":[{"taxonomy":"category","embeddable":true,"href":"https:\/\/www.cedera-okna.sk\/sk\/wp-json\/wp\/v2\/categories?post=307"},{"taxonomy":"post_tag","embeddable":true,"href":"https:\/\/www.cedera-okna.sk\/sk\/wp-json\/wp\/v2\/tags?post=307"}],"curies":[{"name":"wp","href":"https:\/\/api.w.org\/{rel}","templated":true}]}}