{"id":306,"date":"2015-08-25T11:39:48","date_gmt":"2015-08-25T09:39:48","guid":{"rendered":"http:\/\/cedera-okna.sk\/index.php\/plastove-okna-plusy-a-minusy\/"},"modified":"2024-04-29T09:04:24","modified_gmt":"2024-04-29T07:04:24","slug":"plastove-okna-plusy-a-minusy","status":"publish","type":"post","link":"https:\/\/www.cedera-okna.sk\/sk\/plastove-okna-plusy-a-minusy\/","title":{"rendered":"Plastov\u00e9 okn\u00e1: Plusy a m\u00ednusy"},"content":{"rendered":"<div class=\"wpb-content-wrapper\"><p>[vc_row][vc_column][vc_column_text]Ka\u017ed\u00fd bud\u00faci u\u017e\u00edvate\u013e plastov\u00fdch okien by mal vedie\u0165, \u010do v\u0161etko m\u00f4\u017ee od okna o\u010dak\u00e1va\u0165, ako sa o\u0148 stara\u0165, aby vydr\u017ealo \u010do najdlh\u0161ie. Aj plastov\u00e9 okn\u00e1, napriek tomu \u017ee s\u00fa mimoriadne ob\u013e\u00faben\u00e9, maj\u00fa men\u0161ie nedostatky, o ktor\u00fdch by mal \u010dlovek vedie\u0165. V\u00fdrazne ich v\u0161ak prevy\u0161uj\u00fa pozit\u00edvne vlastnosti, ktor\u00e9 zaru\u010dia z\u00e1kazn\u00edkovu spokojnos\u0165.<\/p>\n<p><!--more--><\/p>\n<h2>Pozit\u00edva plastov\u00fdch okien<\/h2>\n<p><img decoding=\"async\" class=\"alignright wp-image-13243 size-medium\" title=\"plastov\u00e9 okn\u00e1 - plusy a m\u00ednusy\" src=\"http:\/\/cedera-okna.sk\/wp-content\/uploads\/2015\/08\/63-zs-bratislava-plastove-okna-300x200.jpg\" alt=\"\" width=\"300\" height=\"200\" border=\"0\" srcset=\"https:\/\/www.cedera-okna.sk\/wp-content\/uploads\/2015\/08\/63-zs-bratislava-plastove-okna-300x200.jpg 300w, https:\/\/www.cedera-okna.sk\/wp-content\/uploads\/2015\/08\/63-zs-bratislava-plastove-okna-768x512.jpg 768w, https:\/\/www.cedera-okna.sk\/wp-content\/uploads\/2015\/08\/63-zs-bratislava-plastove-okna-870x580.jpg 870w, https:\/\/www.cedera-okna.sk\/wp-content\/uploads\/2015\/08\/63-zs-bratislava-plastove-okna-390x260.jpg 390w, https:\/\/www.cedera-okna.sk\/wp-content\/uploads\/2015\/08\/63-zs-bratislava-plastove-okna.jpg 1000w\" sizes=\"(max-width: 300px) 100vw, 300px\" \/><br \/>\nPlastov\u00e9 okn\u00e1 v prvom rade pon\u00fakaj\u00fa v\u00fdborn\u00fa izol\u00e1ciu proti \u00faniku tepla a tie\u017e zabra\u0148uj\u00fa priechodu hluku zvonka dovn\u00fatra. S\u00fa odoln\u00e9 pred vonkaj\u0161\u00edmi vplyvmi, da\u017e\u010fom, vetrom a snehom. Najnov\u0161ie plastov\u00e9 okn\u00e1 dbaj\u00fa na zv\u00fd\u0161en\u00fa bezpe\u010dnos\u0165 a zamedzuj\u00fa tomu, aby ich zlodej mohol vyp\u00e1\u010di\u0165. Pozit\u00edvom pri k\u00fape plastov\u00fdch okien je aj ich cena. Hoci nejde o lacn\u00fa invest\u00edciu, v porovnan\u00ed s dreven\u00fdmi a hlin\u00edkov\u00fdmi oknami s\u00fa plastov\u00e9 okn\u00e1 o poznanie lacnej\u0161ie.<\/p>\n<p>S plastov\u00fdmi oknami m\u00f4\u017eete u\u0161etri\u0165 najm\u00e4 v zime na energi\u00e1ch pri vykurovan\u00ed. Teplo toti\u017e nebude prenika\u0165 von a miestnos\u0165 sa r\u00fdchlej\u0161ie zahreje. Sta\u010d\u00ed, ke\u010f pust\u00edte radi\u00e1tor len na polovicu a nie naplno. Ke\u010f\u017ee teplo neunik\u00e1, ale zost\u00e1va v miestnosti, sta\u010d\u00ed zak\u00fari\u0165 iba po vyvetran\u00ed. Samozrejme, plat\u00ed to iba pri kvalitne izolovanej stavbe. Dobrou mo\u017enos\u0165ou je pou\u017eitie digit\u00e1lneho termoventilu, s ktor\u00fdm odpad\u00e1 staros\u0165 so st\u00e1lym regulovan\u00edm radi\u00e1tora.<\/p>\n<h2>\u010co treba pred k\u00fapou zv\u00e1\u017ei\u0165<\/h2>\n<p>S k\u00fapou okien prich\u00e1dzaj\u00fa okrem v\u00fdhod aj men\u0161ie nev\u00fdhody. Ak ste boli zvyknut\u00ed pri star\u00fdch okn\u00e1ch vetra\u0165 naozaj len v\u00fdnimo\u010dne, pri plastov\u00fdch okn\u00e1ch to nesta\u010d\u00ed. Ich vynikaj\u00face izola\u010dn\u00e9 vlastnosti zabra\u0148uj\u00fa \u00faniku tepla a eliminuj\u00fa hluk zvonka, na druhej strane br\u00e1nia prirodzenej cirkul\u00e1cii vzduchu. Po\u010d\u00edtajte s t\u00fdm, \u017ee vetra\u0165 budeme musie\u0165 \u010dastej\u0161ie v lete aj v zime.<\/p>\n<p>Pravideln\u00fdm vetran\u00edm z\u00e1rove\u0148 zabezpe\u010d\u00edte aj prevenciu pred ples\u0148ami, ktor\u00e9 sa v pr\u00edpade zanedbania vetrania m\u00f4\u017eu vyskytn\u00fa\u0165 aj v dom\u00e1cnosti, ktor\u00e1 s nimi pred in\u0161tal\u00e1ciou plastov\u00fdch okien probl\u00e9my nemala. Vetran\u00edm v\u0161ak oso\u017e\u00edte nielen bytu, ale urob\u00edte nie\u010do aj pre svoje zdravie. Vetran\u00edm sa vzduch okysli\u010d\u00ed a zriedia sa v \u0148om dr\u00e1\u017ediv\u00e9 l\u00e1tky.[\/vc_column_text][\/vc_column][\/vc_row][vc_row][vc_column][vc_column_text css=&#8221;&#8221;]<\/p>\n<div class=\"wpb_text_column wpb_content_element\">\n<div class=\"wpb_wrapper\">\n<h2 style=\"text-align: center;\">Potrebujete poradi\u0165 s v\u00fdberom nov\u00fdch plastov\u00fdch okien? Ozvite sa n\u00e1m.<\/h2>\n<\/div>\n<\/div>\n<div id=\"wpcf7-f2486-p6931-o1\" class=\"wpcf7 js\" dir=\"ltr\" lang=\"sk-SK\"><\/div>\n<p>[\/vc_column_text]\n<div class=\"wpcf7 no-js\" id=\"wpcf7-f2486-o1\" lang=\"sk-SK\" dir=\"ltr\" data-wpcf7-id=\"2486\">\n<div class=\"screen-reader-response\"><p role=\"status\" aria-live=\"polite\" aria-atomic=\"true\"><\/p> <ul><\/ul><\/div>\n<form action=\"\/sk\/wp-json\/wp\/v2\/posts\/306#wpcf7-f2486-o1\" method=\"post\" class=\"wpcf7-form init\" aria-label=\"Kontaktn\u00fd formul\u00e1r\" novalidate=\"novalidate\" data-status=\"init\">\n<fieldset class=\"hidden-fields-container\"><input type=\"hidden\" name=\"_wpcf7\" value=\"2486\" \/><input type=\"hidden\" name=\"_wpcf7_version\" value=\"6.1.5\" \/><input type=\"hidden\" name=\"_wpcf7_locale\" value=\"sk_SK\" \/><input type=\"hidden\" name=\"_wpcf7_unit_tag\" value=\"wpcf7-f2486-o1\" \/><input type=\"hidden\" name=\"_wpcf7_container_post\" value=\"0\" \/><input type=\"hidden\" name=\"_wpcf7_posted_data_hash\" value=\"\" \/><input type=\"hidden\" name=\"_wpcf7_recaptcha_response\" value=\"\" \/>\n<\/fieldset>\n<p><label><br \/>\n<span class=\"wpcf7-form-control-wrap\" data-name=\"your-name\"><input size=\"40\" maxlength=\"400\" class=\"wpcf7-form-control wpcf7-text wpcf7-validates-as-required\" aria-required=\"true\" aria-invalid=\"false\" placeholder=\"Meno*\" value=\"\" type=\"text\" name=\"your-name\" \/><\/span> <\/label>\n<\/p>\n<div class=\"sc_form_info columns_wrap\">\n\t<div class=\"sc_form_item sc_form_field label_over column-1_2\">\n\t\t<p><label><br \/>\n<span class=\"wpcf7-form-control-wrap\" data-name=\"your-telefon\"><input size=\"40\" maxlength=\"400\" class=\"wpcf7-form-control wpcf7-tel wpcf7-validates-as-required wpcf7-text wpcf7-validates-as-tel\" aria-required=\"true\" aria-invalid=\"false\" placeholder=\"Telef\u00f3n*\" value=\"\" type=\"tel\" name=\"your-telefon\" \/><\/span> <\/label>\n\t\t<\/p>\n\t<\/div>\n\t<div class=\"sc_form_item sc_form_field label_over column-1_2 pading0\">\n\t\t<p><label><br \/>\n<span class=\"wpcf7-form-control-wrap\" data-name=\"your-email\"><input size=\"40\" maxlength=\"400\" class=\"wpcf7-form-control wpcf7-email wpcf7-validates-as-required wpcf7-text wpcf7-validates-as-email\" aria-required=\"true\" aria-invalid=\"false\" placeholder=\"E-mail*\" value=\"\" type=\"email\" name=\"your-email\" \/><\/span><\/label>\n\t\t<\/p>\n\t<\/div>\n<\/div>\n<p><label><br \/>\n<span class=\"wpcf7-form-control-wrap\" data-name=\"your-message\"><textarea cols=\"40\" rows=\"10\" maxlength=\"2000\" class=\"wpcf7-form-control wpcf7-textarea\" aria-invalid=\"false\" placeholder=\"Pros\u00edm kontaktujte ma oh\u013eadom...\" name=\"your-message\"><\/textarea><\/span> <\/label>\n<\/p>\n<p><span class=\"wpcf7-form-control-wrap\" data-name=\"checkbox-597\"><span class=\"wpcf7-form-control wpcf7-checkbox wpcf7-validates-as-required\"><span class=\"wpcf7-list-item first last\"><input type=\"checkbox\" name=\"checkbox-597[]\" value=\"S\u00fahlas\u00edm so zpracovan\u00edm osobn\u00fdch \u00fadajov*\" \/><span class=\"wpcf7-list-item-label\">S\u00fahlas\u00edm so zpracovan\u00edm osobn\u00fdch \u00fadajov*<\/span><\/span><\/span><\/span>\n<\/p>\n<p><input class=\"wpcf7-form-control wpcf7-submit has-spinner\" type=\"submit\" value=\"Posla\u0165 po\u017eiadavku\" \/>\n<\/p>\n<p>*polo\u017eka je povinn\u00e1\n<\/p><div class=\"wpcf7-response-output\" aria-hidden=\"true\"><\/div>\n<\/form>\n<\/div>\n[\/vc_column][\/vc_row]<\/p>\n<\/div>","protected":false},"excerpt":{"rendered":"<p>[vc_row][vc_column][vc_column_text]Ka\u017ed\u00fd bud\u00faci u\u017e\u00edvate\u013e plastov\u00fdch okien by mal vedie\u0165, \u010do v\u0161etko m\u00f4\u017ee od okna o\u010dak\u00e1va\u0165, ako sa o\u0148 stara\u0165, aby vydr\u017ealo \u010do najdlh\u0161ie. Aj plastov\u00e9 okn\u00e1, napriek tomu \u017ee s\u00fa mimoriadne ob\u013e\u00faben\u00e9, maj\u00fa men\u0161ie nedostatky, o ktor\u00fdch by mal \u010dlovek vedie\u0165. V\u00fdrazne ich v\u0161ak prevy\u0161uj\u00fa pozit\u00edvne vlastnosti, ktor\u00e9 zaru\u010dia z\u00e1kazn\u00edkovu spokojnos\u0165.<\/p>\n","protected":false},"author":3,"featured_media":0,"comment_status":"closed","ping_status":"closed","sticky":false,"template":"","format":"standard","meta":{"footnotes":""},"categories":[],"tags":[],"class_list":["post-306","post","type-post","status-publish","format-standard","hentry"],"yoast_head":"<!-- This site is optimized with the Yoast SEO plugin v27.4 - https:\/\/yoast.com\/product\/yoast-seo-wordpress\/ -->\n<title>Plastov\u00e9 okn\u00e1: Plusy a m\u00ednusy | Cedera<\/title>\n<meta name=\"description\" content=\"Ak\u00e9 s\u00fa pozit\u00edva aj negat\u00edva plastov\u00fdch okien? \u010co v\u0161etko zv\u00e1\u017ei\u0165 pred n\u00e1kupom a mont\u00e1\u017eou plastov\u00fdch okien?\" \/>\n<meta name=\"robots\" content=\"index, follow, max-snippet:-1, max-image-preview:large, max-video-preview:-1\" \/>\n<link rel=\"canonical\" href=\"https:\/\/www.cedera-okna.sk\/sk\/plastove-okna-plusy-a-minusy\/\" \/>\n<meta property=\"og:locale\" content=\"sk_SK\" \/>\n<meta property=\"og:type\" content=\"article\" \/>\n<meta property=\"og:title\" content=\"Plastov\u00e9 okn\u00e1: Plusy a m\u00ednusy | Cedera\" \/>\n<meta property=\"og:description\" content=\"Ak\u00e9 s\u00fa pozit\u00edva aj negat\u00edva plastov\u00fdch okien? \u010co v\u0161etko zv\u00e1\u017ei\u0165 pred n\u00e1kupom a mont\u00e1\u017eou plastov\u00fdch okien?\" \/>\n<meta property=\"og:url\" content=\"https:\/\/www.cedera-okna.sk\/sk\/plastove-okna-plusy-a-minusy\/\" \/>\n<meta property=\"og:site_name\" content=\"Cedera\" \/>\n<meta property=\"article:publisher\" content=\"https:\/\/www.facebook.com\/okna.cedera\/\" \/>\n<meta property=\"article:published_time\" content=\"2015-08-25T09:39:48+00:00\" \/>\n<meta property=\"article:modified_time\" content=\"2024-04-29T07:04:24+00:00\" \/>\n<meta property=\"og:image\" content=\"http:\/\/cedera-okna.sk\/wp-content\/uploads\/2015\/08\/63-zs-bratislava-plastove-okna-300x200.jpg\" \/>\n<meta name=\"author\" content=\"Cedera\" \/>\n<meta name=\"twitter:label1\" content=\"Autor\" \/>\n\t<meta name=\"twitter:data1\" content=\"Cedera\" \/>\n\t<meta name=\"twitter:label2\" content=\"Predpokladan\u00fd \u010das \u010d\u00edtania\" \/>\n\t<meta name=\"twitter:data2\" content=\"2 min\u00faty\" \/>\n<!-- \/ Yoast SEO plugin. -->","yoast_head_json":{"title":"Plastov\u00e9 okn\u00e1: Plusy a m\u00ednusy | Cedera","description":"Ak\u00e9 s\u00fa pozit\u00edva aj negat\u00edva plastov\u00fdch okien? \u010co v\u0161etko zv\u00e1\u017ei\u0165 pred n\u00e1kupom a mont\u00e1\u017eou plastov\u00fdch okien?","robots":{"index":"index","follow":"follow","max-snippet":"max-snippet:-1","max-image-preview":"max-image-preview:large","max-video-preview":"max-video-preview:-1"},"canonical":"https:\/\/www.cedera-okna.sk\/sk\/plastove-okna-plusy-a-minusy\/","og_locale":"sk_SK","og_type":"article","og_title":"Plastov\u00e9 okn\u00e1: Plusy a m\u00ednusy | Cedera","og_description":"Ak\u00e9 s\u00fa pozit\u00edva aj negat\u00edva plastov\u00fdch okien? \u010co v\u0161etko zv\u00e1\u017ei\u0165 pred n\u00e1kupom a mont\u00e1\u017eou plastov\u00fdch okien?","og_url":"https:\/\/www.cedera-okna.sk\/sk\/plastove-okna-plusy-a-minusy\/","og_site_name":"Cedera","article_publisher":"https:\/\/www.facebook.com\/okna.cedera\/","article_published_time":"2015-08-25T09:39:48+00:00","article_modified_time":"2024-04-29T07:04:24+00:00","og_image":[{"url":"http:\/\/cedera-okna.sk\/wp-content\/uploads\/2015\/08\/63-zs-bratislava-plastove-okna-300x200.jpg","type":"","width":"","height":""}],"author":"Cedera","twitter_misc":{"Autor":"Cedera","Predpokladan\u00fd \u010das \u010d\u00edtania":"2 min\u00faty"},"schema":{"@context":"https:\/\/schema.org","@graph":[{"@type":"Article","@id":"https:\/\/www.cedera-okna.sk\/sk\/plastove-okna-plusy-a-minusy\/#article","isPartOf":{"@id":"https:\/\/www.cedera-okna.sk\/sk\/plastove-okna-plusy-a-minusy\/"},"author":{"name":"Cedera","@id":"https:\/\/www.cedera-okna.sk\/sk\/#\/schema\/person\/5472b16fb96c7eb561b42b471d6142bd"},"headline":"Plastov\u00e9 okn\u00e1: Plusy a m\u00ednusy","datePublished":"2015-08-25T09:39:48+00:00","dateModified":"2024-04-29T07:04:24+00:00","mainEntityOfPage":{"@id":"https:\/\/www.cedera-okna.sk\/sk\/plastove-okna-plusy-a-minusy\/"},"wordCount":452,"publisher":{"@id":"https:\/\/www.cedera-okna.sk\/sk\/#organization"},"image":{"@id":"https:\/\/www.cedera-okna.sk\/sk\/plastove-okna-plusy-a-minusy\/#primaryimage"},"thumbnailUrl":"http:\/\/cedera-okna.sk\/wp-content\/uploads\/2015\/08\/63-zs-bratislava-plastove-okna-300x200.jpg","inLanguage":"sk-SK"},{"@type":"WebPage","@id":"https:\/\/www.cedera-okna.sk\/sk\/plastove-okna-plusy-a-minusy\/","url":"https:\/\/www.cedera-okna.sk\/sk\/plastove-okna-plusy-a-minusy\/","name":"Plastov\u00e9 okn\u00e1: Plusy a m\u00ednusy | Cedera","isPartOf":{"@id":"https:\/\/www.cedera-okna.sk\/sk\/#website"},"primaryImageOfPage":{"@id":"https:\/\/www.cedera-okna.sk\/sk\/plastove-okna-plusy-a-minusy\/#primaryimage"},"image":{"@id":"https:\/\/www.cedera-okna.sk\/sk\/plastove-okna-plusy-a-minusy\/#primaryimage"},"thumbnailUrl":"http:\/\/cedera-okna.sk\/wp-content\/uploads\/2015\/08\/63-zs-bratislava-plastove-okna-300x200.jpg","datePublished":"2015-08-25T09:39:48+00:00","dateModified":"2024-04-29T07:04:24+00:00","description":"Ak\u00e9 s\u00fa pozit\u00edva aj negat\u00edva plastov\u00fdch okien? \u010co v\u0161etko zv\u00e1\u017ei\u0165 pred n\u00e1kupom a mont\u00e1\u017eou plastov\u00fdch okien?","breadcrumb":{"@id":"https:\/\/www.cedera-okna.sk\/sk\/plastove-okna-plusy-a-minusy\/#breadcrumb"},"inLanguage":"sk-SK","potentialAction":[{"@type":"ReadAction","target":["https:\/\/www.cedera-okna.sk\/sk\/plastove-okna-plusy-a-minusy\/"]}]},{"@type":"ImageObject","inLanguage":"sk-SK","@id":"https:\/\/www.cedera-okna.sk\/sk\/plastove-okna-plusy-a-minusy\/#primaryimage","url":"http:\/\/cedera-okna.sk\/wp-content\/uploads\/2015\/08\/63-zs-bratislava-plastove-okna-300x200.jpg","contentUrl":"http:\/\/cedera-okna.sk\/wp-content\/uploads\/2015\/08\/63-zs-bratislava-plastove-okna-300x200.jpg"},{"@type":"BreadcrumbList","@id":"https:\/\/www.cedera-okna.sk\/sk\/plastove-okna-plusy-a-minusy\/#breadcrumb","itemListElement":[{"@type":"ListItem","position":1,"name":"Domovsk\u00e1 str\u00e1nka","item":"https:\/\/www.cedera-okna.sk\/sk\/"},{"@type":"ListItem","position":2,"name":"Plastov\u00e9 okn\u00e1: Plusy a m\u00ednusy"}]},{"@type":"WebSite","@id":"https:\/\/www.cedera-okna.sk\/sk\/#website","url":"https:\/\/www.cedera-okna.sk\/sk\/","name":"Cedera","description":"Plastov\u00e9 okn\u00e1 Bratislava","publisher":{"@id":"https:\/\/www.cedera-okna.sk\/sk\/#organization"},"potentialAction":[{"@type":"SearchAction","target":{"@type":"EntryPoint","urlTemplate":"https:\/\/www.cedera-okna.sk\/sk\/?s={search_term_string}"},"query-input":{"@type":"PropertyValueSpecification","valueRequired":true,"valueName":"search_term_string"}}],"inLanguage":"sk-SK"},{"@type":"Organization","@id":"https:\/\/www.cedera-okna.sk\/sk\/#organization","name":"CEDERA s.r.o.","url":"https:\/\/www.cedera-okna.sk\/sk\/","logo":{"@type":"ImageObject","inLanguage":"sk-SK","@id":"https:\/\/www.cedera-okna.sk\/sk\/#\/schema\/logo\/image\/","url":"https:\/\/www.cedera-okna.sk\/wp-content\/uploads\/2018\/10\/Cedera-logo.png","contentUrl":"https:\/\/www.cedera-okna.sk\/wp-content\/uploads\/2018\/10\/Cedera-logo.png","width":190,"height":66,"caption":"CEDERA s.r.o."},"image":{"@id":"https:\/\/www.cedera-okna.sk\/sk\/#\/schema\/logo\/image\/"},"sameAs":["https:\/\/www.facebook.com\/okna.cedera\/"]},{"@type":"Person","@id":"https:\/\/www.cedera-okna.sk\/sk\/#\/schema\/person\/5472b16fb96c7eb561b42b471d6142bd","name":"Cedera","url":"https:\/\/www.cedera-okna.sk\/sk\/author\/cedera\/"}]}},"_links":{"self":[{"href":"https:\/\/www.cedera-okna.sk\/sk\/wp-json\/wp\/v2\/posts\/306","targetHints":{"allow":["GET"]}}],"collection":[{"href":"https:\/\/www.cedera-okna.sk\/sk\/wp-json\/wp\/v2\/posts"}],"about":[{"href":"https:\/\/www.cedera-okna.sk\/sk\/wp-json\/wp\/v2\/types\/post"}],"author":[{"embeddable":true,"href":"https:\/\/www.cedera-okna.sk\/sk\/wp-json\/wp\/v2\/users\/3"}],"replies":[{"embeddable":true,"href":"https:\/\/www.cedera-okna.sk\/sk\/wp-json\/wp\/v2\/comments?post=306"}],"version-history":[{"count":6,"href":"https:\/\/www.cedera-okna.sk\/sk\/wp-json\/wp\/v2\/posts\/306\/revisions"}],"predecessor-version":[{"id":16131,"href":"https:\/\/www.cedera-okna.sk\/sk\/wp-json\/wp\/v2\/posts\/306\/revisions\/16131"}],"wp:attachment":[{"href":"https:\/\/www.cedera-okna.sk\/sk\/wp-json\/wp\/v2\/media?parent=306"}],"wp:term":[{"taxonomy":"category","embeddable":true,"href":"https:\/\/www.cedera-okna.sk\/sk\/wp-json\/wp\/v2\/categories?post=306"},{"taxonomy":"post_tag","embeddable":true,"href":"https:\/\/www.cedera-okna.sk\/sk\/wp-json\/wp\/v2\/tags?post=306"}],"curies":[{"name":"wp","href":"https:\/\/api.w.org\/{rel}","templated":true}]}}