{"id":304,"date":"2015-08-21T08:52:06","date_gmt":"2015-08-21T06:52:06","guid":{"rendered":"http:\/\/cedera-okna.sk\/index.php\/nadcasovy-dizajn-plastovych-okien\/"},"modified":"2024-05-04T20:43:39","modified_gmt":"2024-05-04T18:43:39","slug":"nadcasovy-dizajn-plastovych-okien","status":"publish","type":"post","link":"https:\/\/www.cedera-okna.sk\/sk\/nadcasovy-dizajn-plastovych-okien\/","title":{"rendered":"Nad\u010dasov\u00fd dizajn plastov\u00fdch okien"},"content":{"rendered":"<div class=\"wpb-content-wrapper\"><p>[vc_row][vc_column][vc_column_text]V pr\u00edpade, \u017ee ste sa rozhodli vymeni\u0165 okn\u00e1, pri ich n\u00e1kupe ur\u010dite db\u00e1te nielen na ich funk\u010dnos\u0165 a cenu, aj aj na dizajn. Ka\u017ed\u00fd predsa chce, aby nov\u00e9 okn\u00e1 vizu\u00e1lne ,,sadli&#8221; k zvy\u0161ku budovy. Nie v\u0161etky domy a byty maj\u00fa rovnak\u00e9 rozmery, \u010do sa t\u00fdka okien a ich otvorov.<\/p>\n<p><!--more--><\/p>\n<p>Aj preto sa plastov\u00e9 okn\u00e1 vyr\u00e1baj\u00fa v \u0161irokom preveden\u00ed r\u00f4znych tvarov, ve\u013ekost\u00ed a farieb. V pr\u00edpade plastov\u00fdch okien tak m\u00f4\u017eeme hovori\u0165 o spojen\u00ed modern\u00e9ho vzh\u013eadu s praktickos\u0165ou a v\u00fdbornou funk\u010dnos\u0165ou.<\/p>\n<h2>Plastov\u00e9 okn\u00e1 na rodinn\u00fdch domoch a bytoch<\/h2>\n<p>V\u00fdber farby plastov\u00fdch okien ovplyv\u0148uje aj to, \u010di bud\u00fa namontovan\u00e9 na byte alebo dome. K\u00fdm obyvatelia panel\u00e1kov\u00fdch bytov sa prikl\u00e1\u0148aj\u00fa rad\u0161ej k tradi\u010dn\u00e9mu bielemu vzh\u013eadu, majitelia rodinn\u00fdch domov neraz siahnu aj po farebnom preveden\u00ed. Druh\u00fdm naj\u017eiadanej\u0161\u00edm variantom po bielej farbe je napodobenina dreva. Nejde pritom o skuto\u010dn\u00e9 drevo, ale polepenie povrchu okna tak, aby svoj\u00edm vzh\u013eadom drevo najviac pripom\u00ednalo. \u017delanou farbou je naj\u010dastej\u0161ie hned\u00e1, ale v posledn\u00fdch rokoch s\u00fa \u013eudia st\u00e1le odv\u00e1\u017enej\u0161\u00ed a neboja sa s farbami okien experimentova\u0165.<\/p>\n<h2>Farebn\u00e9 plastov\u00e9 okn\u00e1<\/h2>\n<p>Aby plastov\u00e9 okn\u00e1 z\u00edskali \u017eelan\u00fa farbu, laminuj\u00fa sa f\u00f3liou. Ide o hrub\u00fa plastov\u00fa f\u00f3liu, na ktorej sa nach\u00e1dza po\u017eadovan\u00fd odtie\u0148 alebo imit\u00e1cia dreva s lepidlom. Za tepla sa lisuje na kr\u00eddlo alebo r\u00e1m plastov\u00e9ho okna. Ide o rovnak\u00fd princ\u00edp ako napr. pri rolet\u00e1ch alebo gar\u00e1\u017eov\u00fdch br\u00e1nach. Vrchn\u00fd materi\u00e1l je ten ist\u00fd, len sa lep\u00ed na r\u00f4zne v\u00fdrobky.<\/p>\n<p>Na to, ako bud\u00fa va\u0161e nov\u00e9 plastov\u00e9 okn\u00e1 vyzera\u0165, sa zamerajte a\u017e v poslednom rade. Na prvom mieste mus\u00ed by\u0165 funk\u010dnos\u0165 a kvalita, ktor\u00e9 zaru\u010dia pohodu a ochranu pred chladom, vlhkos\u0165ou a hlukom.[\/vc_column_text][\/vc_column][\/vc_row][vc_row][vc_column][vc_column_text css=&#8221;&#8221;]<\/p>\n<div class=\"wpb_text_column wpb_content_element\">\n<div class=\"wpb_wrapper\">\n<div class=\"wpb_text_column wpb_content_element\">\n<div class=\"wpb_wrapper\">\n<h2 style=\"text-align: center;\">Potrebujete poradi\u0165 oh\u013eadom v\u00fdberu plastov\u00fdch okien? Vypl\u0148te formul\u00e1r ni\u017e\u0161ie a ozveme sa v\u00e1m do 24 hod\u00edn.<\/h2>\n<\/div>\n<\/div>\n<div id=\"wpcf7-f2486-p41-o1\" class=\"wpcf7 js\" dir=\"ltr\" lang=\"sk-SK\"><\/div>\n<\/div>\n<\/div>\n<div id=\"wpcf7-f2486-p313-o1\" class=\"wpcf7 js\" dir=\"ltr\" lang=\"sk-SK\"><\/div>\n<p>[\/vc_column_text]\n<div class=\"wpcf7 no-js\" id=\"wpcf7-f2486-o1\" lang=\"sk-SK\" dir=\"ltr\" data-wpcf7-id=\"2486\">\n<div class=\"screen-reader-response\"><p role=\"status\" aria-live=\"polite\" aria-atomic=\"true\"><\/p> <ul><\/ul><\/div>\n<form action=\"\/sk\/wp-json\/wp\/v2\/posts\/304#wpcf7-f2486-o1\" method=\"post\" class=\"wpcf7-form init\" aria-label=\"Kontaktn\u00fd formul\u00e1r\" novalidate=\"novalidate\" data-status=\"init\">\n<fieldset class=\"hidden-fields-container\"><input type=\"hidden\" name=\"_wpcf7\" value=\"2486\" \/><input type=\"hidden\" name=\"_wpcf7_version\" value=\"6.1.5\" \/><input type=\"hidden\" name=\"_wpcf7_locale\" value=\"sk_SK\" \/><input type=\"hidden\" name=\"_wpcf7_unit_tag\" value=\"wpcf7-f2486-o1\" \/><input type=\"hidden\" name=\"_wpcf7_container_post\" value=\"0\" \/><input type=\"hidden\" name=\"_wpcf7_posted_data_hash\" value=\"\" \/><input type=\"hidden\" name=\"_wpcf7_recaptcha_response\" value=\"\" \/>\n<\/fieldset>\n<p><label><br \/>\n<span class=\"wpcf7-form-control-wrap\" data-name=\"your-name\"><input size=\"40\" maxlength=\"400\" class=\"wpcf7-form-control wpcf7-text wpcf7-validates-as-required\" aria-required=\"true\" aria-invalid=\"false\" placeholder=\"Meno*\" value=\"\" type=\"text\" name=\"your-name\" \/><\/span> <\/label>\n<\/p>\n<div class=\"sc_form_info columns_wrap\">\n\t<div class=\"sc_form_item sc_form_field label_over column-1_2\">\n\t\t<p><label><br \/>\n<span class=\"wpcf7-form-control-wrap\" data-name=\"your-telefon\"><input size=\"40\" maxlength=\"400\" class=\"wpcf7-form-control wpcf7-tel wpcf7-validates-as-required wpcf7-text wpcf7-validates-as-tel\" aria-required=\"true\" aria-invalid=\"false\" placeholder=\"Telef\u00f3n*\" value=\"\" type=\"tel\" name=\"your-telefon\" \/><\/span> <\/label>\n\t\t<\/p>\n\t<\/div>\n\t<div class=\"sc_form_item sc_form_field label_over column-1_2 pading0\">\n\t\t<p><label><br \/>\n<span class=\"wpcf7-form-control-wrap\" data-name=\"your-email\"><input size=\"40\" maxlength=\"400\" class=\"wpcf7-form-control wpcf7-email wpcf7-validates-as-required wpcf7-text wpcf7-validates-as-email\" aria-required=\"true\" aria-invalid=\"false\" placeholder=\"E-mail*\" value=\"\" type=\"email\" name=\"your-email\" \/><\/span><\/label>\n\t\t<\/p>\n\t<\/div>\n<\/div>\n<p><label><br \/>\n<span class=\"wpcf7-form-control-wrap\" data-name=\"your-message\"><textarea cols=\"40\" rows=\"10\" maxlength=\"2000\" class=\"wpcf7-form-control wpcf7-textarea\" aria-invalid=\"false\" placeholder=\"Pros\u00edm kontaktujte ma oh\u013eadom...\" name=\"your-message\"><\/textarea><\/span> <\/label>\n<\/p>\n<p><span class=\"wpcf7-form-control-wrap\" data-name=\"checkbox-597\"><span class=\"wpcf7-form-control wpcf7-checkbox wpcf7-validates-as-required\"><span class=\"wpcf7-list-item first last\"><input type=\"checkbox\" name=\"checkbox-597[]\" value=\"S\u00fahlas\u00edm so zpracovan\u00edm osobn\u00fdch \u00fadajov*\" \/><span class=\"wpcf7-list-item-label\">S\u00fahlas\u00edm so zpracovan\u00edm osobn\u00fdch \u00fadajov*<\/span><\/span><\/span><\/span>\n<\/p>\n<p><input class=\"wpcf7-form-control wpcf7-submit has-spinner\" type=\"submit\" value=\"Posla\u0165 po\u017eiadavku\" \/>\n<\/p>\n<p>*polo\u017eka je povinn\u00e1\n<\/p><div class=\"wpcf7-response-output\" aria-hidden=\"true\"><\/div>\n<\/form>\n<\/div>\n[\/vc_column][\/vc_row]<\/p>\n<\/div>","protected":false},"excerpt":{"rendered":"<p>[vc_row][vc_column][vc_column_text]V pr\u00edpade, \u017ee ste sa rozhodli vymeni\u0165 okn\u00e1, pri ich n\u00e1kupe ur\u010dite db\u00e1te nielen na ich funk\u010dnos\u0165 a cenu, aj aj na dizajn. Ka\u017ed\u00fd predsa chce, aby nov\u00e9 okn\u00e1 vizu\u00e1lne ,,sadli&#8221; k zvy\u0161ku budovy. Nie v\u0161etky domy a byty maj\u00fa rovnak\u00e9 rozmery, \u010do sa t\u00fdka okien a ich otvorov.<\/p>\n","protected":false},"author":3,"featured_media":0,"comment_status":"closed","ping_status":"closed","sticky":false,"template":"","format":"standard","meta":{"footnotes":""},"categories":[],"tags":[],"class_list":["post-304","post","type-post","status-publish","format-standard","hentry"],"yoast_head":"<!-- This site is optimized with the Yoast SEO plugin v27.4 - https:\/\/yoast.com\/product\/yoast-seo-wordpress\/ -->\n<title>Nad\u010dasov\u00fd dizajn plastov\u00fdch okien | Cedera<\/title>\n<meta name=\"description\" content=\"V\u00fdber farby plastov\u00fdch okien ovplyv\u0148uje aj to, \u010di bud\u00fa namontovan\u00e9 na byte alebo dome. Aj preto sa plastov\u00e9 okn\u00e1 vyr\u00e1baj\u00fa v \u0161irokom preveden\u00ed r\u00f4znych tvarov, ve\u013ekost\u00ed a farieb.\" \/>\n<meta name=\"robots\" content=\"index, follow, max-snippet:-1, max-image-preview:large, max-video-preview:-1\" \/>\n<link rel=\"canonical\" href=\"https:\/\/www.cedera-okna.sk\/sk\/nadcasovy-dizajn-plastovych-okien\/\" \/>\n<meta property=\"og:locale\" content=\"sk_SK\" \/>\n<meta property=\"og:type\" content=\"article\" \/>\n<meta property=\"og:title\" content=\"Nad\u010dasov\u00fd dizajn plastov\u00fdch okien | Cedera\" \/>\n<meta property=\"og:description\" content=\"V\u00fdber farby plastov\u00fdch okien ovplyv\u0148uje aj to, \u010di bud\u00fa namontovan\u00e9 na byte alebo dome. Aj preto sa plastov\u00e9 okn\u00e1 vyr\u00e1baj\u00fa v \u0161irokom preveden\u00ed r\u00f4znych tvarov, ve\u013ekost\u00ed a farieb.\" \/>\n<meta property=\"og:url\" content=\"https:\/\/www.cedera-okna.sk\/sk\/nadcasovy-dizajn-plastovych-okien\/\" \/>\n<meta property=\"og:site_name\" content=\"Cedera\" \/>\n<meta property=\"article:publisher\" content=\"https:\/\/www.facebook.com\/okna.cedera\/\" \/>\n<meta property=\"article:published_time\" content=\"2015-08-21T06:52:06+00:00\" \/>\n<meta property=\"article:modified_time\" content=\"2024-05-04T18:43:39+00:00\" \/>\n<meta name=\"author\" content=\"Cedera\" \/>\n<meta name=\"twitter:label1\" content=\"Autor\" \/>\n\t<meta name=\"twitter:data1\" content=\"Cedera\" \/>\n\t<meta name=\"twitter:label2\" content=\"Predpokladan\u00fd \u010das \u010d\u00edtania\" \/>\n\t<meta name=\"twitter:data2\" content=\"2 min\u00faty\" \/>\n<!-- \/ Yoast SEO plugin. -->","yoast_head_json":{"title":"Nad\u010dasov\u00fd dizajn plastov\u00fdch okien | Cedera","description":"V\u00fdber farby plastov\u00fdch okien ovplyv\u0148uje aj to, \u010di bud\u00fa namontovan\u00e9 na byte alebo dome. Aj preto sa plastov\u00e9 okn\u00e1 vyr\u00e1baj\u00fa v \u0161irokom preveden\u00ed r\u00f4znych tvarov, ve\u013ekost\u00ed a farieb.","robots":{"index":"index","follow":"follow","max-snippet":"max-snippet:-1","max-image-preview":"max-image-preview:large","max-video-preview":"max-video-preview:-1"},"canonical":"https:\/\/www.cedera-okna.sk\/sk\/nadcasovy-dizajn-plastovych-okien\/","og_locale":"sk_SK","og_type":"article","og_title":"Nad\u010dasov\u00fd dizajn plastov\u00fdch okien | Cedera","og_description":"V\u00fdber farby plastov\u00fdch okien ovplyv\u0148uje aj to, \u010di bud\u00fa namontovan\u00e9 na byte alebo dome. Aj preto sa plastov\u00e9 okn\u00e1 vyr\u00e1baj\u00fa v \u0161irokom preveden\u00ed r\u00f4znych tvarov, ve\u013ekost\u00ed a farieb.","og_url":"https:\/\/www.cedera-okna.sk\/sk\/nadcasovy-dizajn-plastovych-okien\/","og_site_name":"Cedera","article_publisher":"https:\/\/www.facebook.com\/okna.cedera\/","article_published_time":"2015-08-21T06:52:06+00:00","article_modified_time":"2024-05-04T18:43:39+00:00","author":"Cedera","twitter_misc":{"Autor":"Cedera","Predpokladan\u00fd \u010das \u010d\u00edtania":"2 min\u00faty"},"schema":{"@context":"https:\/\/schema.org","@graph":[{"@type":"Article","@id":"https:\/\/www.cedera-okna.sk\/sk\/nadcasovy-dizajn-plastovych-okien\/#article","isPartOf":{"@id":"https:\/\/www.cedera-okna.sk\/sk\/nadcasovy-dizajn-plastovych-okien\/"},"author":{"name":"Cedera","@id":"https:\/\/www.cedera-okna.sk\/sk\/#\/schema\/person\/5472b16fb96c7eb561b42b471d6142bd"},"headline":"Nad\u010dasov\u00fd dizajn plastov\u00fdch okien","datePublished":"2015-08-21T06:52:06+00:00","dateModified":"2024-05-04T18:43:39+00:00","mainEntityOfPage":{"@id":"https:\/\/www.cedera-okna.sk\/sk\/nadcasovy-dizajn-plastovych-okien\/"},"wordCount":386,"publisher":{"@id":"https:\/\/www.cedera-okna.sk\/sk\/#organization"},"inLanguage":"sk-SK"},{"@type":"WebPage","@id":"https:\/\/www.cedera-okna.sk\/sk\/nadcasovy-dizajn-plastovych-okien\/","url":"https:\/\/www.cedera-okna.sk\/sk\/nadcasovy-dizajn-plastovych-okien\/","name":"Nad\u010dasov\u00fd dizajn plastov\u00fdch okien | Cedera","isPartOf":{"@id":"https:\/\/www.cedera-okna.sk\/sk\/#website"},"datePublished":"2015-08-21T06:52:06+00:00","dateModified":"2024-05-04T18:43:39+00:00","description":"V\u00fdber farby plastov\u00fdch okien ovplyv\u0148uje aj to, \u010di bud\u00fa namontovan\u00e9 na byte alebo dome. Aj preto sa plastov\u00e9 okn\u00e1 vyr\u00e1baj\u00fa v \u0161irokom preveden\u00ed r\u00f4znych tvarov, ve\u013ekost\u00ed a farieb.","breadcrumb":{"@id":"https:\/\/www.cedera-okna.sk\/sk\/nadcasovy-dizajn-plastovych-okien\/#breadcrumb"},"inLanguage":"sk-SK","potentialAction":[{"@type":"ReadAction","target":["https:\/\/www.cedera-okna.sk\/sk\/nadcasovy-dizajn-plastovych-okien\/"]}]},{"@type":"BreadcrumbList","@id":"https:\/\/www.cedera-okna.sk\/sk\/nadcasovy-dizajn-plastovych-okien\/#breadcrumb","itemListElement":[{"@type":"ListItem","position":1,"name":"Domovsk\u00e1 str\u00e1nka","item":"https:\/\/www.cedera-okna.sk\/sk\/"},{"@type":"ListItem","position":2,"name":"Nad\u010dasov\u00fd dizajn plastov\u00fdch okien"}]},{"@type":"WebSite","@id":"https:\/\/www.cedera-okna.sk\/sk\/#website","url":"https:\/\/www.cedera-okna.sk\/sk\/","name":"Cedera","description":"Plastov\u00e9 okn\u00e1 Bratislava","publisher":{"@id":"https:\/\/www.cedera-okna.sk\/sk\/#organization"},"potentialAction":[{"@type":"SearchAction","target":{"@type":"EntryPoint","urlTemplate":"https:\/\/www.cedera-okna.sk\/sk\/?s={search_term_string}"},"query-input":{"@type":"PropertyValueSpecification","valueRequired":true,"valueName":"search_term_string"}}],"inLanguage":"sk-SK"},{"@type":"Organization","@id":"https:\/\/www.cedera-okna.sk\/sk\/#organization","name":"CEDERA s.r.o.","url":"https:\/\/www.cedera-okna.sk\/sk\/","logo":{"@type":"ImageObject","inLanguage":"sk-SK","@id":"https:\/\/www.cedera-okna.sk\/sk\/#\/schema\/logo\/image\/","url":"https:\/\/www.cedera-okna.sk\/wp-content\/uploads\/2018\/10\/Cedera-logo.png","contentUrl":"https:\/\/www.cedera-okna.sk\/wp-content\/uploads\/2018\/10\/Cedera-logo.png","width":190,"height":66,"caption":"CEDERA s.r.o."},"image":{"@id":"https:\/\/www.cedera-okna.sk\/sk\/#\/schema\/logo\/image\/"},"sameAs":["https:\/\/www.facebook.com\/okna.cedera\/"]},{"@type":"Person","@id":"https:\/\/www.cedera-okna.sk\/sk\/#\/schema\/person\/5472b16fb96c7eb561b42b471d6142bd","name":"Cedera","url":"https:\/\/www.cedera-okna.sk\/sk\/author\/cedera\/"}]}},"_links":{"self":[{"href":"https:\/\/www.cedera-okna.sk\/sk\/wp-json\/wp\/v2\/posts\/304","targetHints":{"allow":["GET"]}}],"collection":[{"href":"https:\/\/www.cedera-okna.sk\/sk\/wp-json\/wp\/v2\/posts"}],"about":[{"href":"https:\/\/www.cedera-okna.sk\/sk\/wp-json\/wp\/v2\/types\/post"}],"author":[{"embeddable":true,"href":"https:\/\/www.cedera-okna.sk\/sk\/wp-json\/wp\/v2\/users\/3"}],"replies":[{"embeddable":true,"href":"https:\/\/www.cedera-okna.sk\/sk\/wp-json\/wp\/v2\/comments?post=304"}],"version-history":[{"count":2,"href":"https:\/\/www.cedera-okna.sk\/sk\/wp-json\/wp\/v2\/posts\/304\/revisions"}],"predecessor-version":[{"id":16215,"href":"https:\/\/www.cedera-okna.sk\/sk\/wp-json\/wp\/v2\/posts\/304\/revisions\/16215"}],"wp:attachment":[{"href":"https:\/\/www.cedera-okna.sk\/sk\/wp-json\/wp\/v2\/media?parent=304"}],"wp:term":[{"taxonomy":"category","embeddable":true,"href":"https:\/\/www.cedera-okna.sk\/sk\/wp-json\/wp\/v2\/categories?post=304"},{"taxonomy":"post_tag","embeddable":true,"href":"https:\/\/www.cedera-okna.sk\/sk\/wp-json\/wp\/v2\/tags?post=304"}],"curies":[{"name":"wp","href":"https:\/\/api.w.org\/{rel}","templated":true}]}}