{"id":302,"date":"2015-08-17T12:21:53","date_gmt":"2015-08-17T10:21:53","guid":{"rendered":"http:\/\/cedera-okna.sk\/index.php\/vymena-plastovych-okien\/"},"modified":"2023-10-08T13:27:43","modified_gmt":"2023-10-08T11:27:43","slug":"vymena-plastovych-okien","status":"publish","type":"post","link":"https:\/\/www.cedera-okna.sk\/sk\/vymena-plastovych-okien\/","title":{"rendered":"V\u00fdmena okien: kedy je spr\u00e1vny \u010das a \u010do v\u00e1s \u010dak\u00e1"},"content":{"rendered":"<div class=\"wpb-content-wrapper\"><p>[vc_row][vc_column][vc_column_text]<strong>Zatek\u00e1 v\u00e1m do bytu? Cez okn\u00e1 prefukuje studen\u00fd vzduch? Tr\u00e1pia v\u00e1s vysok\u00e9 \u00fa\u010dty za vykurovanie, ktor\u00e9 je aj tak nedostato\u010dn\u00e9? Otravuje v\u00e1s hluk zvonka? Ak ste na tieto ot\u00e1zky odpovedali \u00e1no, nastal \u010das na v\u00fdmenu okien. Hoci nejde o lacn\u00fa z\u00e1le\u017eitos\u0165, zv\u00fd\u0161en\u00fd komfort poc\u00edtite okam\u017eite. Nedovo\u013ete, aby sa chlad, hluk a vlhko dostali do v\u00e1\u0161ho domova. V\u00fdmena okien sa navy\u0161e pozit\u00edvne prejav\u00ed aj na \u00fa\u010dtoch za vykurovanie.<\/strong><\/p>\n<p><!--more--><\/p>\n<h2><span class=\"HwtZe\" lang=\"sk\"><span class=\"jCAhz ChMk0b\"><span class=\"ryNqvb\">Ktor\u00e9 ro\u010dn\u00e9 obdobie je najvhodnej\u0161ie na v\u00fdmenu okien<\/span><\/span><\/span><\/h2>\n<p>V\u010faka modern\u00fdm technol\u00f3gi\u00e1m, ktor\u00fdmi disponuje ka\u017ed\u00e1 kvalitn\u00e1 certifikovan\u00e1 firma, je v\u00fdmena okien vhodn\u00e1 prakticky po\u010das cel\u00e9ho roka. Prek\u00e1\u017ekou pri v\u00fdmene m\u00f4\u017eu by\u0165 ve\u013emi nepriazniv\u00e9 poveternostn\u00e9 podmienky, napr\u00edklad prudk\u00fd d\u00e1\u017e\u010f. Preto sa oplat\u00ed pl\u00e1nova\u0165 v\u00fdmenu okien sk\u00f4r na teplej\u0161ie ro\u010dn\u00e9 obdobie.<\/p>\n<h2>Ako u\u0161etri\u0165?<\/h2>\n<p>Mnoh\u00ed \u013eudia sa rozhodn\u00fa pre v\u00fdmenu okien pr\u00e1ve po\u010das obdobia, kedy dod\u00e1vatelia pon\u00fakaj\u00fa mimosez\u00f3nne z\u013eavy alebo mimoriadne akcie. Vtedy m\u00f4\u017eete kvalitn\u00e9 okn\u00e1 z\u00edska\u0165 omnoho lacnej\u0161ie, \u010do sa prenesie na zn\u00ed\u017een\u00fa cenu n\u00e1kladov. D\u00e1vajte si v\u0161ak pozor a nezab\u00fadajte na kvalitu. Treba rozli\u0161ova\u0165 medzi sez\u00f3nnymi z\u013eavami a lacn\u00fdmi oknami, ktor\u00e9 nemaj\u00fa tak\u00e9 kvalitat\u00edvne parametre ako drah\u0161ie typy okien.<\/p>\n<p><img decoding=\"async\" class=\" size-full wp-image-301\" title=\"v\u00fdmena plastov\u00fdch okien\" src=\"https:\/\/www.cedera-okna.sk\/wp-content\/uploads\/2015\/08\/50-plastove-okna-Jarovce-1.jpg\" alt=\"v\u00fdmena plastov\u00fdch okien\" width=\"100%\" border=\"0\" srcset=\"https:\/\/www.cedera-okna.sk\/wp-content\/uploads\/2015\/08\/50-plastove-okna-Jarovce-1.jpg 1000w, https:\/\/www.cedera-okna.sk\/wp-content\/uploads\/2015\/08\/50-plastove-okna-Jarovce-1-300x200.jpg 300w, https:\/\/www.cedera-okna.sk\/wp-content\/uploads\/2015\/08\/50-plastove-okna-Jarovce-1-768x512.jpg 768w, https:\/\/www.cedera-okna.sk\/wp-content\/uploads\/2015\/08\/50-plastove-okna-Jarovce-1-870x580.jpg 870w, https:\/\/www.cedera-okna.sk\/wp-content\/uploads\/2015\/08\/50-plastove-okna-Jarovce-1-390x260.jpg 390w\" sizes=\"(max-width: 1000px) 100vw, 1000px\" \/><\/p>\n<h2>Nechajte si poradi\u0165 od profesion\u00e1la<\/h2>\n<p>Rozumn\u00fdm rie\u0161en\u00edm je objedna\u0165 v\u00fdmenu okien s kompletn\u00fdmi slu\u017ebami, ktor\u00e9 zah\u0155\u0148aj\u00fa odborn\u00e9 poradenstvo, odborn\u00e9 zmeranie okien a dver\u00ed, vyb\u00faranie a likvid\u00e1ciu star\u00fdch okien, profesion\u00e1lnu mont\u00e1\u017e a nastavenie nov\u00fdch okien. Takto z\u00edskate istotu, \u017ee <strong><a href=\"http:\/\/cedera-okna.sk\/sk\/vymena-okien\/\">v\u00fdmena okien<\/a><\/strong> prebehla naozaj spr\u00e1vne rukami profesion\u00e1lov, ktor\u00ed vedia dobre poradi\u0165, ako vybra\u0165 tie najvhodnej\u0161ie okn\u00e1 na konkr\u00e9tny dom \u010di byt.<\/p>\n<p>Na kvalite a odbornosti mont\u00e1\u017ee z\u00e1vis\u00ed, ako bud\u00fa nov\u00e9 okn\u00e1 fungova\u0165 a sp\u013a\u0148a\u0165 n\u00e1roky na izola\u010dn\u00e9 vlastnosti. Nepodce\u0148ujte mont\u00e1\u017e okien, preto\u017ee jej neodborne prevedenie m\u00f4\u017ee sp\u00f4sobi\u0165 hotov\u00fa pohromu a zv\u00fd\u0161i\u0165 v\u00e1m n\u00e1klady na pr\u00edpadn\u00fa reklam\u00e1ciu.<\/p>\n<p>&nbsp;<\/p>\n<p>[\/vc_column_text][\/vc_column][\/vc_row][vc_row][vc_column][vc_column_text]<\/p>\n<div id=\"promo-box\">\n<h3>Ako prebieha spolupr\u00e1ca<\/h3>\n<p>Vyberte si z na\u0161ej ponuky plastov\u00fdch, dreven\u00fdch, hlin\u00edkov\u00fdch alebo drevohlin\u00edkov\u00fdch okien.<\/p>\n<p>N\u00e1\u0161 technik vykon\u00e1 odborn\u00e9 zameranie, po dohode s vami zabezpe\u010d\u00edme dopravu a profesion\u00e1lnu mont\u00e1\u017e. Samozrejmos\u0165ou je poradenstvo ak\u00e9 okn\u00e1 a doplnky vybra\u0165 tak, aby sme minimalizovali mo\u017enos\u0165 nekompatibility jednotliv\u00fdch prvkov.<\/p>\n<p>Na z\u00e1klade <strong><a href=\"https:\/\/www.cedera-okna.sk\/sk\/nezavazna-cenova-ponuka\/\">nez\u00e1v\u00e4znej cenovej ponuky<\/a><\/strong> v\u00e1s budeme kontaktova\u0165.<\/p>\n<\/div>\n<p>[\/vc_column_text][\/vc_column][\/vc_row][vc_row][vc_column][vc_column_text]<\/p>\n<h2><span class=\"HwtZe\" lang=\"sk\"><span class=\"jCAhz ChMk0b\"><span class=\"ryNqvb\">Ako dlho trv\u00e1 v\u00fdmena okien<\/span><\/span><\/span><\/h2>\n<p>Ke\u010f si z\u00e1kazn\u00edk vyberie a objedn\u00e1 nov\u00e9 okn\u00e1, dod\u00e1vate\u013e zad\u00e1 ich v\u00fdrobu. Z\u00e1kazn\u00edk si m\u00f4\u017ee objedna\u0165 individu\u00e1lny term\u00edn v\u00fdmeny okien. Samotn\u00e1 v\u00fdmena okien trv\u00e1 spravidla jeden, maxim\u00e1lne dva dni. Potom si u\u017e m\u00f4\u017eete spokojne za\u010da\u0165 u\u017e\u00edva\u0165 pohodu, ktor\u00fa v\u00e1m nov\u00e9 okn\u00e1 zaru\u010dene prines\u00fa.[\/vc_column_text][\/vc_column][\/vc_row][vc_row][vc_column][vc_column_text]<\/p>\n<h3>Ako vyzer\u00e1 na\u0161a pr\u00e1ca<\/h3>\n<p>[\/vc_column_text][vc_gallery type=&#8221;image_grid&#8221; images=&#8221;13296,13288,13284,11108&#8243;][\/vc_column][\/vc_row][vc_row][vc_column][vc_column_text]<\/p>\n<h2 style=\"text-align: center;\">M\u00e1te z\u00e1ujem o v\u00fdmenu okien alebo potrebujete poradi\u0165? Vypl\u0148te formul\u00e1r ni\u017e\u0161ie a ozveme sa v\u00e1m do 24 hod\u00edn.<\/h2>\n<p>[\/vc_column_text]\n<div class=\"wpcf7 no-js\" id=\"wpcf7-f2486-o1\" lang=\"sk-SK\" dir=\"ltr\" data-wpcf7-id=\"2486\">\n<div class=\"screen-reader-response\"><p role=\"status\" aria-live=\"polite\" aria-atomic=\"true\"><\/p> <ul><\/ul><\/div>\n<form action=\"\/sk\/wp-json\/wp\/v2\/posts\/302#wpcf7-f2486-o1\" method=\"post\" class=\"wpcf7-form init\" aria-label=\"Kontaktn\u00fd formul\u00e1r\" novalidate=\"novalidate\" data-status=\"init\">\n<fieldset class=\"hidden-fields-container\"><input type=\"hidden\" name=\"_wpcf7\" value=\"2486\" \/><input type=\"hidden\" name=\"_wpcf7_version\" value=\"6.1.5\" \/><input type=\"hidden\" name=\"_wpcf7_locale\" value=\"sk_SK\" \/><input type=\"hidden\" name=\"_wpcf7_unit_tag\" value=\"wpcf7-f2486-o1\" \/><input type=\"hidden\" name=\"_wpcf7_container_post\" value=\"0\" \/><input type=\"hidden\" name=\"_wpcf7_posted_data_hash\" value=\"\" \/><input type=\"hidden\" name=\"_wpcf7_recaptcha_response\" value=\"\" \/>\n<\/fieldset>\n<p><label><br \/>\n<span class=\"wpcf7-form-control-wrap\" data-name=\"your-name\"><input size=\"40\" maxlength=\"400\" class=\"wpcf7-form-control wpcf7-text wpcf7-validates-as-required\" aria-required=\"true\" aria-invalid=\"false\" placeholder=\"Meno*\" value=\"\" type=\"text\" name=\"your-name\" \/><\/span> <\/label>\n<\/p>\n<div class=\"sc_form_info columns_wrap\">\n\t<div class=\"sc_form_item sc_form_field label_over column-1_2\">\n\t\t<p><label><br \/>\n<span class=\"wpcf7-form-control-wrap\" data-name=\"your-telefon\"><input size=\"40\" maxlength=\"400\" class=\"wpcf7-form-control wpcf7-tel wpcf7-validates-as-required wpcf7-text wpcf7-validates-as-tel\" aria-required=\"true\" aria-invalid=\"false\" placeholder=\"Telef\u00f3n*\" value=\"\" type=\"tel\" name=\"your-telefon\" \/><\/span> <\/label>\n\t\t<\/p>\n\t<\/div>\n\t<div class=\"sc_form_item sc_form_field label_over column-1_2 pading0\">\n\t\t<p><label><br \/>\n<span class=\"wpcf7-form-control-wrap\" data-name=\"your-email\"><input size=\"40\" maxlength=\"400\" class=\"wpcf7-form-control wpcf7-email wpcf7-validates-as-required wpcf7-text wpcf7-validates-as-email\" aria-required=\"true\" aria-invalid=\"false\" placeholder=\"E-mail*\" value=\"\" type=\"email\" name=\"your-email\" \/><\/span><\/label>\n\t\t<\/p>\n\t<\/div>\n<\/div>\n<p><label><br \/>\n<span class=\"wpcf7-form-control-wrap\" data-name=\"your-message\"><textarea cols=\"40\" rows=\"10\" maxlength=\"2000\" class=\"wpcf7-form-control wpcf7-textarea\" aria-invalid=\"false\" placeholder=\"Pros\u00edm kontaktujte ma oh\u013eadom...\" name=\"your-message\"><\/textarea><\/span> <\/label>\n<\/p>\n<p><span class=\"wpcf7-form-control-wrap\" data-name=\"checkbox-597\"><span class=\"wpcf7-form-control wpcf7-checkbox wpcf7-validates-as-required\"><span class=\"wpcf7-list-item first last\"><input type=\"checkbox\" name=\"checkbox-597[]\" value=\"S\u00fahlas\u00edm so zpracovan\u00edm osobn\u00fdch \u00fadajov*\" \/><span class=\"wpcf7-list-item-label\">S\u00fahlas\u00edm so zpracovan\u00edm osobn\u00fdch \u00fadajov*<\/span><\/span><\/span><\/span>\n<\/p>\n<p><input class=\"wpcf7-form-control wpcf7-submit has-spinner\" type=\"submit\" value=\"Posla\u0165 po\u017eiadavku\" \/>\n<\/p>\n<p>*polo\u017eka je povinn\u00e1\n<\/p><div class=\"wpcf7-response-output\" aria-hidden=\"true\"><\/div>\n<\/form>\n<\/div>\n[\/vc_column][\/vc_row]<\/p>\n<\/div>","protected":false},"excerpt":{"rendered":"<p>[vc_row][vc_column][vc_column_text]Zatek\u00e1 v\u00e1m do bytu? Cez okn\u00e1 prefukuje studen\u00fd vzduch? Tr\u00e1pia v\u00e1s vysok\u00e9 \u00fa\u010dty za vykurovanie, ktor\u00e9 je aj tak nedostato\u010dn\u00e9? Otravuje v\u00e1s hluk zvonka? Ak ste na tieto ot\u00e1zky odpovedali \u00e1no, nastal \u010das na v\u00fdmenu okien. Hoci nejde o lacn\u00fa z\u00e1le\u017eitos\u0165, zv\u00fd\u0161en\u00fd komfort poc\u00edtite okam\u017eite. Nedovo\u013ete, aby sa chlad, hluk a vlhko dostali do v\u00e1\u0161ho [&hellip;]<\/p>\n","protected":false},"author":3,"featured_media":0,"comment_status":"closed","ping_status":"closed","sticky":false,"template":"","format":"standard","meta":{"footnotes":""},"categories":[],"tags":[],"class_list":["post-302","post","type-post","status-publish","format-standard","hentry"],"yoast_head":"<!-- This site is optimized with the Yoast SEO plugin v27.4 - https:\/\/yoast.com\/product\/yoast-seo-wordpress\/ -->\n<title>V\u00fdmena okien: kedy je spr\u00e1vny \u010das a \u010do v\u00e1s \u010dak\u00e1 | CEDERA<\/title>\n<meta name=\"description\" content=\"Kedy je vhodn\u00e9 objedna\u0165 a vykona\u0165 v\u00fdmenu okien a na \u010do sa pripravi\u0165? Ako u\u0161etri\u0165 a ako dlho v\u00fdmena trv\u00e1. Porad\u00edme v\u00e1m.\" \/>\n<meta name=\"robots\" content=\"index, follow, max-snippet:-1, max-image-preview:large, max-video-preview:-1\" \/>\n<link rel=\"canonical\" href=\"https:\/\/www.cedera-okna.sk\/sk\/vymena-plastovych-okien\/\" \/>\n<meta property=\"og:locale\" content=\"sk_SK\" \/>\n<meta property=\"og:type\" content=\"article\" \/>\n<meta property=\"og:title\" content=\"V\u00fdmena okien: kedy je spr\u00e1vny \u010das a \u010do v\u00e1s \u010dak\u00e1 | CEDERA\" \/>\n<meta property=\"og:description\" content=\"Kedy je vhodn\u00e9 objedna\u0165 a vykona\u0165 v\u00fdmenu okien a na \u010do sa pripravi\u0165? Ako u\u0161etri\u0165 a ako dlho v\u00fdmena trv\u00e1. Porad\u00edme v\u00e1m.\" \/>\n<meta property=\"og:url\" content=\"https:\/\/www.cedera-okna.sk\/sk\/vymena-plastovych-okien\/\" \/>\n<meta property=\"og:site_name\" content=\"Cedera\" \/>\n<meta property=\"article:publisher\" content=\"https:\/\/www.facebook.com\/okna.cedera\/\" \/>\n<meta property=\"article:published_time\" content=\"2015-08-17T10:21:53+00:00\" \/>\n<meta property=\"article:modified_time\" content=\"2023-10-08T11:27:43+00:00\" \/>\n<meta property=\"og:image\" content=\"https:\/\/www.cedera-okna.sk\/wp-content\/uploads\/2015\/08\/50-plastove-okna-Jarovce-1.jpg\" \/>\n<meta name=\"author\" content=\"Cedera\" \/>\n<meta name=\"twitter:label1\" content=\"Autor\" \/>\n\t<meta name=\"twitter:data1\" content=\"Cedera\" \/>\n\t<meta name=\"twitter:label2\" content=\"Predpokladan\u00fd \u010das \u010d\u00edtania\" \/>\n\t<meta name=\"twitter:data2\" content=\"3 min\u00faty\" \/>\n<!-- \/ Yoast SEO plugin. -->","yoast_head_json":{"title":"V\u00fdmena okien: kedy je spr\u00e1vny \u010das a \u010do v\u00e1s \u010dak\u00e1 | CEDERA","description":"Kedy je vhodn\u00e9 objedna\u0165 a vykona\u0165 v\u00fdmenu okien a na \u010do sa pripravi\u0165? Ako u\u0161etri\u0165 a ako dlho v\u00fdmena trv\u00e1. Porad\u00edme v\u00e1m.","robots":{"index":"index","follow":"follow","max-snippet":"max-snippet:-1","max-image-preview":"max-image-preview:large","max-video-preview":"max-video-preview:-1"},"canonical":"https:\/\/www.cedera-okna.sk\/sk\/vymena-plastovych-okien\/","og_locale":"sk_SK","og_type":"article","og_title":"V\u00fdmena okien: kedy je spr\u00e1vny \u010das a \u010do v\u00e1s \u010dak\u00e1 | CEDERA","og_description":"Kedy je vhodn\u00e9 objedna\u0165 a vykona\u0165 v\u00fdmenu okien a na \u010do sa pripravi\u0165? Ako u\u0161etri\u0165 a ako dlho v\u00fdmena trv\u00e1. Porad\u00edme v\u00e1m.","og_url":"https:\/\/www.cedera-okna.sk\/sk\/vymena-plastovych-okien\/","og_site_name":"Cedera","article_publisher":"https:\/\/www.facebook.com\/okna.cedera\/","article_published_time":"2015-08-17T10:21:53+00:00","article_modified_time":"2023-10-08T11:27:43+00:00","og_image":[{"url":"https:\/\/www.cedera-okna.sk\/wp-content\/uploads\/2015\/08\/50-plastove-okna-Jarovce-1.jpg","type":"","width":"","height":""}],"author":"Cedera","twitter_misc":{"Autor":"Cedera","Predpokladan\u00fd \u010das \u010d\u00edtania":"3 min\u00faty"},"schema":{"@context":"https:\/\/schema.org","@graph":[{"@type":"Article","@id":"https:\/\/www.cedera-okna.sk\/sk\/vymena-plastovych-okien\/#article","isPartOf":{"@id":"https:\/\/www.cedera-okna.sk\/sk\/vymena-plastovych-okien\/"},"author":{"name":"Cedera","@id":"https:\/\/www.cedera-okna.sk\/sk\/#\/schema\/person\/5472b16fb96c7eb561b42b471d6142bd"},"headline":"V\u00fdmena okien: kedy je spr\u00e1vny \u010das a \u010do v\u00e1s \u010dak\u00e1","datePublished":"2015-08-17T10:21:53+00:00","dateModified":"2023-10-08T11:27:43+00:00","mainEntityOfPage":{"@id":"https:\/\/www.cedera-okna.sk\/sk\/vymena-plastovych-okien\/"},"wordCount":620,"publisher":{"@id":"https:\/\/www.cedera-okna.sk\/sk\/#organization"},"image":{"@id":"https:\/\/www.cedera-okna.sk\/sk\/vymena-plastovych-okien\/#primaryimage"},"thumbnailUrl":"https:\/\/www.cedera-okna.sk\/wp-content\/uploads\/2015\/08\/50-plastove-okna-Jarovce-1.jpg","inLanguage":"sk-SK"},{"@type":"WebPage","@id":"https:\/\/www.cedera-okna.sk\/sk\/vymena-plastovych-okien\/","url":"https:\/\/www.cedera-okna.sk\/sk\/vymena-plastovych-okien\/","name":"V\u00fdmena okien: kedy je spr\u00e1vny \u010das a \u010do v\u00e1s \u010dak\u00e1 | CEDERA","isPartOf":{"@id":"https:\/\/www.cedera-okna.sk\/sk\/#website"},"primaryImageOfPage":{"@id":"https:\/\/www.cedera-okna.sk\/sk\/vymena-plastovych-okien\/#primaryimage"},"image":{"@id":"https:\/\/www.cedera-okna.sk\/sk\/vymena-plastovych-okien\/#primaryimage"},"thumbnailUrl":"https:\/\/www.cedera-okna.sk\/wp-content\/uploads\/2015\/08\/50-plastove-okna-Jarovce-1.jpg","datePublished":"2015-08-17T10:21:53+00:00","dateModified":"2023-10-08T11:27:43+00:00","description":"Kedy je vhodn\u00e9 objedna\u0165 a vykona\u0165 v\u00fdmenu okien a na \u010do sa pripravi\u0165? Ako u\u0161etri\u0165 a ako dlho v\u00fdmena trv\u00e1. Porad\u00edme v\u00e1m.","breadcrumb":{"@id":"https:\/\/www.cedera-okna.sk\/sk\/vymena-plastovych-okien\/#breadcrumb"},"inLanguage":"sk-SK","potentialAction":[{"@type":"ReadAction","target":["https:\/\/www.cedera-okna.sk\/sk\/vymena-plastovych-okien\/"]}]},{"@type":"ImageObject","inLanguage":"sk-SK","@id":"https:\/\/www.cedera-okna.sk\/sk\/vymena-plastovych-okien\/#primaryimage","url":"https:\/\/www.cedera-okna.sk\/wp-content\/uploads\/2015\/08\/50-plastove-okna-Jarovce-1.jpg","contentUrl":"https:\/\/www.cedera-okna.sk\/wp-content\/uploads\/2015\/08\/50-plastove-okna-Jarovce-1.jpg"},{"@type":"BreadcrumbList","@id":"https:\/\/www.cedera-okna.sk\/sk\/vymena-plastovych-okien\/#breadcrumb","itemListElement":[{"@type":"ListItem","position":1,"name":"Domovsk\u00e1 str\u00e1nka","item":"https:\/\/www.cedera-okna.sk\/sk\/"},{"@type":"ListItem","position":2,"name":"V\u00fdmena okien: kedy je spr\u00e1vny \u010das a \u010do v\u00e1s \u010dak\u00e1"}]},{"@type":"WebSite","@id":"https:\/\/www.cedera-okna.sk\/sk\/#website","url":"https:\/\/www.cedera-okna.sk\/sk\/","name":"Cedera","description":"Plastov\u00e9 okn\u00e1 Bratislava","publisher":{"@id":"https:\/\/www.cedera-okna.sk\/sk\/#organization"},"potentialAction":[{"@type":"SearchAction","target":{"@type":"EntryPoint","urlTemplate":"https:\/\/www.cedera-okna.sk\/sk\/?s={search_term_string}"},"query-input":{"@type":"PropertyValueSpecification","valueRequired":true,"valueName":"search_term_string"}}],"inLanguage":"sk-SK"},{"@type":"Organization","@id":"https:\/\/www.cedera-okna.sk\/sk\/#organization","name":"CEDERA s.r.o.","url":"https:\/\/www.cedera-okna.sk\/sk\/","logo":{"@type":"ImageObject","inLanguage":"sk-SK","@id":"https:\/\/www.cedera-okna.sk\/sk\/#\/schema\/logo\/image\/","url":"https:\/\/www.cedera-okna.sk\/wp-content\/uploads\/2018\/10\/Cedera-logo.png","contentUrl":"https:\/\/www.cedera-okna.sk\/wp-content\/uploads\/2018\/10\/Cedera-logo.png","width":190,"height":66,"caption":"CEDERA s.r.o."},"image":{"@id":"https:\/\/www.cedera-okna.sk\/sk\/#\/schema\/logo\/image\/"},"sameAs":["https:\/\/www.facebook.com\/okna.cedera\/"]},{"@type":"Person","@id":"https:\/\/www.cedera-okna.sk\/sk\/#\/schema\/person\/5472b16fb96c7eb561b42b471d6142bd","name":"Cedera","url":"https:\/\/www.cedera-okna.sk\/sk\/author\/cedera\/"}]}},"_links":{"self":[{"href":"https:\/\/www.cedera-okna.sk\/sk\/wp-json\/wp\/v2\/posts\/302","targetHints":{"allow":["GET"]}}],"collection":[{"href":"https:\/\/www.cedera-okna.sk\/sk\/wp-json\/wp\/v2\/posts"}],"about":[{"href":"https:\/\/www.cedera-okna.sk\/sk\/wp-json\/wp\/v2\/types\/post"}],"author":[{"embeddable":true,"href":"https:\/\/www.cedera-okna.sk\/sk\/wp-json\/wp\/v2\/users\/3"}],"replies":[{"embeddable":true,"href":"https:\/\/www.cedera-okna.sk\/sk\/wp-json\/wp\/v2\/comments?post=302"}],"version-history":[{"count":7,"href":"https:\/\/www.cedera-okna.sk\/sk\/wp-json\/wp\/v2\/posts\/302\/revisions"}],"predecessor-version":[{"id":13731,"href":"https:\/\/www.cedera-okna.sk\/sk\/wp-json\/wp\/v2\/posts\/302\/revisions\/13731"}],"wp:attachment":[{"href":"https:\/\/www.cedera-okna.sk\/sk\/wp-json\/wp\/v2\/media?parent=302"}],"wp:term":[{"taxonomy":"category","embeddable":true,"href":"https:\/\/www.cedera-okna.sk\/sk\/wp-json\/wp\/v2\/categories?post=302"},{"taxonomy":"post_tag","embeddable":true,"href":"https:\/\/www.cedera-okna.sk\/sk\/wp-json\/wp\/v2\/tags?post=302"}],"curies":[{"name":"wp","href":"https:\/\/api.w.org\/{rel}","templated":true}]}}