{"id":297,"date":"2015-02-23T18:56:40","date_gmt":"2015-02-23T17:56:40","guid":{"rendered":"http:\/\/cedera-okna.sk\/index.php\/udrzba-plastovych-okien-v-zime\/"},"modified":"2016-11-21T12:28:19","modified_gmt":"2016-11-21T11:28:19","slug":"udrzba-plastovych-okien-v-zime","status":"publish","type":"post","link":"https:\/\/www.cedera-okna.sk\/sk\/udrzba-plastovych-okien-v-zime\/","title":{"rendered":"\u00dadr\u017eba plastov\u00fdch okien v zime"},"content":{"rendered":"<p>Cez najv\u00e4\u010d\u0161ie sviatky v roku vid\u00edme v okn\u00e1ch svieti\u0165 viano\u010dn\u00e9 strom\u010deky, spoza nich pozorujeme padaj\u00face snehov\u00e9 vlo\u010dky, okn\u00e1 zdob\u00edme a skr\u00e1\u0161\u013eujeme. Ka\u017ed\u00e1 \u017eena si pritom potrp\u00ed na \u010dist\u00e9 okn\u00e1 bez mastn\u00fdch f\u013eakov a za\u0161pinen\u00fdch r\u00e1mov. O plastov\u00e9 okn\u00e1 sa treba stara\u0165 celoro\u010dne, zv\u00fd\u0161en\u00fa pozornos\u0165 v\u0161ak potrebuj\u00fa pred pr\u00edchodom zimy.<\/p>\n<p><!--more--><\/p>\n<h2>Kedy a \u010d\u00edm o\u0161etrova\u0165 plastov\u00e9 okn\u00e1?<\/h2>\n<p>V zimnom obdob\u00ed sa okn\u00e1 \u0161pinia menej ako v lete a aj ich um\u00fdvanie je pohodlnej\u0161ie v letn\u00fdch mesiacoch. Vhodn\u00fdm obdob\u00edm na \u00fadr\u017ebu <a title=\"plastov\u00e9 okn\u00e1 salamander\" href=\"\/sk\/plastove-okna-salamander\">plastov\u00fdch okien<\/a>, aby dobre vyzerali aj v zime, je pr\u00e1ve jese\u0148. \u00dadr\u017eba plastov\u00fdch okien je nen\u00e1ro\u010dn\u00e1. V\u00e4\u010d\u0161inou nie je potrebn\u00e9 pre z\u00e1kladn\u00e9 o\u0161etrenie urobi\u0165 viac ako odmasti\u0165 okenn\u00e9 r\u00e1my a kr\u00eddla \u0161peci\u00e1lnym \u010disti\u010dom s odmas\u0165ovac\u00edm \u00fa\u010dinkom. Vhodn\u00fd pr\u00edpravok k\u00fapite v drog\u00e9rii alebo v \u0161pecializovanom obchode. Na um\u00fdvanie okien sa neodpor\u00fa\u010daj\u00fa \u010disti\u010de na riad. Tieto pr\u00edpravky toti\u017e obsahuj\u00fa tenzidy, ktor\u00e9 sa na okn\u00e1 usadzuj\u00fa a vytv\u00e1raj\u00fa vrstvu, ktor\u00e1 pri\u0165ahuje prach a \u010fal\u0161ie ne\u010distoty.<\/p>\n<h2>Zabr\u00e1\u0148te roseniu plastov\u00fdch okien<\/h2>\n<p>Najm\u00e4 po\u010das zimn\u00fdch mesiacov m\u00f4\u017eeme na plastov\u00fdch okn\u00e1ch vidie\u0165 stekaj\u00face kvapky. T\u00e1to vlhkos\u0165 m\u00f4\u017ee sp\u00f4sobi\u0165 vznik plesn\u00ed a h\u00fab. Aby ste tomu zabr\u00e1nili, nezabudnite okn\u00e1 pravidelne a intenz\u00edvne vetra\u0165. Najvhodnej\u0161ie je otvori\u0165 okno dokor\u00e1n na 5 &#8211; 10 min\u00fat nieko\u013ekokr\u00e1t za de\u0148. Je to vhodn\u00e9 nielen pre okn\u00e1, ale aj pre \u013eudsk\u00fd organizmus, preto\u017ee vzduch sa okysli\u010d\u00ed a eliminuj\u00fa sa dr\u00e1\u017ediv\u00e9 l\u00e1tky v ovzdu\u0161\u00ed.<\/p>\n<p><img decoding=\"async\" class=\" size-full wp-image-296\" title=\"\u00dadr\u017eba plastov\u00fdch okien v zime\" src=\"http:\/\/cedera-okna.sk\/wp-content\/uploads\/2015\/02\/37-plastove-okna-Bratislava-Liptovska-4-1.jpg\" alt=\"\u00dadr\u017eba plastov\u00fdch okien v zime\" width=\"100%\" border=\"0\" srcset=\"https:\/\/www.cedera-okna.sk\/wp-content\/uploads\/2015\/02\/37-plastove-okna-Bratislava-Liptovska-4-1.jpg 1000w, https:\/\/www.cedera-okna.sk\/wp-content\/uploads\/2015\/02\/37-plastove-okna-Bratislava-Liptovska-4-1-300x225.jpg 300w, https:\/\/www.cedera-okna.sk\/wp-content\/uploads\/2015\/02\/37-plastove-okna-Bratislava-Liptovska-4-1-768x576.jpg 768w, https:\/\/www.cedera-okna.sk\/wp-content\/uploads\/2015\/02\/37-plastove-okna-Bratislava-Liptovska-4-1-870x653.jpg 870w, https:\/\/www.cedera-okna.sk\/wp-content\/uploads\/2015\/02\/37-plastove-okna-Bratislava-Liptovska-4-1-390x293.jpg 390w\" sizes=\"(max-width: 1000px) 100vw, 1000px\" \/><\/p>\n<h2>R\u00e1my a tesnenia plastov\u00fdch okien<\/h2>\n<p>Po zaschnut\u00ed a odmasten\u00ed r\u00e1mov sa odpor\u00fa\u010da nanies\u0165 o\u0161etrovac\u00ed pr\u00edpravok na r\u00e1my a tesnenia, ktor\u00fd zacel\u00ed mal\u00e9 nerovnosti \u010di drobn\u00e9 praskliny. Z\u00e1rove\u0148 sa t\u00fdm zamedz\u00ed vnikaniu vlhkosti a tesnenie z\u00edska lep\u0161iu elasticitu. O\u0161etrovanie r\u00e1mov sa odpor\u00fa\u010da previes\u0165 minim\u00e1lne ka\u017ed\u00fdch \u0161es\u0165 mesiacov. Aspo\u0148 raz ro\u010dne treba skontrolova\u0165 aj <a title=\"kovanie plastov\u00fdch okien\" href=\"\/sk\/kovanie-plastove-okna\">kovanie a tesnosti plastov\u00fdch okien<\/a>. Ide\u00e1lnym obdob\u00edm je za\u010diatok jari. Okn\u00e1 s\u00fa toti\u017e v zime najviac za\u0165a\u017eovan\u00e9 pr\u00e1ve chladom, mrazom, studen\u00fdm vetrom a snehom, \u010do sa najviac prejavuje v spodnej \u010dasti r\u00e1mu, kde sa aj v najv\u00e4\u010d\u0161om mno\u017estve zachyt\u00e1vaj\u00fa ne\u010distoty.<\/p>\n<h2>V\u00fdkladn\u00e1 skri\u0148a \u013eudsk\u00fdch obydl\u00ed<\/h2>\n<p>Okn\u00e1 sa metaforicky ozna\u010duj\u00fa aj ako v\u00fdkladn\u00e9 skrine domov a bytov. Pri prvom poh\u013eade na dom \u010di byt dok\u00e1\u017eu okn\u00e1 v\u00fdrazne ovplyvni\u0165 prv\u00fd dojem. Aj poh\u013ead zvn\u00fatra von je cez \u010dist\u00e9 a udr\u017eiavan\u00e9 okno omnoho kraj\u0161\u00ed. Navy\u0161e, ak sa o plastov\u00e9 okn\u00e1 dobre star\u00e1te, odv\u010fa\u010dia sa v\u00e1m dlhou \u017eivotnos\u0165ou a funk\u010dnos\u0165ou.<\/p>\n","protected":false},"excerpt":{"rendered":"<p>Cez najv\u00e4\u010d\u0161ie sviatky v roku vid\u00edme v okn\u00e1ch svieti\u0165 viano\u010dn\u00e9 strom\u010deky, spoza nich pozorujeme padaj\u00face snehov\u00e9 vlo\u010dky, okn\u00e1 zdob\u00edme a skr\u00e1\u0161\u013eujeme. Ka\u017ed\u00e1 \u017eena si pritom potrp\u00ed na \u010dist\u00e9 okn\u00e1 bez mastn\u00fdch f\u013eakov a za\u0161pinen\u00fdch r\u00e1mov. O plastov\u00e9 okn\u00e1 sa treba stara\u0165 celoro\u010dne, zv\u00fd\u0161en\u00fa pozornos\u0165 v\u0161ak potrebuj\u00fa pred pr\u00edchodom zimy.<\/p>\n","protected":false},"author":3,"featured_media":296,"comment_status":"closed","ping_status":"closed","sticky":false,"template":"","format":"standard","meta":{"footnotes":""},"categories":[],"tags":[],"class_list":["post-297","post","type-post","status-publish","format-standard","has-post-thumbnail","hentry"],"yoast_head":"<!-- This site is optimized with the Yoast SEO plugin v27.4 - https:\/\/yoast.com\/product\/yoast-seo-wordpress\/ -->\n<title>\u00dadr\u017eba plastov\u00fdch okien v zime - Cedera<\/title>\n<meta name=\"robots\" content=\"index, follow, max-snippet:-1, max-image-preview:large, max-video-preview:-1\" \/>\n<link rel=\"canonical\" href=\"https:\/\/www.cedera-okna.sk\/sk\/udrzba-plastovych-okien-v-zime\/\" \/>\n<meta property=\"og:locale\" content=\"sk_SK\" \/>\n<meta property=\"og:type\" content=\"article\" \/>\n<meta property=\"og:title\" content=\"\u00dadr\u017eba plastov\u00fdch okien v zime - Cedera\" \/>\n<meta property=\"og:description\" content=\"Cez najv\u00e4\u010d\u0161ie sviatky v roku vid\u00edme v okn\u00e1ch svieti\u0165 viano\u010dn\u00e9 strom\u010deky, spoza nich pozorujeme padaj\u00face snehov\u00e9 vlo\u010dky, okn\u00e1 zdob\u00edme a skr\u00e1\u0161\u013eujeme. Ka\u017ed\u00e1 \u017eena si pritom potrp\u00ed na \u010dist\u00e9 okn\u00e1 bez mastn\u00fdch f\u013eakov a za\u0161pinen\u00fdch r\u00e1mov. O plastov\u00e9 okn\u00e1 sa treba stara\u0165 celoro\u010dne, zv\u00fd\u0161en\u00fa pozornos\u0165 v\u0161ak potrebuj\u00fa pred pr\u00edchodom zimy.\" \/>\n<meta property=\"og:url\" content=\"https:\/\/www.cedera-okna.sk\/sk\/udrzba-plastovych-okien-v-zime\/\" \/>\n<meta property=\"og:site_name\" content=\"Cedera\" \/>\n<meta property=\"article:publisher\" content=\"https:\/\/www.facebook.com\/okna.cedera\/\" \/>\n<meta property=\"article:published_time\" content=\"2015-02-23T17:56:40+00:00\" \/>\n<meta property=\"article:modified_time\" content=\"2016-11-21T11:28:19+00:00\" \/>\n<meta property=\"og:image\" content=\"https:\/\/www.cedera-okna.sk\/wp-content\/uploads\/2015\/02\/37-plastove-okna-Bratislava-Liptovska-4-1.jpg\" \/>\n\t<meta property=\"og:image:width\" content=\"1000\" \/>\n\t<meta property=\"og:image:height\" content=\"750\" \/>\n\t<meta property=\"og:image:type\" content=\"image\/jpeg\" \/>\n<meta name=\"author\" content=\"Cedera\" \/>\n<meta name=\"twitter:label1\" content=\"Autor\" \/>\n\t<meta name=\"twitter:data1\" content=\"Cedera\" \/>\n\t<meta name=\"twitter:label2\" content=\"Predpokladan\u00fd \u010das \u010d\u00edtania\" \/>\n\t<meta name=\"twitter:data2\" content=\"2 min\u00faty\" \/>\n<!-- \/ Yoast SEO plugin. -->","yoast_head_json":{"title":"\u00dadr\u017eba plastov\u00fdch okien v zime - Cedera","robots":{"index":"index","follow":"follow","max-snippet":"max-snippet:-1","max-image-preview":"max-image-preview:large","max-video-preview":"max-video-preview:-1"},"canonical":"https:\/\/www.cedera-okna.sk\/sk\/udrzba-plastovych-okien-v-zime\/","og_locale":"sk_SK","og_type":"article","og_title":"\u00dadr\u017eba plastov\u00fdch okien v zime - Cedera","og_description":"Cez najv\u00e4\u010d\u0161ie sviatky v roku vid\u00edme v okn\u00e1ch svieti\u0165 viano\u010dn\u00e9 strom\u010deky, spoza nich pozorujeme padaj\u00face snehov\u00e9 vlo\u010dky, okn\u00e1 zdob\u00edme a skr\u00e1\u0161\u013eujeme. Ka\u017ed\u00e1 \u017eena si pritom potrp\u00ed na \u010dist\u00e9 okn\u00e1 bez mastn\u00fdch f\u013eakov a za\u0161pinen\u00fdch r\u00e1mov. O plastov\u00e9 okn\u00e1 sa treba stara\u0165 celoro\u010dne, zv\u00fd\u0161en\u00fa pozornos\u0165 v\u0161ak potrebuj\u00fa pred pr\u00edchodom zimy.","og_url":"https:\/\/www.cedera-okna.sk\/sk\/udrzba-plastovych-okien-v-zime\/","og_site_name":"Cedera","article_publisher":"https:\/\/www.facebook.com\/okna.cedera\/","article_published_time":"2015-02-23T17:56:40+00:00","article_modified_time":"2016-11-21T11:28:19+00:00","og_image":[{"width":1000,"height":750,"url":"https:\/\/www.cedera-okna.sk\/wp-content\/uploads\/2015\/02\/37-plastove-okna-Bratislava-Liptovska-4-1.jpg","type":"image\/jpeg"}],"author":"Cedera","twitter_misc":{"Autor":"Cedera","Predpokladan\u00fd \u010das \u010d\u00edtania":"2 min\u00faty"},"schema":{"@context":"https:\/\/schema.org","@graph":[{"@type":"Article","@id":"https:\/\/www.cedera-okna.sk\/sk\/udrzba-plastovych-okien-v-zime\/#article","isPartOf":{"@id":"https:\/\/www.cedera-okna.sk\/sk\/udrzba-plastovych-okien-v-zime\/"},"author":{"name":"Cedera","@id":"https:\/\/www.cedera-okna.sk\/sk\/#\/schema\/person\/5472b16fb96c7eb561b42b471d6142bd"},"headline":"\u00dadr\u017eba plastov\u00fdch okien v zime","datePublished":"2015-02-23T17:56:40+00:00","dateModified":"2016-11-21T11:28:19+00:00","mainEntityOfPage":{"@id":"https:\/\/www.cedera-okna.sk\/sk\/udrzba-plastovych-okien-v-zime\/"},"wordCount":494,"publisher":{"@id":"https:\/\/www.cedera-okna.sk\/sk\/#organization"},"image":{"@id":"https:\/\/www.cedera-okna.sk\/sk\/udrzba-plastovych-okien-v-zime\/#primaryimage"},"thumbnailUrl":"https:\/\/www.cedera-okna.sk\/wp-content\/uploads\/2015\/02\/37-plastove-okna-Bratislava-Liptovska-4-1.jpg","inLanguage":"sk-SK"},{"@type":"WebPage","@id":"https:\/\/www.cedera-okna.sk\/sk\/udrzba-plastovych-okien-v-zime\/","url":"https:\/\/www.cedera-okna.sk\/sk\/udrzba-plastovych-okien-v-zime\/","name":"\u00dadr\u017eba plastov\u00fdch okien v zime - Cedera","isPartOf":{"@id":"https:\/\/www.cedera-okna.sk\/sk\/#website"},"primaryImageOfPage":{"@id":"https:\/\/www.cedera-okna.sk\/sk\/udrzba-plastovych-okien-v-zime\/#primaryimage"},"image":{"@id":"https:\/\/www.cedera-okna.sk\/sk\/udrzba-plastovych-okien-v-zime\/#primaryimage"},"thumbnailUrl":"https:\/\/www.cedera-okna.sk\/wp-content\/uploads\/2015\/02\/37-plastove-okna-Bratislava-Liptovska-4-1.jpg","datePublished":"2015-02-23T17:56:40+00:00","dateModified":"2016-11-21T11:28:19+00:00","breadcrumb":{"@id":"https:\/\/www.cedera-okna.sk\/sk\/udrzba-plastovych-okien-v-zime\/#breadcrumb"},"inLanguage":"sk-SK","potentialAction":[{"@type":"ReadAction","target":["https:\/\/www.cedera-okna.sk\/sk\/udrzba-plastovych-okien-v-zime\/"]}]},{"@type":"ImageObject","inLanguage":"sk-SK","@id":"https:\/\/www.cedera-okna.sk\/sk\/udrzba-plastovych-okien-v-zime\/#primaryimage","url":"https:\/\/www.cedera-okna.sk\/wp-content\/uploads\/2015\/02\/37-plastove-okna-Bratislava-Liptovska-4-1.jpg","contentUrl":"https:\/\/www.cedera-okna.sk\/wp-content\/uploads\/2015\/02\/37-plastove-okna-Bratislava-Liptovska-4-1.jpg","width":1000,"height":750,"caption":"\u00dadr\u017eba plastov\u00fdch okien v zime"},{"@type":"BreadcrumbList","@id":"https:\/\/www.cedera-okna.sk\/sk\/udrzba-plastovych-okien-v-zime\/#breadcrumb","itemListElement":[{"@type":"ListItem","position":1,"name":"Domovsk\u00e1 str\u00e1nka","item":"https:\/\/www.cedera-okna.sk\/sk\/"},{"@type":"ListItem","position":2,"name":"\u00dadr\u017eba plastov\u00fdch okien v zime"}]},{"@type":"WebSite","@id":"https:\/\/www.cedera-okna.sk\/sk\/#website","url":"https:\/\/www.cedera-okna.sk\/sk\/","name":"Cedera","description":"Plastov\u00e9 okn\u00e1 Bratislava","publisher":{"@id":"https:\/\/www.cedera-okna.sk\/sk\/#organization"},"potentialAction":[{"@type":"SearchAction","target":{"@type":"EntryPoint","urlTemplate":"https:\/\/www.cedera-okna.sk\/sk\/?s={search_term_string}"},"query-input":{"@type":"PropertyValueSpecification","valueRequired":true,"valueName":"search_term_string"}}],"inLanguage":"sk-SK"},{"@type":"Organization","@id":"https:\/\/www.cedera-okna.sk\/sk\/#organization","name":"CEDERA s.r.o.","url":"https:\/\/www.cedera-okna.sk\/sk\/","logo":{"@type":"ImageObject","inLanguage":"sk-SK","@id":"https:\/\/www.cedera-okna.sk\/sk\/#\/schema\/logo\/image\/","url":"https:\/\/www.cedera-okna.sk\/wp-content\/uploads\/2018\/10\/Cedera-logo.png","contentUrl":"https:\/\/www.cedera-okna.sk\/wp-content\/uploads\/2018\/10\/Cedera-logo.png","width":190,"height":66,"caption":"CEDERA s.r.o."},"image":{"@id":"https:\/\/www.cedera-okna.sk\/sk\/#\/schema\/logo\/image\/"},"sameAs":["https:\/\/www.facebook.com\/okna.cedera\/"]},{"@type":"Person","@id":"https:\/\/www.cedera-okna.sk\/sk\/#\/schema\/person\/5472b16fb96c7eb561b42b471d6142bd","name":"Cedera","url":"https:\/\/www.cedera-okna.sk\/sk\/author\/cedera\/"}]}},"_links":{"self":[{"href":"https:\/\/www.cedera-okna.sk\/sk\/wp-json\/wp\/v2\/posts\/297","targetHints":{"allow":["GET"]}}],"collection":[{"href":"https:\/\/www.cedera-okna.sk\/sk\/wp-json\/wp\/v2\/posts"}],"about":[{"href":"https:\/\/www.cedera-okna.sk\/sk\/wp-json\/wp\/v2\/types\/post"}],"author":[{"embeddable":true,"href":"https:\/\/www.cedera-okna.sk\/sk\/wp-json\/wp\/v2\/users\/3"}],"replies":[{"embeddable":true,"href":"https:\/\/www.cedera-okna.sk\/sk\/wp-json\/wp\/v2\/comments?post=297"}],"version-history":[{"count":2,"href":"https:\/\/www.cedera-okna.sk\/sk\/wp-json\/wp\/v2\/posts\/297\/revisions"}],"predecessor-version":[{"id":3207,"href":"https:\/\/www.cedera-okna.sk\/sk\/wp-json\/wp\/v2\/posts\/297\/revisions\/3207"}],"wp:featuredmedia":[{"embeddable":true,"href":"https:\/\/www.cedera-okna.sk\/sk\/wp-json\/wp\/v2\/media\/296"}],"wp:attachment":[{"href":"https:\/\/www.cedera-okna.sk\/sk\/wp-json\/wp\/v2\/media?parent=297"}],"wp:term":[{"taxonomy":"category","embeddable":true,"href":"https:\/\/www.cedera-okna.sk\/sk\/wp-json\/wp\/v2\/categories?post=297"},{"taxonomy":"post_tag","embeddable":true,"href":"https:\/\/www.cedera-okna.sk\/sk\/wp-json\/wp\/v2\/tags?post=297"}],"curies":[{"name":"wp","href":"https:\/\/api.w.org\/{rel}","templated":true}]}}