{"id":295,"date":"2015-02-11T18:54:13","date_gmt":"2015-02-11T17:54:13","guid":{"rendered":"http:\/\/cedera-okna.sk\/index.php\/vymena-okien-v-zime\/"},"modified":"2018-01-01T12:59:24","modified_gmt":"2018-01-01T11:59:24","slug":"vymena-okien-v-zime","status":"publish","type":"post","link":"https:\/\/www.cedera-okna.sk\/sk\/vymena-okien-v-zime\/","title":{"rendered":"V\u00fdmena okien v zime"},"content":{"rendered":"<div class=\"wpb-content-wrapper\"><p>[vc_row][vc_column][vc_column_text]V\u00fdmenu star\u00fdch okien za nov\u00e9 <a title=\"Plastov\u00e9 okn\u00e1 salamander\" href=\"\/sk\/plastove-okna-salamander\">plastov\u00e9 okn\u00e1<\/a> si budete pochva\u013eova\u0165 v\u00a0ka\u017edom ro\u010dnom obdob\u00ed. S\u00fa mimoriadne odoln\u00e9 vo\u010di v\u00fdkyvom po\u010dasia a\u00a0osved\u010dia sa najm\u00e4 v\u00a0zime pri \u00faspore n\u00e1kladov na vykurovanie.<\/p>\n<p><!--more--><\/p>\n<p>Pod\u013ea \u0161tatist\u00edk unik\u00e1 ro\u010dne cez okn\u00e1 a dvere cca 40 % tepla. Takmer polovica n\u00e1kladov na vykurovanie teda jednoducho vylet\u00ed von oknom. Tepeln\u00e9 straty dok\u00e1\u017eete efekt\u00edvne zn\u00ed\u017ei\u0165 pr\u00e1ve s\u00a0nov\u00fdmi plastov\u00fdmi oknami. Aj ke\u010f v\u00e1m dnu prefukuje studen\u00fd vzduch alebo m\u00e1te po prudkom da\u017edi mokr\u00e9 parapety, plastov\u00e9 okn\u00e1 sa uk\u00e1\u017eu ako ide\u00e1lne rie\u0161enie.<\/p>\n<p>V\u00fdmena okien m\u00f4\u017ee prebehn\u00fa\u0165 aj v\u00a0chladnej\u0161om obdob\u00ed. V\u00fdmena plastov\u00fdch okien v\u00a0zime mnoh\u00fdch \u013eud\u00ed odr\u00e1dza, hoci v\u00a0skuto\u010dnosti sa netreba ni\u010doho b\u00e1\u0165. Ide o\u00a0ide\u00e1lne obdobie, preto\u017ee pr\u00e1ve vtedy sa v\u00a0panel\u00e1koch i\u00a0rodinn\u00fdch domoch sp\u00fa\u0161\u0165a vykurovanie. No to v\u00e1m bude nani\u010d a\u00a0zbyto\u010dne preplat\u00edte, ak budete ma\u0165 star\u00e9 okn\u00e1. Tie toti\u017e nevedia udr\u017ea\u0165 dostatok tepla a ve\u013emi ve\u013ea ho prep\u00fa\u0161\u0165aj\u00fa von.<\/p>\n<p>Tepeln\u00e1 izol\u00e1cia je jednou z\u00a0najv\u00e4\u010d\u0161\u00edch v\u00fdhod plastov\u00fdch okien. Pr\u00e1ve preto na v\u00e4\u010d\u0161ine nov\u00fdch a\u00a0zrenovovan\u00fdch budov m\u00f4\u017eete vidie\u0165 plastov\u00e9 okn\u00e1 \u010dastej\u0161ie ako dreven\u00e9 alebo hlin\u00edkov\u00e9. V\u00a0porovnan\u00ed s\u00a0nimi pon\u00fakaj\u00fa plastov\u00e9 okn\u00e1 lep\u0161ie izola\u010dn\u00e9 hodnoty nielen \u010do sa t\u00fdka tepelnej ale aj zvukovej izol\u00e1cie. Ak \u017eijete v\u00a0hlu\u010dnom prostred\u00ed a\u00a0prek\u00e1\u017ea v\u00e1m ka\u017edodenn\u00fd ruch ve\u013ekej prem\u00e1vky, plastov\u00e9 okn\u00e1 spo\u013eahlivo zn\u00ed\u017eia mieru zvukov\u00e9ho smogu.<\/p>\n<p>\u010eal\u0161ou pozit\u00edvnou v\u00fdhodou plastov\u00fdch okien je ur\u010dite vysok\u00e1 odolnos\u0165 vo\u010di vonkaj\u0161\u00edm poveternostn\u00fdm vplyvom v\u00a0ka\u017edom ro\u010dnom obdob\u00ed a\u00a0tie\u017e vo\u010di UV \u017eiareniu. Plastov\u00e9 okn\u00e1 sa p\u00fd\u0161ia aj modern\u00fdm a\u00a0nad\u010dasov\u00fdm dizajnom, v\u010faka \u010domu s\u00fa ob\u013e\u00faben\u00fdm a\u00a0\u010dasto vyu\u017e\u00edvan\u00fdm prvkom modernej architekt\u00fary. V\u00a0porovnan\u00ed s\u00a0dreven\u00fdmi alebo hlin\u00edkov\u00fdmi oknami vy\u017eaduj\u00fa len minim\u00e1lnu a\u00a0nen\u00e1ro\u010dn\u00fa \u00fadr\u017ebu. \u017divotnos\u0165 plastov\u00fdch okien je pomerne vysok\u00e1, \u010dasto presahuj\u00faca aj 50 rokov. Plastov\u00e9 okn\u00e1 s\u00fa naviac ove\u013ea lacnej\u0161ie ako napr. dreven\u00e9, za ktor\u00e9 zaplat\u00edte aj o 40% viac.<\/p>\n<p>Plast, ako v\u0161etci vieme, je ve\u013emi odoln\u00fd a jeho spracovanie sa neust\u00e1le zdokona\u013euje. V\u00fdrobcovia u\u017e v s\u00fa\u010dasnosti pon\u00fakaj\u00fa okrem bielej farby aj \u0161irok\u00fa paletu r\u00f4znych vzorov a farieb, ktor\u00e9 s\u00fa s\u00edce drah\u0161ie ako biela alternat\u00edva, ale za to perfektne farebne ,,sadn\u00fa\u201c k\u00a0\u0161t\u00fdlu budovy. Navy\u0161e v posledn\u00fdch rokoch si m\u00f4\u017eete vybra\u0165 aj po\u010det nepriepustn\u00fdch kom\u00f4r skiel. Komorov\u00e9 syst\u00e9my maj\u00fa zamedzi\u0165 v prvom rade tomu, aby cez r\u00e1m okien neprenikalo von teplo a naopak, teda dnu zima. \u010c\u00edm viac kom\u00f4r, t\u00fdm lep\u0161ie tepelno- a zvukovo-izola\u010dn\u00e9 vlastnosti. Trojkomorov\u00fd profil sa pou\u017e\u00edval nieko\u013eko rokov, no v s\u00fa\u010dasnosti ho nahradzuje p\u00e4\u0165komorov\u00fd.<\/p>\n<p>Dnes je na trhu nespo\u010detn\u00e9 mno\u017estvo v\u00fdrobcov a aj dod\u00e1vate\u013eov. Aby ste v\u0161ak boli naozaj spokojn\u00ed, netreba sa orientova\u0165 len na najni\u017e\u0161iu cenu, ale aj na kvalitu plastov\u00fdch okien, sk\u00fasenosti in\u00fdch z\u00e1kazn\u00edkov, servis slu\u017eieb a\u00a0p\u00f4sobenie na trhu. Kvalitn\u00e9 plastov\u00e9 okn\u00e1 pre v\u00e1s zabezpe\u010d\u00ed aj spolo\u010dnos\u0165 Cedera, ktor\u00e1 p\u00f4sob\u00ed na trhu u\u017e nieko\u013eko rokov a\u00a0pomohla u\u017e tis\u00edckam spokojn\u00fdch z\u00e1kazn\u00edkov.\u00a0<span style=\"font-size: 12.16px; line-height: 1.3em;\">\u00a0<\/span>[\/vc_column_text][\/vc_column][\/vc_row][vc_row][vc_column][vc_column_text]<\/p>\n<h2 style=\"text-align: center;\">M\u00e1te z\u00e1ujem o nov\u00e9 okn\u00e1 alebo si necha\u0165 poradi\u0165? Vypl\u0148te formul\u00e1r ni\u017e\u0161ie a ozveme sa v\u00e1m do 24 hod\u00edn.<\/h2>\n<p>[\/vc_column_text]\n<div class=\"wpcf7 no-js\" id=\"wpcf7-f2486-o1\" lang=\"sk-SK\" dir=\"ltr\" data-wpcf7-id=\"2486\">\n<div class=\"screen-reader-response\"><p role=\"status\" aria-live=\"polite\" aria-atomic=\"true\"><\/p> <ul><\/ul><\/div>\n<form action=\"\/sk\/wp-json\/wp\/v2\/posts\/295#wpcf7-f2486-o1\" method=\"post\" class=\"wpcf7-form init\" aria-label=\"Kontaktn\u00fd formul\u00e1r\" novalidate=\"novalidate\" data-status=\"init\">\n<fieldset class=\"hidden-fields-container\"><input type=\"hidden\" name=\"_wpcf7\" value=\"2486\" \/><input type=\"hidden\" name=\"_wpcf7_version\" value=\"6.1.5\" \/><input type=\"hidden\" name=\"_wpcf7_locale\" value=\"sk_SK\" \/><input type=\"hidden\" name=\"_wpcf7_unit_tag\" value=\"wpcf7-f2486-o1\" \/><input type=\"hidden\" name=\"_wpcf7_container_post\" value=\"0\" \/><input type=\"hidden\" name=\"_wpcf7_posted_data_hash\" value=\"\" \/><input type=\"hidden\" name=\"_wpcf7_recaptcha_response\" value=\"\" \/>\n<\/fieldset>\n<p><label><br \/>\n<span class=\"wpcf7-form-control-wrap\" data-name=\"your-name\"><input size=\"40\" maxlength=\"400\" class=\"wpcf7-form-control wpcf7-text wpcf7-validates-as-required\" aria-required=\"true\" aria-invalid=\"false\" placeholder=\"Meno*\" value=\"\" type=\"text\" name=\"your-name\" \/><\/span> <\/label>\n<\/p>\n<div class=\"sc_form_info columns_wrap\">\n\t<div class=\"sc_form_item sc_form_field label_over column-1_2\">\n\t\t<p><label><br \/>\n<span class=\"wpcf7-form-control-wrap\" data-name=\"your-telefon\"><input size=\"40\" maxlength=\"400\" class=\"wpcf7-form-control wpcf7-tel wpcf7-validates-as-required wpcf7-text wpcf7-validates-as-tel\" aria-required=\"true\" aria-invalid=\"false\" placeholder=\"Telef\u00f3n*\" value=\"\" type=\"tel\" name=\"your-telefon\" \/><\/span> <\/label>\n\t\t<\/p>\n\t<\/div>\n\t<div class=\"sc_form_item sc_form_field label_over column-1_2 pading0\">\n\t\t<p><label><br \/>\n<span class=\"wpcf7-form-control-wrap\" data-name=\"your-email\"><input size=\"40\" maxlength=\"400\" class=\"wpcf7-form-control wpcf7-email wpcf7-validates-as-required wpcf7-text wpcf7-validates-as-email\" aria-required=\"true\" aria-invalid=\"false\" placeholder=\"E-mail*\" value=\"\" type=\"email\" name=\"your-email\" \/><\/span><\/label>\n\t\t<\/p>\n\t<\/div>\n<\/div>\n<p><label><br \/>\n<span class=\"wpcf7-form-control-wrap\" data-name=\"your-message\"><textarea cols=\"40\" rows=\"10\" maxlength=\"2000\" class=\"wpcf7-form-control wpcf7-textarea\" aria-invalid=\"false\" placeholder=\"Pros\u00edm kontaktujte ma oh\u013eadom...\" name=\"your-message\"><\/textarea><\/span> <\/label>\n<\/p>\n<p><span class=\"wpcf7-form-control-wrap\" data-name=\"checkbox-597\"><span class=\"wpcf7-form-control wpcf7-checkbox wpcf7-validates-as-required\"><span class=\"wpcf7-list-item first last\"><input type=\"checkbox\" name=\"checkbox-597[]\" value=\"S\u00fahlas\u00edm so zpracovan\u00edm osobn\u00fdch \u00fadajov*\" \/><span class=\"wpcf7-list-item-label\">S\u00fahlas\u00edm so zpracovan\u00edm osobn\u00fdch \u00fadajov*<\/span><\/span><\/span><\/span>\n<\/p>\n<p><input class=\"wpcf7-form-control wpcf7-submit has-spinner\" type=\"submit\" value=\"Posla\u0165 po\u017eiadavku\" \/>\n<\/p>\n<p>*polo\u017eka je povinn\u00e1\n<\/p><div class=\"wpcf7-response-output\" aria-hidden=\"true\"><\/div>\n<\/form>\n<\/div>\n[\/vc_column][\/vc_row]<\/p>\n<\/div>","protected":false},"excerpt":{"rendered":"<p>[vc_row][vc_column][vc_column_text]V\u00fdmenu star\u00fdch okien za nov\u00e9 plastov\u00e9 okn\u00e1 si budete pochva\u013eova\u0165 v\u00a0ka\u017edom ro\u010dnom obdob\u00ed. S\u00fa mimoriadne odoln\u00e9 vo\u010di v\u00fdkyvom po\u010dasia a\u00a0osved\u010dia sa najm\u00e4 v\u00a0zime pri \u00faspore n\u00e1kladov na vykurovanie.<\/p>\n","protected":false},"author":3,"featured_media":0,"comment_status":"closed","ping_status":"closed","sticky":false,"template":"","format":"standard","meta":{"footnotes":""},"categories":[],"tags":[],"class_list":["post-295","post","type-post","status-publish","format-standard","hentry"],"yoast_head":"<!-- This site is optimized with the Yoast SEO plugin v27.4 - https:\/\/yoast.com\/product\/yoast-seo-wordpress\/ -->\n<title>V\u00fdmena okien v zime - Cedera<\/title>\n<meta name=\"robots\" content=\"index, follow, max-snippet:-1, max-image-preview:large, max-video-preview:-1\" \/>\n<link rel=\"canonical\" href=\"https:\/\/www.cedera-okna.sk\/sk\/vymena-okien-v-zime\/\" \/>\n<meta property=\"og:locale\" content=\"sk_SK\" \/>\n<meta property=\"og:type\" content=\"article\" \/>\n<meta property=\"og:title\" content=\"V\u00fdmena okien v zime - Cedera\" \/>\n<meta property=\"og:description\" content=\"[vc_row][vc_column][vc_column_text]V\u00fdmenu star\u00fdch okien za nov\u00e9 plastov\u00e9 okn\u00e1 si budete pochva\u013eova\u0165 v\u00a0ka\u017edom ro\u010dnom obdob\u00ed. S\u00fa mimoriadne odoln\u00e9 vo\u010di v\u00fdkyvom po\u010dasia a\u00a0osved\u010dia sa najm\u00e4 v\u00a0zime pri \u00faspore n\u00e1kladov na vykurovanie.\" \/>\n<meta property=\"og:url\" content=\"https:\/\/www.cedera-okna.sk\/sk\/vymena-okien-v-zime\/\" \/>\n<meta property=\"og:site_name\" content=\"Cedera\" \/>\n<meta property=\"article:publisher\" content=\"https:\/\/www.facebook.com\/okna.cedera\/\" \/>\n<meta property=\"article:published_time\" content=\"2015-02-11T17:54:13+00:00\" \/>\n<meta property=\"article:modified_time\" content=\"2018-01-01T11:59:24+00:00\" \/>\n<meta name=\"author\" content=\"Cedera\" \/>\n<meta name=\"twitter:label1\" content=\"Autor\" \/>\n\t<meta name=\"twitter:data1\" content=\"Cedera\" \/>\n\t<meta name=\"twitter:label2\" content=\"Predpokladan\u00fd \u010das \u010d\u00edtania\" \/>\n\t<meta name=\"twitter:data2\" content=\"3 min\u00faty\" \/>\n<!-- \/ Yoast SEO plugin. -->","yoast_head_json":{"title":"V\u00fdmena okien v zime - Cedera","robots":{"index":"index","follow":"follow","max-snippet":"max-snippet:-1","max-image-preview":"max-image-preview:large","max-video-preview":"max-video-preview:-1"},"canonical":"https:\/\/www.cedera-okna.sk\/sk\/vymena-okien-v-zime\/","og_locale":"sk_SK","og_type":"article","og_title":"V\u00fdmena okien v zime - Cedera","og_description":"[vc_row][vc_column][vc_column_text]V\u00fdmenu star\u00fdch okien za nov\u00e9 plastov\u00e9 okn\u00e1 si budete pochva\u013eova\u0165 v\u00a0ka\u017edom ro\u010dnom obdob\u00ed. S\u00fa mimoriadne odoln\u00e9 vo\u010di v\u00fdkyvom po\u010dasia a\u00a0osved\u010dia sa najm\u00e4 v\u00a0zime pri \u00faspore n\u00e1kladov na vykurovanie.","og_url":"https:\/\/www.cedera-okna.sk\/sk\/vymena-okien-v-zime\/","og_site_name":"Cedera","article_publisher":"https:\/\/www.facebook.com\/okna.cedera\/","article_published_time":"2015-02-11T17:54:13+00:00","article_modified_time":"2018-01-01T11:59:24+00:00","author":"Cedera","twitter_misc":{"Autor":"Cedera","Predpokladan\u00fd \u010das \u010d\u00edtania":"3 min\u00faty"},"schema":{"@context":"https:\/\/schema.org","@graph":[{"@type":"Article","@id":"https:\/\/www.cedera-okna.sk\/sk\/vymena-okien-v-zime\/#article","isPartOf":{"@id":"https:\/\/www.cedera-okna.sk\/sk\/vymena-okien-v-zime\/"},"author":{"name":"Cedera","@id":"https:\/\/www.cedera-okna.sk\/sk\/#\/schema\/person\/5472b16fb96c7eb561b42b471d6142bd"},"headline":"V\u00fdmena okien v zime","datePublished":"2015-02-11T17:54:13+00:00","dateModified":"2018-01-01T11:59:24+00:00","mainEntityOfPage":{"@id":"https:\/\/www.cedera-okna.sk\/sk\/vymena-okien-v-zime\/"},"wordCount":662,"publisher":{"@id":"https:\/\/www.cedera-okna.sk\/sk\/#organization"},"inLanguage":"sk-SK"},{"@type":"WebPage","@id":"https:\/\/www.cedera-okna.sk\/sk\/vymena-okien-v-zime\/","url":"https:\/\/www.cedera-okna.sk\/sk\/vymena-okien-v-zime\/","name":"V\u00fdmena okien v zime - Cedera","isPartOf":{"@id":"https:\/\/www.cedera-okna.sk\/sk\/#website"},"datePublished":"2015-02-11T17:54:13+00:00","dateModified":"2018-01-01T11:59:24+00:00","breadcrumb":{"@id":"https:\/\/www.cedera-okna.sk\/sk\/vymena-okien-v-zime\/#breadcrumb"},"inLanguage":"sk-SK","potentialAction":[{"@type":"ReadAction","target":["https:\/\/www.cedera-okna.sk\/sk\/vymena-okien-v-zime\/"]}]},{"@type":"BreadcrumbList","@id":"https:\/\/www.cedera-okna.sk\/sk\/vymena-okien-v-zime\/#breadcrumb","itemListElement":[{"@type":"ListItem","position":1,"name":"Domovsk\u00e1 str\u00e1nka","item":"https:\/\/www.cedera-okna.sk\/sk\/"},{"@type":"ListItem","position":2,"name":"V\u00fdmena okien v zime"}]},{"@type":"WebSite","@id":"https:\/\/www.cedera-okna.sk\/sk\/#website","url":"https:\/\/www.cedera-okna.sk\/sk\/","name":"Cedera","description":"Plastov\u00e9 okn\u00e1 Bratislava","publisher":{"@id":"https:\/\/www.cedera-okna.sk\/sk\/#organization"},"potentialAction":[{"@type":"SearchAction","target":{"@type":"EntryPoint","urlTemplate":"https:\/\/www.cedera-okna.sk\/sk\/?s={search_term_string}"},"query-input":{"@type":"PropertyValueSpecification","valueRequired":true,"valueName":"search_term_string"}}],"inLanguage":"sk-SK"},{"@type":"Organization","@id":"https:\/\/www.cedera-okna.sk\/sk\/#organization","name":"CEDERA s.r.o.","url":"https:\/\/www.cedera-okna.sk\/sk\/","logo":{"@type":"ImageObject","inLanguage":"sk-SK","@id":"https:\/\/www.cedera-okna.sk\/sk\/#\/schema\/logo\/image\/","url":"https:\/\/www.cedera-okna.sk\/wp-content\/uploads\/2018\/10\/Cedera-logo.png","contentUrl":"https:\/\/www.cedera-okna.sk\/wp-content\/uploads\/2018\/10\/Cedera-logo.png","width":190,"height":66,"caption":"CEDERA s.r.o."},"image":{"@id":"https:\/\/www.cedera-okna.sk\/sk\/#\/schema\/logo\/image\/"},"sameAs":["https:\/\/www.facebook.com\/okna.cedera\/"]},{"@type":"Person","@id":"https:\/\/www.cedera-okna.sk\/sk\/#\/schema\/person\/5472b16fb96c7eb561b42b471d6142bd","name":"Cedera","url":"https:\/\/www.cedera-okna.sk\/sk\/author\/cedera\/"}]}},"_links":{"self":[{"href":"https:\/\/www.cedera-okna.sk\/sk\/wp-json\/wp\/v2\/posts\/295","targetHints":{"allow":["GET"]}}],"collection":[{"href":"https:\/\/www.cedera-okna.sk\/sk\/wp-json\/wp\/v2\/posts"}],"about":[{"href":"https:\/\/www.cedera-okna.sk\/sk\/wp-json\/wp\/v2\/types\/post"}],"author":[{"embeddable":true,"href":"https:\/\/www.cedera-okna.sk\/sk\/wp-json\/wp\/v2\/users\/3"}],"replies":[{"embeddable":true,"href":"https:\/\/www.cedera-okna.sk\/sk\/wp-json\/wp\/v2\/comments?post=295"}],"version-history":[{"count":3,"href":"https:\/\/www.cedera-okna.sk\/sk\/wp-json\/wp\/v2\/posts\/295\/revisions"}],"predecessor-version":[{"id":3288,"href":"https:\/\/www.cedera-okna.sk\/sk\/wp-json\/wp\/v2\/posts\/295\/revisions\/3288"}],"wp:attachment":[{"href":"https:\/\/www.cedera-okna.sk\/sk\/wp-json\/wp\/v2\/media?parent=295"}],"wp:term":[{"taxonomy":"category","embeddable":true,"href":"https:\/\/www.cedera-okna.sk\/sk\/wp-json\/wp\/v2\/categories?post=295"},{"taxonomy":"post_tag","embeddable":true,"href":"https:\/\/www.cedera-okna.sk\/sk\/wp-json\/wp\/v2\/tags?post=295"}],"curies":[{"name":"wp","href":"https:\/\/api.w.org\/{rel}","templated":true}]}}