{"id":282,"date":"2014-10-29T13:18:57","date_gmt":"2014-10-29T12:18:57","guid":{"rendered":"http:\/\/cedera-okna.sk\/index.php\/starajte-sa-spravne-o-vase-okna\/"},"modified":"2022-08-26T19:04:17","modified_gmt":"2022-08-26T17:04:17","slug":"starajte-sa-spravne-o-vase-okna","status":"publish","type":"post","link":"https:\/\/www.cedera-okna.sk\/sk\/starajte-sa-spravne-o-vase-okna\/","title":{"rendered":"Starajte sa spr\u00e1vne o Va\u0161e okn\u00e1"},"content":{"rendered":"<div class=\"wpb-content-wrapper\"><p>[vc_row][vc_column][vc_column_text]<\/p>\n<p align=\"left\">Ak ste si pr\u00e1ve nechali vymeni\u0165 svoje star\u00e9 okn\u00e1 za nov\u00e9 plastov\u00e9 mali by ste aspo\u0148 nie\u010do vedie\u0165 o ich \u00fadr\u017ebe. Preto\u017ee, aby vyzerali st\u00e1le ako nov\u00e9 potrebuj\u00fa ur\u010dit\u00fa starostlivos\u0165. Samozrejme,\u017ee t\u00e1 nie je tak\u00e1 v\u00fdrazn\u00e1 ako napr\u00edklad v pr\u00edpade klasick\u00fdch dreven\u00fdch okien. A \u010domu sa ur\u010dite vyhnete je natieranie dreven\u00fdch r\u00e1mov farbou.<\/p>\n<p><!--more--><\/p>\n<p><span style=\"line-height: 1.3em;\">Platov\u00e9 okn\u00e1 sami o sebe s\u00fa kvalitn\u00e9 a nepodliehaj\u00fa ve\u013ek\u00e9mu po\u0161kodeniu ani postupom \u010dasu. A ako sa teda treba stara\u0165 o tieto okn\u00e1? V prvom rade nikdy na \u010distenie skiel nepou\u017e\u00edvajte drsn\u00fd materi\u00e1l a pom\u00f4cky na \u010distenie ak\u00fdmi s\u00fa dr\u00f4tenky a hubky, ktor\u00e9 by mohli okn\u00e1 po\u0161kriaba\u0165. Inak je \u010distenie plastov\u00fdch okien naozaj bezprobl\u00e9mov\u00e9. Sta\u010d\u00ed m\u00e4kk\u00e1 handri\u010dka a trochu jarovej vody a ide to.<\/span><\/p>\n<p align=\"left\"><span style=\"line-height: 1.3em;\">Tento sp\u00f4sob m\u00f4\u017eete pou\u017e\u00edva\u0165 rovnako na skl\u00e1 ako aj na okenn\u00e9 r\u00e1my. Nezabudnite rovnako udr\u017eiava\u0165 aj \u010dasti okien, ktor\u00e9 nie s\u00fa po uzavret\u00ed pr\u00edstupn\u00e9. Aspo\u0148 raz do roka by ste sa mali \u0161peci\u00e1lne venova\u0165 aj t\u00fdmto \u010dastiam okien, preto\u017ee aj ke\u010f s\u00fa po uzavret\u00ed takpovediac <\/span><span style=\"font-family: 'Liberation Serif', serif;\">&#8220;<\/span><span style=\"font-family: 'Liberation Serif', serif;\">nevidite\u013en\u00e9&#8221; s\u00fa pre spr\u00e1vne fungovanie okien nesmierne d\u00f4le\u017eit\u00e9. Preto <\/span><span style=\"font-family: 'Liberation Serif', serif;\">je potrebn\u00e9 skontrolova\u0165 a premaza\u0165 <\/span><span style=\"font-family: 'Liberation Serif', serif;\">aj<\/span><span style=\"font-family: 'Liberation Serif', serif;\"> kovanie <\/span><span style=\"font-family: 'Liberation Serif', serif;\">okien<\/span><span style=\"font-family: 'Liberation Serif', serif;\">. <\/span><span style=\"font-family: 'Liberation Serif', serif;\">A rovnako by ste si mali skontrolova\u0165 <\/span><span style=\"font-family: 'Liberation Serif', serif;\">skrutky jednotliv\u00fdch \u010dast\u00ed kovania .<\/span><\/p>\n<p align=\"left\">No ak chcete na um\u00fdvanie okien predsa len o nie\u010do lep\u0161iu starostlivos\u0165, v drog\u00e9ri\u00e1ch sa daj\u00fa k\u00fapi\u0165 klasick\u00e9 pr\u00edpravky na \u010distenie okien a rovnako aj \u0161pecializovan\u00e9 na plastov\u00e9 okn\u00e1. T\u00fdmito pr\u00edpravkami sa daj\u00fa odstr\u00e1ni\u0165 aj star\u0161ie ne\u010distoty o ktor\u00fdch ste si mysleli, \u017ee u\u017e nikdy vy\u010disti\u0165 nep\u00f4jdu. Ur\u010dite v\u0161ak na \u010distenie nepou\u017e\u00edvajte odlakova\u010de, lieh a in\u00e9 rozp\u00fa\u0161\u0165adl\u00e1, mohli by ste si nielen skl\u00e1 ale aj r\u00e1my v\u00e1\u017ene po\u0161kodi\u0165!<\/p>\n<p>[\/vc_column_text][\/vc_column][\/vc_row][vc_row][vc_column][vc_column_text]<\/p>\n<h2><span class=\"VIiyi\" lang=\"sk\"><span class=\"JLqJ4b ChMk0b\" data-language-for-alternatives=\"sk\" data-language-to-translate-into=\"cs\" data-phrase-index=\"0\" data-number-of-phrases=\"1\">M\u00e1te z\u00e1ujem o plastov\u00e9 okn\u00e1 alebo dvere? <\/span><\/span>Vypl\u0148te formul\u00e1r ni\u017e\u0161ie a ozveme sa v\u00e1m do 24 hod\u00edn.<\/h2>\n<p>[\/vc_column_text]\n<div class=\"wpcf7 no-js\" id=\"wpcf7-f2486-o1\" lang=\"sk-SK\" dir=\"ltr\" data-wpcf7-id=\"2486\">\n<div class=\"screen-reader-response\"><p role=\"status\" aria-live=\"polite\" aria-atomic=\"true\"><\/p> <ul><\/ul><\/div>\n<form action=\"\/sk\/wp-json\/wp\/v2\/posts\/282#wpcf7-f2486-o1\" method=\"post\" class=\"wpcf7-form init\" aria-label=\"Kontaktn\u00fd formul\u00e1r\" novalidate=\"novalidate\" data-status=\"init\">\n<fieldset class=\"hidden-fields-container\"><input type=\"hidden\" name=\"_wpcf7\" value=\"2486\" \/><input type=\"hidden\" name=\"_wpcf7_version\" value=\"6.1.5\" \/><input type=\"hidden\" name=\"_wpcf7_locale\" value=\"sk_SK\" \/><input type=\"hidden\" name=\"_wpcf7_unit_tag\" value=\"wpcf7-f2486-o1\" \/><input type=\"hidden\" name=\"_wpcf7_container_post\" value=\"0\" \/><input type=\"hidden\" name=\"_wpcf7_posted_data_hash\" value=\"\" \/><input type=\"hidden\" name=\"_wpcf7_recaptcha_response\" value=\"\" \/>\n<\/fieldset>\n<p><label><br \/>\n<span class=\"wpcf7-form-control-wrap\" data-name=\"your-name\"><input size=\"40\" maxlength=\"400\" class=\"wpcf7-form-control wpcf7-text wpcf7-validates-as-required\" aria-required=\"true\" aria-invalid=\"false\" placeholder=\"Meno*\" value=\"\" type=\"text\" name=\"your-name\" \/><\/span> <\/label>\n<\/p>\n<div class=\"sc_form_info columns_wrap\">\n\t<div class=\"sc_form_item sc_form_field label_over column-1_2\">\n\t\t<p><label><br \/>\n<span class=\"wpcf7-form-control-wrap\" data-name=\"your-telefon\"><input size=\"40\" maxlength=\"400\" class=\"wpcf7-form-control wpcf7-tel wpcf7-validates-as-required wpcf7-text wpcf7-validates-as-tel\" aria-required=\"true\" aria-invalid=\"false\" placeholder=\"Telef\u00f3n*\" value=\"\" type=\"tel\" name=\"your-telefon\" \/><\/span> <\/label>\n\t\t<\/p>\n\t<\/div>\n\t<div class=\"sc_form_item sc_form_field label_over column-1_2 pading0\">\n\t\t<p><label><br \/>\n<span class=\"wpcf7-form-control-wrap\" data-name=\"your-email\"><input size=\"40\" maxlength=\"400\" class=\"wpcf7-form-control wpcf7-email wpcf7-validates-as-required wpcf7-text wpcf7-validates-as-email\" aria-required=\"true\" aria-invalid=\"false\" placeholder=\"E-mail*\" value=\"\" type=\"email\" name=\"your-email\" \/><\/span><\/label>\n\t\t<\/p>\n\t<\/div>\n<\/div>\n<p><label><br \/>\n<span class=\"wpcf7-form-control-wrap\" data-name=\"your-message\"><textarea cols=\"40\" rows=\"10\" maxlength=\"2000\" class=\"wpcf7-form-control wpcf7-textarea\" aria-invalid=\"false\" placeholder=\"Pros\u00edm kontaktujte ma oh\u013eadom...\" name=\"your-message\"><\/textarea><\/span> <\/label>\n<\/p>\n<p><span class=\"wpcf7-form-control-wrap\" data-name=\"checkbox-597\"><span class=\"wpcf7-form-control wpcf7-checkbox wpcf7-validates-as-required\"><span class=\"wpcf7-list-item first last\"><input type=\"checkbox\" name=\"checkbox-597[]\" value=\"S\u00fahlas\u00edm so zpracovan\u00edm osobn\u00fdch \u00fadajov*\" \/><span class=\"wpcf7-list-item-label\">S\u00fahlas\u00edm so zpracovan\u00edm osobn\u00fdch \u00fadajov*<\/span><\/span><\/span><\/span>\n<\/p>\n<p><input class=\"wpcf7-form-control wpcf7-submit has-spinner\" type=\"submit\" value=\"Posla\u0165 po\u017eiadavku\" \/>\n<\/p>\n<p>*polo\u017eka je povinn\u00e1\n<\/p><div class=\"wpcf7-response-output\" aria-hidden=\"true\"><\/div>\n<\/form>\n<\/div>\n[\/vc_column][\/vc_row]<\/p>\n<\/div>","protected":false},"excerpt":{"rendered":"<p>[vc_row][vc_column][vc_column_text] Ak ste si pr\u00e1ve nechali vymeni\u0165 svoje star\u00e9 okn\u00e1 za nov\u00e9 plastov\u00e9 mali by ste aspo\u0148 nie\u010do vedie\u0165 o ich \u00fadr\u017ebe. Preto\u017ee, aby vyzerali st\u00e1le ako nov\u00e9 potrebuj\u00fa ur\u010dit\u00fa starostlivos\u0165. Samozrejme,\u017ee t\u00e1 nie je tak\u00e1 v\u00fdrazn\u00e1 ako napr\u00edklad v pr\u00edpade klasick\u00fdch dreven\u00fdch okien. A \u010domu sa ur\u010dite vyhnete je natieranie dreven\u00fdch r\u00e1mov farbou.<\/p>\n","protected":false},"author":3,"featured_media":0,"comment_status":"closed","ping_status":"closed","sticky":false,"template":"","format":"standard","meta":{"footnotes":""},"categories":[],"tags":[],"class_list":["post-282","post","type-post","status-publish","format-standard","hentry"],"yoast_head":"<!-- This site is optimized with the Yoast SEO plugin v27.4 - https:\/\/yoast.com\/product\/yoast-seo-wordpress\/ -->\n<title>Starajte sa spr\u00e1vne o Va\u0161e okn\u00e1 - Cedera<\/title>\n<meta name=\"robots\" content=\"index, follow, max-snippet:-1, max-image-preview:large, max-video-preview:-1\" \/>\n<link rel=\"canonical\" href=\"https:\/\/www.cedera-okna.sk\/sk\/starajte-sa-spravne-o-vase-okna\/\" \/>\n<meta property=\"og:locale\" content=\"sk_SK\" \/>\n<meta property=\"og:type\" content=\"article\" \/>\n<meta property=\"og:title\" content=\"Starajte sa spr\u00e1vne o Va\u0161e okn\u00e1 - Cedera\" \/>\n<meta property=\"og:description\" content=\"[vc_row][vc_column][vc_column_text] Ak ste si pr\u00e1ve nechali vymeni\u0165 svoje star\u00e9 okn\u00e1 za nov\u00e9 plastov\u00e9 mali by ste aspo\u0148 nie\u010do vedie\u0165 o ich \u00fadr\u017ebe. Preto\u017ee, aby vyzerali st\u00e1le ako nov\u00e9 potrebuj\u00fa ur\u010dit\u00fa starostlivos\u0165. Samozrejme,\u017ee t\u00e1 nie je tak\u00e1 v\u00fdrazn\u00e1 ako napr\u00edklad v pr\u00edpade klasick\u00fdch dreven\u00fdch okien. A \u010domu sa ur\u010dite vyhnete je natieranie dreven\u00fdch r\u00e1mov farbou.\" \/>\n<meta property=\"og:url\" content=\"https:\/\/www.cedera-okna.sk\/sk\/starajte-sa-spravne-o-vase-okna\/\" \/>\n<meta property=\"og:site_name\" content=\"Cedera\" \/>\n<meta property=\"article:publisher\" content=\"https:\/\/www.facebook.com\/okna.cedera\/\" \/>\n<meta property=\"article:published_time\" content=\"2014-10-29T12:18:57+00:00\" \/>\n<meta property=\"article:modified_time\" content=\"2022-08-26T17:04:17+00:00\" \/>\n<meta name=\"author\" content=\"Cedera\" \/>\n<meta name=\"twitter:label1\" content=\"Autor\" \/>\n\t<meta name=\"twitter:data1\" content=\"Cedera\" \/>\n\t<meta name=\"twitter:label2\" content=\"Predpokladan\u00fd \u010das \u010d\u00edtania\" \/>\n\t<meta name=\"twitter:data2\" content=\"2 min\u00faty\" \/>\n<!-- \/ Yoast SEO plugin. -->","yoast_head_json":{"title":"Starajte sa spr\u00e1vne o Va\u0161e okn\u00e1 - Cedera","robots":{"index":"index","follow":"follow","max-snippet":"max-snippet:-1","max-image-preview":"max-image-preview:large","max-video-preview":"max-video-preview:-1"},"canonical":"https:\/\/www.cedera-okna.sk\/sk\/starajte-sa-spravne-o-vase-okna\/","og_locale":"sk_SK","og_type":"article","og_title":"Starajte sa spr\u00e1vne o Va\u0161e okn\u00e1 - Cedera","og_description":"[vc_row][vc_column][vc_column_text] Ak ste si pr\u00e1ve nechali vymeni\u0165 svoje star\u00e9 okn\u00e1 za nov\u00e9 plastov\u00e9 mali by ste aspo\u0148 nie\u010do vedie\u0165 o ich \u00fadr\u017ebe. Preto\u017ee, aby vyzerali st\u00e1le ako nov\u00e9 potrebuj\u00fa ur\u010dit\u00fa starostlivos\u0165. Samozrejme,\u017ee t\u00e1 nie je tak\u00e1 v\u00fdrazn\u00e1 ako napr\u00edklad v pr\u00edpade klasick\u00fdch dreven\u00fdch okien. A \u010domu sa ur\u010dite vyhnete je natieranie dreven\u00fdch r\u00e1mov farbou.","og_url":"https:\/\/www.cedera-okna.sk\/sk\/starajte-sa-spravne-o-vase-okna\/","og_site_name":"Cedera","article_publisher":"https:\/\/www.facebook.com\/okna.cedera\/","article_published_time":"2014-10-29T12:18:57+00:00","article_modified_time":"2022-08-26T17:04:17+00:00","author":"Cedera","twitter_misc":{"Autor":"Cedera","Predpokladan\u00fd \u010das \u010d\u00edtania":"2 min\u00faty"},"schema":{"@context":"https:\/\/schema.org","@graph":[{"@type":"Article","@id":"https:\/\/www.cedera-okna.sk\/sk\/starajte-sa-spravne-o-vase-okna\/#article","isPartOf":{"@id":"https:\/\/www.cedera-okna.sk\/sk\/starajte-sa-spravne-o-vase-okna\/"},"author":{"name":"Cedera","@id":"https:\/\/www.cedera-okna.sk\/sk\/#\/schema\/person\/5472b16fb96c7eb561b42b471d6142bd"},"headline":"Starajte sa spr\u00e1vne o Va\u0161e okn\u00e1","datePublished":"2014-10-29T12:18:57+00:00","dateModified":"2022-08-26T17:04:17+00:00","mainEntityOfPage":{"@id":"https:\/\/www.cedera-okna.sk\/sk\/starajte-sa-spravne-o-vase-okna\/"},"wordCount":384,"publisher":{"@id":"https:\/\/www.cedera-okna.sk\/sk\/#organization"},"inLanguage":"sk-SK"},{"@type":"WebPage","@id":"https:\/\/www.cedera-okna.sk\/sk\/starajte-sa-spravne-o-vase-okna\/","url":"https:\/\/www.cedera-okna.sk\/sk\/starajte-sa-spravne-o-vase-okna\/","name":"Starajte sa spr\u00e1vne o Va\u0161e okn\u00e1 - Cedera","isPartOf":{"@id":"https:\/\/www.cedera-okna.sk\/sk\/#website"},"datePublished":"2014-10-29T12:18:57+00:00","dateModified":"2022-08-26T17:04:17+00:00","breadcrumb":{"@id":"https:\/\/www.cedera-okna.sk\/sk\/starajte-sa-spravne-o-vase-okna\/#breadcrumb"},"inLanguage":"sk-SK","potentialAction":[{"@type":"ReadAction","target":["https:\/\/www.cedera-okna.sk\/sk\/starajte-sa-spravne-o-vase-okna\/"]}]},{"@type":"BreadcrumbList","@id":"https:\/\/www.cedera-okna.sk\/sk\/starajte-sa-spravne-o-vase-okna\/#breadcrumb","itemListElement":[{"@type":"ListItem","position":1,"name":"Domovsk\u00e1 str\u00e1nka","item":"https:\/\/www.cedera-okna.sk\/sk\/"},{"@type":"ListItem","position":2,"name":"Starajte sa spr\u00e1vne o Va\u0161e okn\u00e1"}]},{"@type":"WebSite","@id":"https:\/\/www.cedera-okna.sk\/sk\/#website","url":"https:\/\/www.cedera-okna.sk\/sk\/","name":"Cedera","description":"Plastov\u00e9 okn\u00e1 Bratislava","publisher":{"@id":"https:\/\/www.cedera-okna.sk\/sk\/#organization"},"potentialAction":[{"@type":"SearchAction","target":{"@type":"EntryPoint","urlTemplate":"https:\/\/www.cedera-okna.sk\/sk\/?s={search_term_string}"},"query-input":{"@type":"PropertyValueSpecification","valueRequired":true,"valueName":"search_term_string"}}],"inLanguage":"sk-SK"},{"@type":"Organization","@id":"https:\/\/www.cedera-okna.sk\/sk\/#organization","name":"CEDERA s.r.o.","url":"https:\/\/www.cedera-okna.sk\/sk\/","logo":{"@type":"ImageObject","inLanguage":"sk-SK","@id":"https:\/\/www.cedera-okna.sk\/sk\/#\/schema\/logo\/image\/","url":"https:\/\/www.cedera-okna.sk\/wp-content\/uploads\/2018\/10\/Cedera-logo.png","contentUrl":"https:\/\/www.cedera-okna.sk\/wp-content\/uploads\/2018\/10\/Cedera-logo.png","width":190,"height":66,"caption":"CEDERA s.r.o."},"image":{"@id":"https:\/\/www.cedera-okna.sk\/sk\/#\/schema\/logo\/image\/"},"sameAs":["https:\/\/www.facebook.com\/okna.cedera\/"]},{"@type":"Person","@id":"https:\/\/www.cedera-okna.sk\/sk\/#\/schema\/person\/5472b16fb96c7eb561b42b471d6142bd","name":"Cedera","url":"https:\/\/www.cedera-okna.sk\/sk\/author\/cedera\/"}]}},"_links":{"self":[{"href":"https:\/\/www.cedera-okna.sk\/sk\/wp-json\/wp\/v2\/posts\/282","targetHints":{"allow":["GET"]}}],"collection":[{"href":"https:\/\/www.cedera-okna.sk\/sk\/wp-json\/wp\/v2\/posts"}],"about":[{"href":"https:\/\/www.cedera-okna.sk\/sk\/wp-json\/wp\/v2\/types\/post"}],"author":[{"embeddable":true,"href":"https:\/\/www.cedera-okna.sk\/sk\/wp-json\/wp\/v2\/users\/3"}],"replies":[{"embeddable":true,"href":"https:\/\/www.cedera-okna.sk\/sk\/wp-json\/wp\/v2\/comments?post=282"}],"version-history":[{"count":2,"href":"https:\/\/www.cedera-okna.sk\/sk\/wp-json\/wp\/v2\/posts\/282\/revisions"}],"predecessor-version":[{"id":11632,"href":"https:\/\/www.cedera-okna.sk\/sk\/wp-json\/wp\/v2\/posts\/282\/revisions\/11632"}],"wp:attachment":[{"href":"https:\/\/www.cedera-okna.sk\/sk\/wp-json\/wp\/v2\/media?parent=282"}],"wp:term":[{"taxonomy":"category","embeddable":true,"href":"https:\/\/www.cedera-okna.sk\/sk\/wp-json\/wp\/v2\/categories?post=282"},{"taxonomy":"post_tag","embeddable":true,"href":"https:\/\/www.cedera-okna.sk\/sk\/wp-json\/wp\/v2\/tags?post=282"}],"curies":[{"name":"wp","href":"https:\/\/api.w.org\/{rel}","templated":true}]}}