{"id":281,"date":"2014-10-20T14:17:12","date_gmt":"2014-10-20T12:17:12","guid":{"rendered":"http:\/\/cedera-okna.sk\/index.php\/preco-prave-platove-okna\/"},"modified":"2022-08-26T18:58:58","modified_gmt":"2022-08-26T16:58:58","slug":"preco-prave-plastove-okna-2","status":"publish","type":"post","link":"https:\/\/www.cedera-okna.sk\/sk\/preco-prave-plastove-okna-2\/","title":{"rendered":"Pre\u010do pr\u00e1ve plastov\u00e9 okn\u00e1?"},"content":{"rendered":"<div class=\"wpb-content-wrapper\"><p>[vc_row][vc_column][vc_column_text]<\/p>\n<p align=\"left\">Rozhodujete sa pri v\u00fdmene okien, ktor\u00e9 si do v\u00e1\u0161ho pr\u00edbytku zvoli\u0165? Mo\u017eno sa nech\u00e1te zl\u00e1ka\u0165 s\u00fa\u010dasn\u00fdm trendom a t\u00fdm je nahradenie dreven\u00fdch okien t\u00fdmi plastov\u00fdmi. Samozrejme, \u017ee niektor\u00ed \u013eudia s\u00fa vo\u010di nim skeptick\u00fd a tak to aj st\u00e1le bude. No maj\u00fa aj v\u00fdhody, ktor\u00e9 nebud\u00fa nikdy spochybnite\u013en\u00e9 a pr\u00e1ve pre tie sa stali tak\u00fdm hitom.<\/p>\n<p><!--more--><\/p>\n<p align=\"left\">V prvom rade ide samozrejme o ich v\u00fdborn\u00e9 tepelno a zvukovo izola\u010dn\u00e9 vlastnosti. Ak v\u00e1m vad\u00ed hluk zvonku v\u010faka t\u00fdmto okn\u00e1m sa ho nadobro zbav\u00edte. Ak sa v\u00e1m zd\u00e1, \u017ee na vykurovanie vo svojej dom\u00e1cnosti m\u00ed\u0148ate nemal\u00e9 finan\u010dn\u00e9 \u010diastky a aj tak nie je vidie\u0165 \u00fa\u010dinok zbav\u00edte sa aj tohto. Zbav\u00edte sa hluku a u\u0161etr\u00edte aj na teple. Navy\u0161e \u010fal\u0161ie v\u00fdhody spo\u010d\u00edvaj\u00fa v \u013eahkej starostlivosti o ne a udr\u017eate\u013enosti si vzh\u013eadu. \u010casy ke\u010f sa \u013eudia s\u0165a\u017eovali, \u017ee im okn\u00e1 po p\u00e1r rokoch zo\u017eltn\u00fa alebo sa im plast za\u010dal oh\u00fdba\u0165 s\u00fa u\u017e tie\u017e d\u00e1vno pre\u010d.<\/p>\n<p align=\"left\"><span style=\"line-height: 1.3em;\">Pr\u00e1ve naopak z\u00edskal na kvalite, zdokonalil sa a aj sa zlep\u0161il svoj dizajn. Navy\u0161e plastov\u00e9 okn\u00e1 s\u00fa oproti dreven\u00fdm takmer bez \u00fadr\u017ebov\u00e9. Nie je potreba ich natiera\u0165 a ani inak sa o ne stara\u0165, sta\u010d\u00ed len raz do roka premaza\u0165 ich kovanie a samozrejme by ka\u017ed\u00e1 dobr\u00e1 gazdinka nemala zab\u00fada\u0165 na pravideln\u00e9 um\u00fdvanie skiel okien. R\u00e1m a ani parapetn\u00e9 dosky um\u00fdva\u0165 nemus\u00edte. Pre plastov\u00e9 okn\u00e1 hr\u00e1 aj fakt, \u017ee maj\u00fa dlh\u00fa \u017eivostnos\u0165. D\u00f4kazy uv\u00e1dzaj\u00fa, \u017ee plastov\u00e9 okn\u00e1 bez podstatn\u00fdch zmien svojich vlastnosti vydr\u017eia viac ako 50 rokov. Navy\u0161e u\u017e d\u00e1vno neplat\u00ed, \u017ee plastov\u00e9 okn\u00e1 musia by\u0165 iba biele. Samozrejme ale, \u017ee si za nie pr\u00e1ve be\u017en\u00e9 prevedenie priplat\u00edte. Ve\u013emi ob\u013e\u00faben\u00e9 s\u00fa imit\u00e1cie dreva. Jedno je v\u0161ak ist\u00e9 a to to, \u017ee si naozaj vyberiete a budete ur\u010dite spokojn\u00fd.<\/span><\/p>\n<p>[\/vc_column_text][\/vc_column][\/vc_row][vc_row][vc_column][vc_column_text]<\/p>\n<h2><span class=\"VIiyi\" lang=\"sk\"><span class=\"JLqJ4b ChMk0b\" data-language-for-alternatives=\"sk\" data-language-to-translate-into=\"cs\" data-phrase-index=\"0\" data-number-of-phrases=\"1\">M\u00e1te z\u00e1ujem o plastov\u00e9 okn\u00e1 alebo potrebujete poradi\u0165 s v\u00fdberom? <\/span><\/span>Vypl\u0148te formul\u00e1r ni\u017e\u0161ie a ozveme sa v\u00e1m do 24 hod\u00edn.<\/h2>\n<p>[\/vc_column_text]\n<div class=\"wpcf7 no-js\" id=\"wpcf7-f2486-o1\" lang=\"sk-SK\" dir=\"ltr\" data-wpcf7-id=\"2486\">\n<div class=\"screen-reader-response\"><p role=\"status\" aria-live=\"polite\" aria-atomic=\"true\"><\/p> <ul><\/ul><\/div>\n<form action=\"\/sk\/wp-json\/wp\/v2\/posts\/281#wpcf7-f2486-o1\" method=\"post\" class=\"wpcf7-form init\" aria-label=\"Kontaktn\u00fd formul\u00e1r\" novalidate=\"novalidate\" data-status=\"init\">\n<fieldset class=\"hidden-fields-container\"><input type=\"hidden\" name=\"_wpcf7\" value=\"2486\" \/><input type=\"hidden\" name=\"_wpcf7_version\" value=\"6.1.5\" \/><input type=\"hidden\" name=\"_wpcf7_locale\" value=\"sk_SK\" \/><input type=\"hidden\" name=\"_wpcf7_unit_tag\" value=\"wpcf7-f2486-o1\" \/><input type=\"hidden\" name=\"_wpcf7_container_post\" value=\"0\" \/><input type=\"hidden\" name=\"_wpcf7_posted_data_hash\" value=\"\" \/><input type=\"hidden\" name=\"_wpcf7_recaptcha_response\" value=\"\" \/>\n<\/fieldset>\n<p><label><br \/>\n<span class=\"wpcf7-form-control-wrap\" data-name=\"your-name\"><input size=\"40\" maxlength=\"400\" class=\"wpcf7-form-control wpcf7-text wpcf7-validates-as-required\" aria-required=\"true\" aria-invalid=\"false\" placeholder=\"Meno*\" value=\"\" type=\"text\" name=\"your-name\" \/><\/span> <\/label>\n<\/p>\n<div class=\"sc_form_info columns_wrap\">\n\t<div class=\"sc_form_item sc_form_field label_over column-1_2\">\n\t\t<p><label><br \/>\n<span class=\"wpcf7-form-control-wrap\" data-name=\"your-telefon\"><input size=\"40\" maxlength=\"400\" class=\"wpcf7-form-control wpcf7-tel wpcf7-validates-as-required wpcf7-text wpcf7-validates-as-tel\" aria-required=\"true\" aria-invalid=\"false\" placeholder=\"Telef\u00f3n*\" value=\"\" type=\"tel\" name=\"your-telefon\" \/><\/span> <\/label>\n\t\t<\/p>\n\t<\/div>\n\t<div class=\"sc_form_item sc_form_field label_over column-1_2 pading0\">\n\t\t<p><label><br \/>\n<span class=\"wpcf7-form-control-wrap\" data-name=\"your-email\"><input size=\"40\" maxlength=\"400\" class=\"wpcf7-form-control wpcf7-email wpcf7-validates-as-required wpcf7-text wpcf7-validates-as-email\" aria-required=\"true\" aria-invalid=\"false\" placeholder=\"E-mail*\" value=\"\" type=\"email\" name=\"your-email\" \/><\/span><\/label>\n\t\t<\/p>\n\t<\/div>\n<\/div>\n<p><label><br \/>\n<span class=\"wpcf7-form-control-wrap\" data-name=\"your-message\"><textarea cols=\"40\" rows=\"10\" maxlength=\"2000\" class=\"wpcf7-form-control wpcf7-textarea\" aria-invalid=\"false\" placeholder=\"Pros\u00edm kontaktujte ma oh\u013eadom...\" name=\"your-message\"><\/textarea><\/span> <\/label>\n<\/p>\n<p><span class=\"wpcf7-form-control-wrap\" data-name=\"checkbox-597\"><span class=\"wpcf7-form-control wpcf7-checkbox wpcf7-validates-as-required\"><span class=\"wpcf7-list-item first last\"><input type=\"checkbox\" name=\"checkbox-597[]\" value=\"S\u00fahlas\u00edm so zpracovan\u00edm osobn\u00fdch \u00fadajov*\" \/><span class=\"wpcf7-list-item-label\">S\u00fahlas\u00edm so zpracovan\u00edm osobn\u00fdch \u00fadajov*<\/span><\/span><\/span><\/span>\n<\/p>\n<p><input class=\"wpcf7-form-control wpcf7-submit has-spinner\" type=\"submit\" value=\"Posla\u0165 po\u017eiadavku\" \/>\n<\/p>\n<p>*polo\u017eka je povinn\u00e1\n<\/p><div class=\"wpcf7-response-output\" aria-hidden=\"true\"><\/div>\n<\/form>\n<\/div>\n[\/vc_column][\/vc_row]<\/p>\n<\/div>","protected":false},"excerpt":{"rendered":"<p>[vc_row][vc_column][vc_column_text] Rozhodujete sa pri v\u00fdmene okien, ktor\u00e9 si do v\u00e1\u0161ho pr\u00edbytku zvoli\u0165? Mo\u017eno sa nech\u00e1te zl\u00e1ka\u0165 s\u00fa\u010dasn\u00fdm trendom a t\u00fdm je nahradenie dreven\u00fdch okien t\u00fdmi plastov\u00fdmi. Samozrejme, \u017ee niektor\u00ed \u013eudia s\u00fa vo\u010di nim skeptick\u00fd a tak to aj st\u00e1le bude. No maj\u00fa aj v\u00fdhody, ktor\u00e9 nebud\u00fa nikdy spochybnite\u013en\u00e9 a pr\u00e1ve pre tie sa stali tak\u00fdm [&hellip;]<\/p>\n","protected":false},"author":3,"featured_media":0,"comment_status":"closed","ping_status":"closed","sticky":false,"template":"","format":"standard","meta":{"footnotes":""},"categories":[],"tags":[],"class_list":["post-281","post","type-post","status-publish","format-standard","hentry"],"yoast_head":"<!-- This site is optimized with the Yoast SEO plugin v27.4 - https:\/\/yoast.com\/product\/yoast-seo-wordpress\/ -->\n<title>Pre\u010do pr\u00e1ve plastov\u00e9 okn\u00e1? - Cedera<\/title>\n<meta name=\"robots\" content=\"index, follow, max-snippet:-1, max-image-preview:large, max-video-preview:-1\" \/>\n<link rel=\"canonical\" href=\"https:\/\/www.cedera-okna.sk\/sk\/preco-prave-plastove-okna-2\/\" \/>\n<meta property=\"og:locale\" content=\"sk_SK\" \/>\n<meta property=\"og:type\" content=\"article\" \/>\n<meta property=\"og:title\" content=\"Pre\u010do pr\u00e1ve plastov\u00e9 okn\u00e1? - Cedera\" \/>\n<meta property=\"og:description\" content=\"[vc_row][vc_column][vc_column_text] Rozhodujete sa pri v\u00fdmene okien, ktor\u00e9 si do v\u00e1\u0161ho pr\u00edbytku zvoli\u0165? Mo\u017eno sa nech\u00e1te zl\u00e1ka\u0165 s\u00fa\u010dasn\u00fdm trendom a t\u00fdm je nahradenie dreven\u00fdch okien t\u00fdmi plastov\u00fdmi. Samozrejme, \u017ee niektor\u00ed \u013eudia s\u00fa vo\u010di nim skeptick\u00fd a tak to aj st\u00e1le bude. No maj\u00fa aj v\u00fdhody, ktor\u00e9 nebud\u00fa nikdy spochybnite\u013en\u00e9 a pr\u00e1ve pre tie sa stali tak\u00fdm [&hellip;]\" \/>\n<meta property=\"og:url\" content=\"https:\/\/www.cedera-okna.sk\/sk\/preco-prave-plastove-okna-2\/\" \/>\n<meta property=\"og:site_name\" content=\"Cedera\" \/>\n<meta property=\"article:publisher\" content=\"https:\/\/www.facebook.com\/okna.cedera\/\" \/>\n<meta property=\"article:published_time\" content=\"2014-10-20T12:17:12+00:00\" \/>\n<meta property=\"article:modified_time\" content=\"2022-08-26T16:58:58+00:00\" \/>\n<meta name=\"author\" content=\"Cedera\" \/>\n<meta name=\"twitter:label1\" content=\"Autor\" \/>\n\t<meta name=\"twitter:data1\" content=\"Cedera\" \/>\n\t<meta name=\"twitter:label2\" content=\"Predpokladan\u00fd \u010das \u010d\u00edtania\" \/>\n\t<meta name=\"twitter:data2\" content=\"2 min\u00faty\" \/>\n<!-- \/ Yoast SEO plugin. -->","yoast_head_json":{"title":"Pre\u010do pr\u00e1ve plastov\u00e9 okn\u00e1? - Cedera","robots":{"index":"index","follow":"follow","max-snippet":"max-snippet:-1","max-image-preview":"max-image-preview:large","max-video-preview":"max-video-preview:-1"},"canonical":"https:\/\/www.cedera-okna.sk\/sk\/preco-prave-plastove-okna-2\/","og_locale":"sk_SK","og_type":"article","og_title":"Pre\u010do pr\u00e1ve plastov\u00e9 okn\u00e1? - Cedera","og_description":"[vc_row][vc_column][vc_column_text] Rozhodujete sa pri v\u00fdmene okien, ktor\u00e9 si do v\u00e1\u0161ho pr\u00edbytku zvoli\u0165? Mo\u017eno sa nech\u00e1te zl\u00e1ka\u0165 s\u00fa\u010dasn\u00fdm trendom a t\u00fdm je nahradenie dreven\u00fdch okien t\u00fdmi plastov\u00fdmi. Samozrejme, \u017ee niektor\u00ed \u013eudia s\u00fa vo\u010di nim skeptick\u00fd a tak to aj st\u00e1le bude. No maj\u00fa aj v\u00fdhody, ktor\u00e9 nebud\u00fa nikdy spochybnite\u013en\u00e9 a pr\u00e1ve pre tie sa stali tak\u00fdm [&hellip;]","og_url":"https:\/\/www.cedera-okna.sk\/sk\/preco-prave-plastove-okna-2\/","og_site_name":"Cedera","article_publisher":"https:\/\/www.facebook.com\/okna.cedera\/","article_published_time":"2014-10-20T12:17:12+00:00","article_modified_time":"2022-08-26T16:58:58+00:00","author":"Cedera","twitter_misc":{"Autor":"Cedera","Predpokladan\u00fd \u010das \u010d\u00edtania":"2 min\u00faty"},"schema":{"@context":"https:\/\/schema.org","@graph":[{"@type":"Article","@id":"https:\/\/www.cedera-okna.sk\/sk\/preco-prave-plastove-okna-2\/#article","isPartOf":{"@id":"https:\/\/www.cedera-okna.sk\/sk\/preco-prave-plastove-okna-2\/"},"author":{"name":"Cedera","@id":"https:\/\/www.cedera-okna.sk\/sk\/#\/schema\/person\/5472b16fb96c7eb561b42b471d6142bd"},"headline":"Pre\u010do pr\u00e1ve plastov\u00e9 okn\u00e1?","datePublished":"2014-10-20T12:17:12+00:00","dateModified":"2022-08-26T16:58:58+00:00","mainEntityOfPage":{"@id":"https:\/\/www.cedera-okna.sk\/sk\/preco-prave-plastove-okna-2\/"},"wordCount":412,"publisher":{"@id":"https:\/\/www.cedera-okna.sk\/sk\/#organization"},"inLanguage":"sk-SK"},{"@type":"WebPage","@id":"https:\/\/www.cedera-okna.sk\/sk\/preco-prave-plastove-okna-2\/","url":"https:\/\/www.cedera-okna.sk\/sk\/preco-prave-plastove-okna-2\/","name":"Pre\u010do pr\u00e1ve plastov\u00e9 okn\u00e1? - Cedera","isPartOf":{"@id":"https:\/\/www.cedera-okna.sk\/sk\/#website"},"datePublished":"2014-10-20T12:17:12+00:00","dateModified":"2022-08-26T16:58:58+00:00","breadcrumb":{"@id":"https:\/\/www.cedera-okna.sk\/sk\/preco-prave-plastove-okna-2\/#breadcrumb"},"inLanguage":"sk-SK","potentialAction":[{"@type":"ReadAction","target":["https:\/\/www.cedera-okna.sk\/sk\/preco-prave-plastove-okna-2\/"]}]},{"@type":"BreadcrumbList","@id":"https:\/\/www.cedera-okna.sk\/sk\/preco-prave-plastove-okna-2\/#breadcrumb","itemListElement":[{"@type":"ListItem","position":1,"name":"Domovsk\u00e1 str\u00e1nka","item":"https:\/\/www.cedera-okna.sk\/sk\/"},{"@type":"ListItem","position":2,"name":"Pre\u010do pr\u00e1ve plastov\u00e9 okn\u00e1?"}]},{"@type":"WebSite","@id":"https:\/\/www.cedera-okna.sk\/sk\/#website","url":"https:\/\/www.cedera-okna.sk\/sk\/","name":"Cedera","description":"Plastov\u00e9 okn\u00e1 Bratislava","publisher":{"@id":"https:\/\/www.cedera-okna.sk\/sk\/#organization"},"potentialAction":[{"@type":"SearchAction","target":{"@type":"EntryPoint","urlTemplate":"https:\/\/www.cedera-okna.sk\/sk\/?s={search_term_string}"},"query-input":{"@type":"PropertyValueSpecification","valueRequired":true,"valueName":"search_term_string"}}],"inLanguage":"sk-SK"},{"@type":"Organization","@id":"https:\/\/www.cedera-okna.sk\/sk\/#organization","name":"CEDERA s.r.o.","url":"https:\/\/www.cedera-okna.sk\/sk\/","logo":{"@type":"ImageObject","inLanguage":"sk-SK","@id":"https:\/\/www.cedera-okna.sk\/sk\/#\/schema\/logo\/image\/","url":"https:\/\/www.cedera-okna.sk\/wp-content\/uploads\/2018\/10\/Cedera-logo.png","contentUrl":"https:\/\/www.cedera-okna.sk\/wp-content\/uploads\/2018\/10\/Cedera-logo.png","width":190,"height":66,"caption":"CEDERA s.r.o."},"image":{"@id":"https:\/\/www.cedera-okna.sk\/sk\/#\/schema\/logo\/image\/"},"sameAs":["https:\/\/www.facebook.com\/okna.cedera\/"]},{"@type":"Person","@id":"https:\/\/www.cedera-okna.sk\/sk\/#\/schema\/person\/5472b16fb96c7eb561b42b471d6142bd","name":"Cedera","url":"https:\/\/www.cedera-okna.sk\/sk\/author\/cedera\/"}]}},"_links":{"self":[{"href":"https:\/\/www.cedera-okna.sk\/sk\/wp-json\/wp\/v2\/posts\/281","targetHints":{"allow":["GET"]}}],"collection":[{"href":"https:\/\/www.cedera-okna.sk\/sk\/wp-json\/wp\/v2\/posts"}],"about":[{"href":"https:\/\/www.cedera-okna.sk\/sk\/wp-json\/wp\/v2\/types\/post"}],"author":[{"embeddable":true,"href":"https:\/\/www.cedera-okna.sk\/sk\/wp-json\/wp\/v2\/users\/3"}],"replies":[{"embeddable":true,"href":"https:\/\/www.cedera-okna.sk\/sk\/wp-json\/wp\/v2\/comments?post=281"}],"version-history":[{"count":2,"href":"https:\/\/www.cedera-okna.sk\/sk\/wp-json\/wp\/v2\/posts\/281\/revisions"}],"predecessor-version":[{"id":11627,"href":"https:\/\/www.cedera-okna.sk\/sk\/wp-json\/wp\/v2\/posts\/281\/revisions\/11627"}],"wp:attachment":[{"href":"https:\/\/www.cedera-okna.sk\/sk\/wp-json\/wp\/v2\/media?parent=281"}],"wp:term":[{"taxonomy":"category","embeddable":true,"href":"https:\/\/www.cedera-okna.sk\/sk\/wp-json\/wp\/v2\/categories?post=281"},{"taxonomy":"post_tag","embeddable":true,"href":"https:\/\/www.cedera-okna.sk\/sk\/wp-json\/wp\/v2\/tags?post=281"}],"curies":[{"name":"wp","href":"https:\/\/api.w.org\/{rel}","templated":true}]}}