{"id":276,"date":"2014-08-27T14:56:00","date_gmt":"2014-08-27T12:56:00","guid":{"rendered":"http:\/\/cedera-okna.sk\/index.php\/problemy-s-oknom-cast-3\/"},"modified":"2016-10-28T14:32:14","modified_gmt":"2016-10-28T12:32:14","slug":"problemy-s-oknom-cast-3","status":"publish","type":"post","link":"https:\/\/www.cedera-okna.sk\/sk\/problemy-s-oknom-cast-3\/","title":{"rendered":"Probl\u00e9my s oknom &#8211; \u010das\u0165 3"},"content":{"rendered":"<p>V na\u0161ich predch\u00e1dzaj\u00facich dvoch \u010dastiach (<a href=\"\/sk\/problemy-s-oknom-cast-1\/\">\u010das\u0165 1<\/a> a <a href=\"\/sk\/problemy-s-oknom-cast-2\/\">\u010das\u0165 2<\/a>) sme sa zamerali na probl\u00e9my, ktor\u00e9 sa m\u00f4\u017eu vyskytn\u00fa\u0165 u ka\u017ed\u00e9ho majite\u013ea plastov\u00e9ho ale i dreven\u00e9ho okna. Pokra\u010dovanie si m\u00f4\u017eete pre\u010d\u00edta\u0165 teraz:<\/p>\n<p><!--more--><\/p>\n<p>Nastavil V\u00e1m mont\u00e9r okno a ono aj napriek tomu st\u00e1le spr\u00e1vne netesn\u00ed, alebo m\u00e1te probl\u00e9m s jeho otv\u00e1ran\u00edm \u010di zatv\u00e1ran\u00edm? Potom bude probl\u00e9m zjavne niekde celkom inde, a bude potrebn\u00e9 okno pos\u00fadi\u0165. Nast\u00e1vaj\u00fa toti\u017e aj situ\u00e1cie, \u017ee okno je nespr\u00e1vne vyroben\u00e9, a v takom pr\u00edpade je jedin\u00fdm rie\u0161en\u00edm v\u00fdmena okna za nov\u00e9.<\/p>\n<p>Pred t\u00fdmto rie\u0161en\u00edm je ale e\u0161te potrebn\u00e9 okno zmera\u0165, \u010di s\u00fa r\u00e1m a okenn\u00e9 kr\u00eddlo pravouhl\u00e9. Pokia\u013e maj\u00fa uhloprie\u010dky rovnak\u00fa d\u013a\u017eku a v\u0161etky uhly s\u00fa prav\u00e9, pri\u010dom treba bra\u0165 do \u00favahy toleranciu 1 mm, okno je v poriadku, a je potrebn\u00e9 ho len spr\u00e1vne nastavi\u0165, pokia\u013e je rozdiel v\u00e4\u010d\u0161\u00ed je u\u017e potrebn\u00e9 chybu konzultova\u0165 s dod\u00e1vate\u013eom okna.<\/p>\n<p>Probl\u00e9mom m\u00f4\u017ee by\u0165 na krivo namontovan\u00fd r\u00e1m, ak je nespr\u00e1vne namontovan\u00fd, firma by ho mala vymeni\u0165 za nov\u00fd.<\/p>\n","protected":false},"excerpt":{"rendered":"<p>V na\u0161ich predch\u00e1dzaj\u00facich dvoch \u010dastiach (\u010das\u0165 1 a \u010das\u0165 2) sme sa zamerali na probl\u00e9my, ktor\u00e9 sa m\u00f4\u017eu vyskytn\u00fa\u0165 u ka\u017ed\u00e9ho majite\u013ea plastov\u00e9ho ale i dreven\u00e9ho okna. Pokra\u010dovanie si m\u00f4\u017eete pre\u010d\u00edta\u0165 teraz:<\/p>\n","protected":false},"author":3,"featured_media":0,"comment_status":"closed","ping_status":"closed","sticky":false,"template":"","format":"standard","meta":{"footnotes":""},"categories":[],"tags":[],"class_list":["post-276","post","type-post","status-publish","format-standard","hentry"],"yoast_head":"<!-- This site is optimized with the Yoast SEO plugin v27.4 - https:\/\/yoast.com\/product\/yoast-seo-wordpress\/ -->\n<title>Probl\u00e9my s oknom - \u010das\u0165 3 - Cedera<\/title>\n<meta name=\"robots\" content=\"index, follow, max-snippet:-1, max-image-preview:large, max-video-preview:-1\" \/>\n<link rel=\"canonical\" href=\"https:\/\/www.cedera-okna.sk\/sk\/problemy-s-oknom-cast-3\/\" \/>\n<meta property=\"og:locale\" content=\"sk_SK\" \/>\n<meta property=\"og:type\" content=\"article\" \/>\n<meta property=\"og:title\" content=\"Probl\u00e9my s oknom - \u010das\u0165 3 - Cedera\" \/>\n<meta property=\"og:description\" content=\"V na\u0161ich predch\u00e1dzaj\u00facich dvoch \u010dastiach (\u010das\u0165 1 a \u010das\u0165 2) sme sa zamerali na probl\u00e9my, ktor\u00e9 sa m\u00f4\u017eu vyskytn\u00fa\u0165 u ka\u017ed\u00e9ho majite\u013ea plastov\u00e9ho ale i dreven\u00e9ho okna. Pokra\u010dovanie si m\u00f4\u017eete pre\u010d\u00edta\u0165 teraz:\" \/>\n<meta property=\"og:url\" content=\"https:\/\/www.cedera-okna.sk\/sk\/problemy-s-oknom-cast-3\/\" \/>\n<meta property=\"og:site_name\" content=\"Cedera\" \/>\n<meta property=\"article:publisher\" content=\"https:\/\/www.facebook.com\/okna.cedera\/\" \/>\n<meta property=\"article:published_time\" content=\"2014-08-27T12:56:00+00:00\" \/>\n<meta property=\"article:modified_time\" content=\"2016-10-28T12:32:14+00:00\" \/>\n<meta name=\"author\" content=\"Cedera\" \/>\n<meta name=\"twitter:label1\" content=\"Autor\" \/>\n\t<meta name=\"twitter:data1\" content=\"Cedera\" \/>\n\t<meta name=\"twitter:label2\" content=\"Predpokladan\u00fd \u010das \u010d\u00edtania\" \/>\n\t<meta name=\"twitter:data2\" content=\"1 min\u00fata\" \/>\n<!-- \/ Yoast SEO plugin. -->","yoast_head_json":{"title":"Probl\u00e9my s oknom - \u010das\u0165 3 - Cedera","robots":{"index":"index","follow":"follow","max-snippet":"max-snippet:-1","max-image-preview":"max-image-preview:large","max-video-preview":"max-video-preview:-1"},"canonical":"https:\/\/www.cedera-okna.sk\/sk\/problemy-s-oknom-cast-3\/","og_locale":"sk_SK","og_type":"article","og_title":"Probl\u00e9my s oknom - \u010das\u0165 3 - Cedera","og_description":"V na\u0161ich predch\u00e1dzaj\u00facich dvoch \u010dastiach (\u010das\u0165 1 a \u010das\u0165 2) sme sa zamerali na probl\u00e9my, ktor\u00e9 sa m\u00f4\u017eu vyskytn\u00fa\u0165 u ka\u017ed\u00e9ho majite\u013ea plastov\u00e9ho ale i dreven\u00e9ho okna. Pokra\u010dovanie si m\u00f4\u017eete pre\u010d\u00edta\u0165 teraz:","og_url":"https:\/\/www.cedera-okna.sk\/sk\/problemy-s-oknom-cast-3\/","og_site_name":"Cedera","article_publisher":"https:\/\/www.facebook.com\/okna.cedera\/","article_published_time":"2014-08-27T12:56:00+00:00","article_modified_time":"2016-10-28T12:32:14+00:00","author":"Cedera","twitter_misc":{"Autor":"Cedera","Predpokladan\u00fd \u010das \u010d\u00edtania":"1 min\u00fata"},"schema":{"@context":"https:\/\/schema.org","@graph":[{"@type":"Article","@id":"https:\/\/www.cedera-okna.sk\/sk\/problemy-s-oknom-cast-3\/#article","isPartOf":{"@id":"https:\/\/www.cedera-okna.sk\/sk\/problemy-s-oknom-cast-3\/"},"author":{"name":"Cedera","@id":"https:\/\/www.cedera-okna.sk\/sk\/#\/schema\/person\/5472b16fb96c7eb561b42b471d6142bd"},"headline":"Probl\u00e9my s oknom &#8211; \u010das\u0165 3","datePublished":"2014-08-27T12:56:00+00:00","dateModified":"2016-10-28T12:32:14+00:00","mainEntityOfPage":{"@id":"https:\/\/www.cedera-okna.sk\/sk\/problemy-s-oknom-cast-3\/"},"wordCount":212,"publisher":{"@id":"https:\/\/www.cedera-okna.sk\/sk\/#organization"},"inLanguage":"sk-SK"},{"@type":"WebPage","@id":"https:\/\/www.cedera-okna.sk\/sk\/problemy-s-oknom-cast-3\/","url":"https:\/\/www.cedera-okna.sk\/sk\/problemy-s-oknom-cast-3\/","name":"Probl\u00e9my s oknom - \u010das\u0165 3 - Cedera","isPartOf":{"@id":"https:\/\/www.cedera-okna.sk\/sk\/#website"},"datePublished":"2014-08-27T12:56:00+00:00","dateModified":"2016-10-28T12:32:14+00:00","breadcrumb":{"@id":"https:\/\/www.cedera-okna.sk\/sk\/problemy-s-oknom-cast-3\/#breadcrumb"},"inLanguage":"sk-SK","potentialAction":[{"@type":"ReadAction","target":["https:\/\/www.cedera-okna.sk\/sk\/problemy-s-oknom-cast-3\/"]}]},{"@type":"BreadcrumbList","@id":"https:\/\/www.cedera-okna.sk\/sk\/problemy-s-oknom-cast-3\/#breadcrumb","itemListElement":[{"@type":"ListItem","position":1,"name":"Domovsk\u00e1 str\u00e1nka","item":"https:\/\/www.cedera-okna.sk\/sk\/"},{"@type":"ListItem","position":2,"name":"Probl\u00e9my s oknom &#8211; \u010das\u0165 3"}]},{"@type":"WebSite","@id":"https:\/\/www.cedera-okna.sk\/sk\/#website","url":"https:\/\/www.cedera-okna.sk\/sk\/","name":"Cedera","description":"Plastov\u00e9 okn\u00e1 Bratislava","publisher":{"@id":"https:\/\/www.cedera-okna.sk\/sk\/#organization"},"potentialAction":[{"@type":"SearchAction","target":{"@type":"EntryPoint","urlTemplate":"https:\/\/www.cedera-okna.sk\/sk\/?s={search_term_string}"},"query-input":{"@type":"PropertyValueSpecification","valueRequired":true,"valueName":"search_term_string"}}],"inLanguage":"sk-SK"},{"@type":"Organization","@id":"https:\/\/www.cedera-okna.sk\/sk\/#organization","name":"CEDERA s.r.o.","url":"https:\/\/www.cedera-okna.sk\/sk\/","logo":{"@type":"ImageObject","inLanguage":"sk-SK","@id":"https:\/\/www.cedera-okna.sk\/sk\/#\/schema\/logo\/image\/","url":"https:\/\/www.cedera-okna.sk\/wp-content\/uploads\/2018\/10\/Cedera-logo.png","contentUrl":"https:\/\/www.cedera-okna.sk\/wp-content\/uploads\/2018\/10\/Cedera-logo.png","width":190,"height":66,"caption":"CEDERA s.r.o."},"image":{"@id":"https:\/\/www.cedera-okna.sk\/sk\/#\/schema\/logo\/image\/"},"sameAs":["https:\/\/www.facebook.com\/okna.cedera\/"]},{"@type":"Person","@id":"https:\/\/www.cedera-okna.sk\/sk\/#\/schema\/person\/5472b16fb96c7eb561b42b471d6142bd","name":"Cedera","url":"https:\/\/www.cedera-okna.sk\/sk\/author\/cedera\/"}]}},"_links":{"self":[{"href":"https:\/\/www.cedera-okna.sk\/sk\/wp-json\/wp\/v2\/posts\/276","targetHints":{"allow":["GET"]}}],"collection":[{"href":"https:\/\/www.cedera-okna.sk\/sk\/wp-json\/wp\/v2\/posts"}],"about":[{"href":"https:\/\/www.cedera-okna.sk\/sk\/wp-json\/wp\/v2\/types\/post"}],"author":[{"embeddable":true,"href":"https:\/\/www.cedera-okna.sk\/sk\/wp-json\/wp\/v2\/users\/3"}],"replies":[{"embeddable":true,"href":"https:\/\/www.cedera-okna.sk\/sk\/wp-json\/wp\/v2\/comments?post=276"}],"version-history":[{"count":2,"href":"https:\/\/www.cedera-okna.sk\/sk\/wp-json\/wp\/v2\/posts\/276\/revisions"}],"predecessor-version":[{"id":3175,"href":"https:\/\/www.cedera-okna.sk\/sk\/wp-json\/wp\/v2\/posts\/276\/revisions\/3175"}],"wp:attachment":[{"href":"https:\/\/www.cedera-okna.sk\/sk\/wp-json\/wp\/v2\/media?parent=276"}],"wp:term":[{"taxonomy":"category","embeddable":true,"href":"https:\/\/www.cedera-okna.sk\/sk\/wp-json\/wp\/v2\/categories?post=276"},{"taxonomy":"post_tag","embeddable":true,"href":"https:\/\/www.cedera-okna.sk\/sk\/wp-json\/wp\/v2\/tags?post=276"}],"curies":[{"name":"wp","href":"https:\/\/api.w.org\/{rel}","templated":true}]}}