{"id":274,"date":"2014-08-11T14:53:00","date_gmt":"2014-08-11T12:53:00","guid":{"rendered":"http:\/\/cedera-okna.sk\/index.php\/problemy-s-oknom-cast-2\/"},"modified":"2016-10-28T14:34:04","modified_gmt":"2016-10-28T12:34:04","slug":"problemy-s-oknom-cast-2","status":"publish","type":"post","link":"https:\/\/www.cedera-okna.sk\/sk\/problemy-s-oknom-cast-2\/","title":{"rendered":"Probl\u00e9my s oknom &#8211; \u010das\u0165 2"},"content":{"rendered":"<p>V predch\u00e1dzaj\u00facej \u010dasti sme sa zamerali na probl\u00e9my so zatv\u00e1ran\u00edm okna. V tomto \u010dl\u00e1nku sa budeme zaobera\u0165 spr\u00e1vnym tesnen\u00edm. Dostato\u010dn\u00e9 tesnenie, ktor\u00e9 nevpust\u00ed do interi\u00e9ru chlad a vlhkos\u0165, je z\u00e1kladnou po\u017eiadavkou na ak\u00fdko\u013evek typ okien, \u010di u\u017e plastov\u00e9 okn\u00e1, eurookn\u00e1 alebo hlin\u00edkov\u00e9 okn\u00e1.<\/p>\n<p><!--more--><\/p>\n<h2>,,Zadrh\u00e1vanie&#8221; okna<\/h2>\n<p>\u00dalohou mont\u00e1\u017enych pracovn\u00edkov je nastavi\u0165 okno tak, aby spr\u00e1vne tesnilo, aby jeho otv\u00e1ranie aj zatv\u00e1ranie prebiehalo \u013eahko a bez probl\u00e9mov. Po spr\u00e1vnej mont\u00e1\u017ei okien taktie\u017e nesmie doch\u00e1dza\u0165 k dotyku r\u00e1mu na in\u00fdch miestach, ako je tesnenie. V opa\u010dnom pr\u00edpade doch\u00e1dza k \u201ezadrh\u00e1vaniu&#8221; okna, a teda k ne\u017eelan\u00e9mu dotyku okna s r\u00e1mom. Okno sa nastavuje pomocou nastavovac\u00edch prvkov, ktor\u00e9 s\u00fa s\u00fa\u010das\u0165ou kovania a nastavuj\u00fa sa na okennom kr\u00eddle alebo na z\u00e1vesoch \u010di na okennom r\u00e1me. Doln\u00fd p\u00e1nt sl\u00fa\u017ei na zni\u017eovanie resp. zvy\u0161ovanie okna a z\u00e1vesn\u00e9 prvky na ot\u00e1\u010danie okolo spodn\u00e9ho z\u00e1vesu. Pomocou t\u00fdchto dvoch bodov sa daj\u00fa odstr\u00e1ni\u0165 takmer v\u0161etky probl\u00e9my s oknom.<\/p>\n<p>Ak s\u00fa okn\u00e1 v z\u00e1ruke, neodpor\u00fa\u010dame, aby ste ich nastavovali a opravovali sami. Rad\u0161ej sa obr\u00e1\u0165te na odborn\u00edkov, ktor\u00ed s\u00fa na pr\u00e1cu s oknami vy\u0161kolen\u00ed. Neodborn\u00e1 manipul\u00e1cia s oknami m\u00f4\u017ee vies\u0165 k po\u0161kodeniam, ktor\u00e9 sa nedaj\u00fa reklamova\u0165.<\/p>\n<p>Prv\u00fa \u010das\u0165 \u010dl\u00e1nku n\u00e1jdete <a href=\"\/sk\/problemy-s-oknom-cast-2\/\">tu<\/a>. Probl\u00e9mom s oknami sa venujeme aj v \u010fal\u0161om, v porad\u00ed <a href=\"\/sk\/problemy-s-oknom-cast-3\/\">3. \u010dl\u00e1nku<\/a>.<\/p>\n","protected":false},"excerpt":{"rendered":"<p>V predch\u00e1dzaj\u00facej \u010dasti sme sa zamerali na probl\u00e9my so zatv\u00e1ran\u00edm okna. V tomto \u010dl\u00e1nku sa budeme zaobera\u0165 spr\u00e1vnym tesnen\u00edm. Dostato\u010dn\u00e9 tesnenie, ktor\u00e9 nevpust\u00ed do interi\u00e9ru chlad a vlhkos\u0165, je z\u00e1kladnou po\u017eiadavkou na ak\u00fdko\u013evek typ okien, \u010di u\u017e plastov\u00e9 okn\u00e1, eurookn\u00e1 alebo hlin\u00edkov\u00e9 okn\u00e1.<\/p>\n","protected":false},"author":3,"featured_media":0,"comment_status":"closed","ping_status":"closed","sticky":false,"template":"","format":"standard","meta":{"footnotes":""},"categories":[],"tags":[],"class_list":["post-274","post","type-post","status-publish","format-standard","hentry"],"yoast_head":"<!-- This site is optimized with the Yoast SEO plugin v27.4 - https:\/\/yoast.com\/product\/yoast-seo-wordpress\/ -->\n<title>Probl\u00e9my s oknom - \u010das\u0165 2 - Cedera<\/title>\n<meta name=\"robots\" content=\"index, follow, max-snippet:-1, max-image-preview:large, max-video-preview:-1\" \/>\n<link rel=\"canonical\" href=\"https:\/\/www.cedera-okna.sk\/sk\/problemy-s-oknom-cast-2\/\" \/>\n<meta property=\"og:locale\" content=\"sk_SK\" \/>\n<meta property=\"og:type\" content=\"article\" \/>\n<meta property=\"og:title\" content=\"Probl\u00e9my s oknom - \u010das\u0165 2 - Cedera\" \/>\n<meta property=\"og:description\" content=\"V predch\u00e1dzaj\u00facej \u010dasti sme sa zamerali na probl\u00e9my so zatv\u00e1ran\u00edm okna. V tomto \u010dl\u00e1nku sa budeme zaobera\u0165 spr\u00e1vnym tesnen\u00edm. Dostato\u010dn\u00e9 tesnenie, ktor\u00e9 nevpust\u00ed do interi\u00e9ru chlad a vlhkos\u0165, je z\u00e1kladnou po\u017eiadavkou na ak\u00fdko\u013evek typ okien, \u010di u\u017e plastov\u00e9 okn\u00e1, eurookn\u00e1 alebo hlin\u00edkov\u00e9 okn\u00e1.\" \/>\n<meta property=\"og:url\" content=\"https:\/\/www.cedera-okna.sk\/sk\/problemy-s-oknom-cast-2\/\" \/>\n<meta property=\"og:site_name\" content=\"Cedera\" \/>\n<meta property=\"article:publisher\" content=\"https:\/\/www.facebook.com\/okna.cedera\/\" \/>\n<meta property=\"article:published_time\" content=\"2014-08-11T12:53:00+00:00\" \/>\n<meta property=\"article:modified_time\" content=\"2016-10-28T12:34:04+00:00\" \/>\n<meta name=\"author\" content=\"Cedera\" \/>\n<meta name=\"twitter:label1\" content=\"Autor\" \/>\n\t<meta name=\"twitter:data1\" content=\"Cedera\" \/>\n\t<meta name=\"twitter:label2\" content=\"Predpokladan\u00fd \u010das \u010d\u00edtania\" \/>\n\t<meta name=\"twitter:data2\" content=\"1 min\u00fata\" \/>\n<!-- \/ Yoast SEO plugin. -->","yoast_head_json":{"title":"Probl\u00e9my s oknom - \u010das\u0165 2 - Cedera","robots":{"index":"index","follow":"follow","max-snippet":"max-snippet:-1","max-image-preview":"max-image-preview:large","max-video-preview":"max-video-preview:-1"},"canonical":"https:\/\/www.cedera-okna.sk\/sk\/problemy-s-oknom-cast-2\/","og_locale":"sk_SK","og_type":"article","og_title":"Probl\u00e9my s oknom - \u010das\u0165 2 - Cedera","og_description":"V predch\u00e1dzaj\u00facej \u010dasti sme sa zamerali na probl\u00e9my so zatv\u00e1ran\u00edm okna. V tomto \u010dl\u00e1nku sa budeme zaobera\u0165 spr\u00e1vnym tesnen\u00edm. Dostato\u010dn\u00e9 tesnenie, ktor\u00e9 nevpust\u00ed do interi\u00e9ru chlad a vlhkos\u0165, je z\u00e1kladnou po\u017eiadavkou na ak\u00fdko\u013evek typ okien, \u010di u\u017e plastov\u00e9 okn\u00e1, eurookn\u00e1 alebo hlin\u00edkov\u00e9 okn\u00e1.","og_url":"https:\/\/www.cedera-okna.sk\/sk\/problemy-s-oknom-cast-2\/","og_site_name":"Cedera","article_publisher":"https:\/\/www.facebook.com\/okna.cedera\/","article_published_time":"2014-08-11T12:53:00+00:00","article_modified_time":"2016-10-28T12:34:04+00:00","author":"Cedera","twitter_misc":{"Autor":"Cedera","Predpokladan\u00fd \u010das \u010d\u00edtania":"1 min\u00fata"},"schema":{"@context":"https:\/\/schema.org","@graph":[{"@type":"Article","@id":"https:\/\/www.cedera-okna.sk\/sk\/problemy-s-oknom-cast-2\/#article","isPartOf":{"@id":"https:\/\/www.cedera-okna.sk\/sk\/problemy-s-oknom-cast-2\/"},"author":{"name":"Cedera","@id":"https:\/\/www.cedera-okna.sk\/sk\/#\/schema\/person\/5472b16fb96c7eb561b42b471d6142bd"},"headline":"Probl\u00e9my s oknom &#8211; \u010das\u0165 2","datePublished":"2014-08-11T12:53:00+00:00","dateModified":"2016-10-28T12:34:04+00:00","mainEntityOfPage":{"@id":"https:\/\/www.cedera-okna.sk\/sk\/problemy-s-oknom-cast-2\/"},"wordCount":273,"publisher":{"@id":"https:\/\/www.cedera-okna.sk\/sk\/#organization"},"inLanguage":"sk-SK"},{"@type":"WebPage","@id":"https:\/\/www.cedera-okna.sk\/sk\/problemy-s-oknom-cast-2\/","url":"https:\/\/www.cedera-okna.sk\/sk\/problemy-s-oknom-cast-2\/","name":"Probl\u00e9my s oknom - \u010das\u0165 2 - Cedera","isPartOf":{"@id":"https:\/\/www.cedera-okna.sk\/sk\/#website"},"datePublished":"2014-08-11T12:53:00+00:00","dateModified":"2016-10-28T12:34:04+00:00","breadcrumb":{"@id":"https:\/\/www.cedera-okna.sk\/sk\/problemy-s-oknom-cast-2\/#breadcrumb"},"inLanguage":"sk-SK","potentialAction":[{"@type":"ReadAction","target":["https:\/\/www.cedera-okna.sk\/sk\/problemy-s-oknom-cast-2\/"]}]},{"@type":"BreadcrumbList","@id":"https:\/\/www.cedera-okna.sk\/sk\/problemy-s-oknom-cast-2\/#breadcrumb","itemListElement":[{"@type":"ListItem","position":1,"name":"Domovsk\u00e1 str\u00e1nka","item":"https:\/\/www.cedera-okna.sk\/sk\/"},{"@type":"ListItem","position":2,"name":"Probl\u00e9my s oknom &#8211; \u010das\u0165 2"}]},{"@type":"WebSite","@id":"https:\/\/www.cedera-okna.sk\/sk\/#website","url":"https:\/\/www.cedera-okna.sk\/sk\/","name":"Cedera","description":"Plastov\u00e9 okn\u00e1 Bratislava","publisher":{"@id":"https:\/\/www.cedera-okna.sk\/sk\/#organization"},"potentialAction":[{"@type":"SearchAction","target":{"@type":"EntryPoint","urlTemplate":"https:\/\/www.cedera-okna.sk\/sk\/?s={search_term_string}"},"query-input":{"@type":"PropertyValueSpecification","valueRequired":true,"valueName":"search_term_string"}}],"inLanguage":"sk-SK"},{"@type":"Organization","@id":"https:\/\/www.cedera-okna.sk\/sk\/#organization","name":"CEDERA s.r.o.","url":"https:\/\/www.cedera-okna.sk\/sk\/","logo":{"@type":"ImageObject","inLanguage":"sk-SK","@id":"https:\/\/www.cedera-okna.sk\/sk\/#\/schema\/logo\/image\/","url":"https:\/\/www.cedera-okna.sk\/wp-content\/uploads\/2018\/10\/Cedera-logo.png","contentUrl":"https:\/\/www.cedera-okna.sk\/wp-content\/uploads\/2018\/10\/Cedera-logo.png","width":190,"height":66,"caption":"CEDERA s.r.o."},"image":{"@id":"https:\/\/www.cedera-okna.sk\/sk\/#\/schema\/logo\/image\/"},"sameAs":["https:\/\/www.facebook.com\/okna.cedera\/"]},{"@type":"Person","@id":"https:\/\/www.cedera-okna.sk\/sk\/#\/schema\/person\/5472b16fb96c7eb561b42b471d6142bd","name":"Cedera","url":"https:\/\/www.cedera-okna.sk\/sk\/author\/cedera\/"}]}},"_links":{"self":[{"href":"https:\/\/www.cedera-okna.sk\/sk\/wp-json\/wp\/v2\/posts\/274","targetHints":{"allow":["GET"]}}],"collection":[{"href":"https:\/\/www.cedera-okna.sk\/sk\/wp-json\/wp\/v2\/posts"}],"about":[{"href":"https:\/\/www.cedera-okna.sk\/sk\/wp-json\/wp\/v2\/types\/post"}],"author":[{"embeddable":true,"href":"https:\/\/www.cedera-okna.sk\/sk\/wp-json\/wp\/v2\/users\/3"}],"replies":[{"embeddable":true,"href":"https:\/\/www.cedera-okna.sk\/sk\/wp-json\/wp\/v2\/comments?post=274"}],"version-history":[{"count":2,"href":"https:\/\/www.cedera-okna.sk\/sk\/wp-json\/wp\/v2\/posts\/274\/revisions"}],"predecessor-version":[{"id":3177,"href":"https:\/\/www.cedera-okna.sk\/sk\/wp-json\/wp\/v2\/posts\/274\/revisions\/3177"}],"wp:attachment":[{"href":"https:\/\/www.cedera-okna.sk\/sk\/wp-json\/wp\/v2\/media?parent=274"}],"wp:term":[{"taxonomy":"category","embeddable":true,"href":"https:\/\/www.cedera-okna.sk\/sk\/wp-json\/wp\/v2\/categories?post=274"},{"taxonomy":"post_tag","embeddable":true,"href":"https:\/\/www.cedera-okna.sk\/sk\/wp-json\/wp\/v2\/tags?post=274"}],"curies":[{"name":"wp","href":"https:\/\/api.w.org\/{rel}","templated":true}]}}