{"id":270,"date":"2014-02-25T18:26:56","date_gmt":"2014-02-25T17:26:56","guid":{"rendered":"http:\/\/cedera-okna.sk\/index.php\/udrzba-plastovych-okien\/"},"modified":"2016-11-21T12:37:59","modified_gmt":"2016-11-21T11:37:59","slug":"udrzba-plastovych-okien","status":"publish","type":"post","link":"https:\/\/www.cedera-okna.sk\/sk\/udrzba-plastovych-okien\/","title":{"rendered":"\u00dadr\u017eba plastov\u00fdch okien: \u010comu sa vyhn\u00fa\u0165?"},"content":{"rendered":"<p><strong>V predch\u00e1dzaj\u00facom \u010dl\u00e1nku<\/strong> sme sa venovali v\u00fdberu vhodn\u00e9ho prostriedku na \u010distenie okien a spr\u00e1vnej utierky. Dnes si pribl\u00ed\u017eime \u010fal\u0161ie u\u017eito\u010dn\u00e9 inform\u00e1cie t\u00fdkaj\u00face sa \u00fadr\u017eby plastov\u00fdch okien.<\/p>\n<p><!--more--><\/p>\n<p>Aby v\u00e1m plastov\u00e9 okn\u00e1 sl\u00fa\u017eili \u010do najdlh\u0161ie, treba sa o ne spr\u00e1vne stara\u0165. Nevhodn\u00e1 starostlivos\u0165 m\u00f4\u017ee sp\u00f4sobi\u0165 rovnak\u00e9 \u0161kody ako \u017eiadna, preto sa pri \u00fadr\u017ebe plastov\u00fdch okien ria\u010fte pod\u013ea nasledovn\u00fdch odpor\u00fa\u010dan\u00ed:<\/p>\n<ul>\n<li>Prach a drobn\u00e9 ne\u010distoty z plastov\u00fdch okien pravidelne odstra\u0148ujte vlhkou handri\u010dkou.<\/li>\n<li>St\u00e1ly tvar a vlastnosti profilu plastov\u00fdch okien zabezpe\u010duje materi\u00e1l, z ktor\u00e9ho s\u00fa vyr\u00e1ban\u00e9, teda nem\u00e4k\u010den\u00fd polyvinylchlorid. Majte na pam\u00e4ti, \u017ee tento materi\u00e1l m\u00e1 sklon k vzniku elektrostatick\u00e9ho n\u00e1boja, preto pri k\u00fape \u010distiacich prostriedkov vyberajte tak\u00e9, ktor\u00e9 zabezpe\u010duj\u00fa redukciu n\u00e1boja, \u010di\u017ee prostriedky s obsahom antistatika.<\/li>\n<li>Pre spr\u00e1vnu \u00fadr\u017ebu plastov\u00fdch okien sa vyhnite pou\u017e\u00edvaniu \u010distiacich prostriedkov s obsahom abraz\u00edvnych pr\u00edsad. K po\u0161kodeniu skla, \u010di profilu okna m\u00f4\u017ee d\u00f4js\u0165 aj pri pou\u017eit\u00ed plastov\u00fdch a kovov\u00fdch dr\u00f4teniek.<\/li>\n<li>Silne zne\u010disten\u00e9 profily nikdy ne\u010distite pomocou organick\u00fdch rozp\u00fa\u0161\u0165adiel, kysel\u00edn \u010di riedidiel, ale pr\u00edpravkami, ktor\u00e9 s\u00fa na to ur\u010den\u00e9.<\/li>\n<li>Pravideln\u00e9 \u010distenie priestoru \u017eliabku by malo by\u0165 samozrejmos\u0165ou.<\/li>\n<li>Nezab\u00fadajte ani na pravideln\u00fa kontrolu funk\u010dnosti a tesnosti jednotliv\u00fdch kovov\u00fdch \u010dast\u00ed, ktor\u00e9 si takisto vy\u017eaduj\u00fa \u00fadr\u017ebu. Zn\u00e1me \u201ev\u0155zganie&#8221; kovov\u00fdch \u010dast\u00ed neodstra\u0148ujte pomocou kuchynsk\u00e9ho oleja \u010di kr\u00e9mu na ruky, ale pou\u017eite \u0161peci\u00e1lne oleje ur\u010den\u00e9 mazanie kovov.<\/li>\n<li>V\u00fdmenu nefunk\u010dn\u00e9ho tesnenia zverte do r\u00fak odborn\u00edkov. Pri nespr\u00e1vnej v\u00fdmene m\u00f4\u017ee d\u00f4js\u0165 k po\u0161kodeniu okna a k zhor\u0161eniu tesnenia jednotliv\u00fdch \u010dast\u00ed. Odborn\u00edk tie\u017e vykon\u00e1 kontrolu kovania a upev\u0148ovac\u00edch skrutiek.<\/li>\n<\/ul>\n","protected":false},"excerpt":{"rendered":"<p>V predch\u00e1dzaj\u00facom \u010dl\u00e1nku sme sa venovali v\u00fdberu vhodn\u00e9ho prostriedku na \u010distenie okien a spr\u00e1vnej utierky. Dnes si pribl\u00ed\u017eime \u010fal\u0161ie u\u017eito\u010dn\u00e9 inform\u00e1cie t\u00fdkaj\u00face sa \u00fadr\u017eby plastov\u00fdch okien.<\/p>\n","protected":false},"author":3,"featured_media":0,"comment_status":"closed","ping_status":"closed","sticky":false,"template":"","format":"standard","meta":{"footnotes":""},"categories":[],"tags":[],"class_list":["post-270","post","type-post","status-publish","format-standard","hentry"],"yoast_head":"<!-- This site is optimized with the Yoast SEO plugin v27.4 - https:\/\/yoast.com\/product\/yoast-seo-wordpress\/ -->\n<title>\u00dadr\u017eba plastov\u00fdch okien: \u010comu sa vyhn\u00fa\u0165? | CEDERA<\/title>\n<meta name=\"description\" content=\"Aby va\u0161e plastov\u00e9 okn\u00e1 \u010do najviac vydr\u017eali, potrebujete sa o ne stara\u0165. V\u010faka t\u00fdmto rad\u00e1m pre \u00fadr\u017ebu bud\u00fa va\u0161e okn\u00e1 v top stave dlh\u00e9 roky.\" \/>\n<meta name=\"robots\" content=\"index, follow, max-snippet:-1, max-image-preview:large, max-video-preview:-1\" \/>\n<link rel=\"canonical\" href=\"https:\/\/www.cedera-okna.sk\/sk\/udrzba-plastovych-okien\/\" \/>\n<meta property=\"og:locale\" content=\"sk_SK\" \/>\n<meta property=\"og:type\" content=\"article\" \/>\n<meta property=\"og:title\" content=\"\u00dadr\u017eba plastov\u00fdch okien: \u010comu sa vyhn\u00fa\u0165? | CEDERA\" \/>\n<meta property=\"og:description\" content=\"Aby va\u0161e plastov\u00e9 okn\u00e1 \u010do najviac vydr\u017eali, potrebujete sa o ne stara\u0165. V\u010faka t\u00fdmto rad\u00e1m pre \u00fadr\u017ebu bud\u00fa va\u0161e okn\u00e1 v top stave dlh\u00e9 roky.\" \/>\n<meta property=\"og:url\" content=\"https:\/\/www.cedera-okna.sk\/sk\/udrzba-plastovych-okien\/\" \/>\n<meta property=\"og:site_name\" content=\"Cedera\" \/>\n<meta property=\"article:publisher\" content=\"https:\/\/www.facebook.com\/okna.cedera\/\" \/>\n<meta property=\"article:published_time\" content=\"2014-02-25T17:26:56+00:00\" \/>\n<meta property=\"article:modified_time\" content=\"2016-11-21T11:37:59+00:00\" \/>\n<meta name=\"author\" content=\"Cedera\" \/>\n<meta name=\"twitter:label1\" content=\"Autor\" \/>\n\t<meta name=\"twitter:data1\" content=\"Cedera\" \/>\n\t<meta name=\"twitter:label2\" content=\"Predpokladan\u00fd \u010das \u010d\u00edtania\" \/>\n\t<meta name=\"twitter:data2\" content=\"2 min\u00faty\" \/>\n<!-- \/ Yoast SEO plugin. -->","yoast_head_json":{"title":"\u00dadr\u017eba plastov\u00fdch okien: \u010comu sa vyhn\u00fa\u0165? | CEDERA","description":"Aby va\u0161e plastov\u00e9 okn\u00e1 \u010do najviac vydr\u017eali, potrebujete sa o ne stara\u0165. V\u010faka t\u00fdmto rad\u00e1m pre \u00fadr\u017ebu bud\u00fa va\u0161e okn\u00e1 v top stave dlh\u00e9 roky.","robots":{"index":"index","follow":"follow","max-snippet":"max-snippet:-1","max-image-preview":"max-image-preview:large","max-video-preview":"max-video-preview:-1"},"canonical":"https:\/\/www.cedera-okna.sk\/sk\/udrzba-plastovych-okien\/","og_locale":"sk_SK","og_type":"article","og_title":"\u00dadr\u017eba plastov\u00fdch okien: \u010comu sa vyhn\u00fa\u0165? | CEDERA","og_description":"Aby va\u0161e plastov\u00e9 okn\u00e1 \u010do najviac vydr\u017eali, potrebujete sa o ne stara\u0165. V\u010faka t\u00fdmto rad\u00e1m pre \u00fadr\u017ebu bud\u00fa va\u0161e okn\u00e1 v top stave dlh\u00e9 roky.","og_url":"https:\/\/www.cedera-okna.sk\/sk\/udrzba-plastovych-okien\/","og_site_name":"Cedera","article_publisher":"https:\/\/www.facebook.com\/okna.cedera\/","article_published_time":"2014-02-25T17:26:56+00:00","article_modified_time":"2016-11-21T11:37:59+00:00","author":"Cedera","twitter_misc":{"Autor":"Cedera","Predpokladan\u00fd \u010das \u010d\u00edtania":"2 min\u00faty"},"schema":{"@context":"https:\/\/schema.org","@graph":[{"@type":"Article","@id":"https:\/\/www.cedera-okna.sk\/sk\/udrzba-plastovych-okien\/#article","isPartOf":{"@id":"https:\/\/www.cedera-okna.sk\/sk\/udrzba-plastovych-okien\/"},"author":{"name":"Cedera","@id":"https:\/\/www.cedera-okna.sk\/sk\/#\/schema\/person\/5472b16fb96c7eb561b42b471d6142bd"},"headline":"\u00dadr\u017eba plastov\u00fdch okien: \u010comu sa vyhn\u00fa\u0165?","datePublished":"2014-02-25T17:26:56+00:00","dateModified":"2016-11-21T11:37:59+00:00","mainEntityOfPage":{"@id":"https:\/\/www.cedera-okna.sk\/sk\/udrzba-plastovych-okien\/"},"wordCount":337,"publisher":{"@id":"https:\/\/www.cedera-okna.sk\/sk\/#organization"},"inLanguage":"sk-SK"},{"@type":"WebPage","@id":"https:\/\/www.cedera-okna.sk\/sk\/udrzba-plastovych-okien\/","url":"https:\/\/www.cedera-okna.sk\/sk\/udrzba-plastovych-okien\/","name":"\u00dadr\u017eba plastov\u00fdch okien: \u010comu sa vyhn\u00fa\u0165? | CEDERA","isPartOf":{"@id":"https:\/\/www.cedera-okna.sk\/sk\/#website"},"datePublished":"2014-02-25T17:26:56+00:00","dateModified":"2016-11-21T11:37:59+00:00","description":"Aby va\u0161e plastov\u00e9 okn\u00e1 \u010do najviac vydr\u017eali, potrebujete sa o ne stara\u0165. V\u010faka t\u00fdmto rad\u00e1m pre \u00fadr\u017ebu bud\u00fa va\u0161e okn\u00e1 v top stave dlh\u00e9 roky.","breadcrumb":{"@id":"https:\/\/www.cedera-okna.sk\/sk\/udrzba-plastovych-okien\/#breadcrumb"},"inLanguage":"sk-SK","potentialAction":[{"@type":"ReadAction","target":["https:\/\/www.cedera-okna.sk\/sk\/udrzba-plastovych-okien\/"]}]},{"@type":"BreadcrumbList","@id":"https:\/\/www.cedera-okna.sk\/sk\/udrzba-plastovych-okien\/#breadcrumb","itemListElement":[{"@type":"ListItem","position":1,"name":"Domovsk\u00e1 str\u00e1nka","item":"https:\/\/www.cedera-okna.sk\/sk\/"},{"@type":"ListItem","position":2,"name":"\u00dadr\u017eba plastov\u00fdch okien: \u010comu sa vyhn\u00fa\u0165?"}]},{"@type":"WebSite","@id":"https:\/\/www.cedera-okna.sk\/sk\/#website","url":"https:\/\/www.cedera-okna.sk\/sk\/","name":"Cedera","description":"Plastov\u00e9 okn\u00e1 Bratislava","publisher":{"@id":"https:\/\/www.cedera-okna.sk\/sk\/#organization"},"potentialAction":[{"@type":"SearchAction","target":{"@type":"EntryPoint","urlTemplate":"https:\/\/www.cedera-okna.sk\/sk\/?s={search_term_string}"},"query-input":{"@type":"PropertyValueSpecification","valueRequired":true,"valueName":"search_term_string"}}],"inLanguage":"sk-SK"},{"@type":"Organization","@id":"https:\/\/www.cedera-okna.sk\/sk\/#organization","name":"CEDERA s.r.o.","url":"https:\/\/www.cedera-okna.sk\/sk\/","logo":{"@type":"ImageObject","inLanguage":"sk-SK","@id":"https:\/\/www.cedera-okna.sk\/sk\/#\/schema\/logo\/image\/","url":"https:\/\/www.cedera-okna.sk\/wp-content\/uploads\/2018\/10\/Cedera-logo.png","contentUrl":"https:\/\/www.cedera-okna.sk\/wp-content\/uploads\/2018\/10\/Cedera-logo.png","width":190,"height":66,"caption":"CEDERA s.r.o."},"image":{"@id":"https:\/\/www.cedera-okna.sk\/sk\/#\/schema\/logo\/image\/"},"sameAs":["https:\/\/www.facebook.com\/okna.cedera\/"]},{"@type":"Person","@id":"https:\/\/www.cedera-okna.sk\/sk\/#\/schema\/person\/5472b16fb96c7eb561b42b471d6142bd","name":"Cedera","url":"https:\/\/www.cedera-okna.sk\/sk\/author\/cedera\/"}]}},"_links":{"self":[{"href":"https:\/\/www.cedera-okna.sk\/sk\/wp-json\/wp\/v2\/posts\/270","targetHints":{"allow":["GET"]}}],"collection":[{"href":"https:\/\/www.cedera-okna.sk\/sk\/wp-json\/wp\/v2\/posts"}],"about":[{"href":"https:\/\/www.cedera-okna.sk\/sk\/wp-json\/wp\/v2\/types\/post"}],"author":[{"embeddable":true,"href":"https:\/\/www.cedera-okna.sk\/sk\/wp-json\/wp\/v2\/users\/3"}],"replies":[{"embeddable":true,"href":"https:\/\/www.cedera-okna.sk\/sk\/wp-json\/wp\/v2\/comments?post=270"}],"version-history":[{"count":2,"href":"https:\/\/www.cedera-okna.sk\/sk\/wp-json\/wp\/v2\/posts\/270\/revisions"}],"predecessor-version":[{"id":3210,"href":"https:\/\/www.cedera-okna.sk\/sk\/wp-json\/wp\/v2\/posts\/270\/revisions\/3210"}],"wp:attachment":[{"href":"https:\/\/www.cedera-okna.sk\/sk\/wp-json\/wp\/v2\/media?parent=270"}],"wp:term":[{"taxonomy":"category","embeddable":true,"href":"https:\/\/www.cedera-okna.sk\/sk\/wp-json\/wp\/v2\/categories?post=270"},{"taxonomy":"post_tag","embeddable":true,"href":"https:\/\/www.cedera-okna.sk\/sk\/wp-json\/wp\/v2\/tags?post=270"}],"curies":[{"name":"wp","href":"https:\/\/api.w.org\/{rel}","templated":true}]}}