{"id":2416,"date":"2016-06-24T09:27:28","date_gmt":"2016-06-24T07:27:28","guid":{"rendered":"http:\/\/cedera-okna.sk\/index.php\/drevene-okna-nevyhody-vyhody\/"},"modified":"2016-10-31T11:44:28","modified_gmt":"2016-10-31T10:44:28","slug":"drevene-okna-nevyhody-vyhody","status":"publish","type":"post","link":"https:\/\/www.cedera-okna.sk\/sk\/drevene-okna-nevyhody-vyhody\/","title":{"rendered":"Dreven\u00e9 okn\u00e1 maj\u00fa jednu nev\u00fdhodu. Ostatn\u00e9 v\u00fdhody ju v\u0161ak prev\u00e1\u017eia"},"content":{"rendered":"<p>Okn\u00e1 s\u00fa nevyhnutnou s\u00fa\u010das\u0165ou akejko\u013evek nehnute\u013enosti. Udr\u017euj\u00fa n\u00e1s v\u00a0teple, rozjasnia izby, prines\u00fa \u010derstv\u00fd vzduch, chr\u00e1nia pred da\u017e\u010fom a\u00a0vlhkom a\u00a0ke\u010f sa v\u00fdzorom hodia k\u00a0\u0161t\u00fdlu budovy, v\u00fdznamne skr\u00e1\u0161lia jej exteri\u00e9r aj interi\u00e9r.<\/p>\n<p>&nbsp;<\/p>\n<p><!--more--><\/p>\n<p><a href=\"\/sk\/eurookna-drevene-okna\/\"><br \/>\nDreven\u00e9 okn\u00e1<\/a> boli dlho najpou\u017e\u00edvanej\u0161ie v\u00a0rodinn\u00fdch domoch aj bytoch po cel\u00e9 st\u00e1ro\u010dia. Koncom 90. rokov minul\u00e9ho storo\u010dia sa za\u010dali vyu\u017e\u00edva\u0165 aj <a href=\"\/sk\/plastove-okna-salamander\/\">plastov\u00e9 okn\u00e1<\/a>. Za t\u00fa dobu v\u0161ak drevo nestratilo na ob\u013e\u00fabenosti.<\/p>\n<p>\u00dadr\u017eba oproti plastov\u00fdm okn\u00e1m je s\u00edce n\u00e1ro\u010dnej\u0161ia, ale pri zv\u00e1\u017een\u00ed, ko\u013eko v\u00e1m v\u010faka tomu okn\u00e1 vydr\u017eia, sa to a\u017e tak\u00e9 n\u00e1ro\u010dn\u00e9 zda\u0165 nebude. Pri spr\u00e1vnej \u00fadr\u017ebe v\u00e1m dreven\u00e9 okn\u00e1 vydr\u017eia aspo\u0148 80 rokov, \u010do je dvojn\u00e1sobok oproti najmodernej\u0161\u00edm plastov\u00fdm okn\u00e1m.<\/p>\n<p>Dreven\u00e9 r\u00e1my s\u00fa tie\u017e \u0161etrnej\u0161ie k\u00a0\u017eivotn\u00e9mu prostrediu a\u00a0maj\u00fa z\u00e1porn\u00fd potenci\u00e1l glob\u00e1lneho otep\u013eovania, \u010do konkr\u00e9tne znamen\u00e1, \u017ee po\u010das 60 rokov svojho fungovania zni\u017euj\u00fa mno\u017estvo CO<sub>2<\/sub> v\u00a0atmosf\u00e9re.<\/p>\n<p>Drevo je jednoducho majstrovsk\u00e9 dielo pr\u00edrody. Siln\u00e9, odoln\u00e9, a\u00a0skvelo vyzer\u00e1.<\/p>\n<p>V\u010faka n\u00e1terom m\u00f4\u017eete jeho vzh\u013ead upravova\u0165 pod\u013ea svojich individu\u00e1lnych potrieb. Chcete \u017elt\u00e9 r\u00e1my? Sta\u010d\u00ed si zvoli\u0165 odtie\u0148 a\u00a0m\u00f4\u017eete ma\u013eova\u0165. A\u00a0\u010do ke\u010f si to po nieko\u013ek\u00fdch rokoch rozmysl\u00edte? Sta\u010d\u00ed si zvoli\u0165 in\u00fa farbu.<\/p>\n<p>Pri plaste t\u00fato mo\u017enos\u0165 nem\u00e1te. Ke\u010f si zvol\u00edte odtie\u0148, je u\u017e natrvalo.<\/p>\n","protected":false},"excerpt":{"rendered":"<p>Okn\u00e1 s\u00fa nevyhnutnou s\u00fa\u010das\u0165ou akejko\u013evek nehnute\u013enosti. Udr\u017euj\u00fa n\u00e1s v\u00a0teple, rozjasnia izby, prines\u00fa \u010derstv\u00fd vzduch, chr\u00e1nia pred da\u017e\u010fom a\u00a0vlhkom a\u00a0ke\u010f sa v\u00fdzorom hodia k\u00a0\u0161t\u00fdlu budovy, v\u00fdznamne skr\u00e1\u0161lia jej exteri\u00e9r aj interi\u00e9r. &nbsp;<\/p>\n","protected":false},"author":3,"featured_media":0,"comment_status":"closed","ping_status":"closed","sticky":false,"template":"","format":"standard","meta":{"footnotes":""},"categories":[],"tags":[],"class_list":["post-2416","post","type-post","status-publish","format-standard","hentry"],"yoast_head":"<!-- This site is optimized with the Yoast SEO plugin v27.4 - https:\/\/yoast.com\/product\/yoast-seo-wordpress\/ -->\n<title>Dreven\u00e9 okn\u00e1: Jedna nev\u00fdhoda, ale viacero v\u00fdhod | CEDERA<\/title>\n<meta name=\"description\" content=\"Je pravda, \u017ee dreven\u00e9 maj\u00fa jednu nev\u00fdhodu - \u00fadr\u017eba. Ale pri tom, o ko\u013eko viac v\u00e1m v\u010faka nej vydr\u017eia, je to sk\u00f4r v\u00fdhoda ako nev\u00fdhoda.\" \/>\n<meta name=\"robots\" content=\"index, follow, max-snippet:-1, max-image-preview:large, max-video-preview:-1\" \/>\n<link rel=\"canonical\" href=\"https:\/\/www.cedera-okna.sk\/sk\/drevene-okna-nevyhody-vyhody\/\" \/>\n<meta property=\"og:locale\" content=\"sk_SK\" \/>\n<meta property=\"og:type\" content=\"article\" \/>\n<meta property=\"og:title\" content=\"Dreven\u00e9 okn\u00e1: Jedna nev\u00fdhoda, ale viacero v\u00fdhod | CEDERA\" \/>\n<meta property=\"og:description\" content=\"Je pravda, \u017ee dreven\u00e9 maj\u00fa jednu nev\u00fdhodu - \u00fadr\u017eba. Ale pri tom, o ko\u013eko viac v\u00e1m v\u010faka nej vydr\u017eia, je to sk\u00f4r v\u00fdhoda ako nev\u00fdhoda.\" \/>\n<meta property=\"og:url\" content=\"https:\/\/www.cedera-okna.sk\/sk\/drevene-okna-nevyhody-vyhody\/\" \/>\n<meta property=\"og:site_name\" content=\"Cedera\" \/>\n<meta property=\"article:publisher\" content=\"https:\/\/www.facebook.com\/okna.cedera\/\" \/>\n<meta property=\"article:published_time\" content=\"2016-06-24T07:27:28+00:00\" \/>\n<meta property=\"article:modified_time\" content=\"2016-10-31T10:44:28+00:00\" \/>\n<meta name=\"author\" content=\"Cedera\" \/>\n<meta name=\"twitter:label1\" content=\"Autor\" \/>\n\t<meta name=\"twitter:data1\" content=\"Cedera\" \/>\n\t<meta name=\"twitter:label2\" content=\"Predpokladan\u00fd \u010das \u010d\u00edtania\" \/>\n\t<meta name=\"twitter:data2\" content=\"1 min\u00fata\" \/>\n<!-- \/ Yoast SEO plugin. -->","yoast_head_json":{"title":"Dreven\u00e9 okn\u00e1: Jedna nev\u00fdhoda, ale viacero v\u00fdhod | CEDERA","description":"Je pravda, \u017ee dreven\u00e9 maj\u00fa jednu nev\u00fdhodu - \u00fadr\u017eba. Ale pri tom, o ko\u013eko viac v\u00e1m v\u010faka nej vydr\u017eia, je to sk\u00f4r v\u00fdhoda ako nev\u00fdhoda.","robots":{"index":"index","follow":"follow","max-snippet":"max-snippet:-1","max-image-preview":"max-image-preview:large","max-video-preview":"max-video-preview:-1"},"canonical":"https:\/\/www.cedera-okna.sk\/sk\/drevene-okna-nevyhody-vyhody\/","og_locale":"sk_SK","og_type":"article","og_title":"Dreven\u00e9 okn\u00e1: Jedna nev\u00fdhoda, ale viacero v\u00fdhod | CEDERA","og_description":"Je pravda, \u017ee dreven\u00e9 maj\u00fa jednu nev\u00fdhodu - \u00fadr\u017eba. Ale pri tom, o ko\u013eko viac v\u00e1m v\u010faka nej vydr\u017eia, je to sk\u00f4r v\u00fdhoda ako nev\u00fdhoda.","og_url":"https:\/\/www.cedera-okna.sk\/sk\/drevene-okna-nevyhody-vyhody\/","og_site_name":"Cedera","article_publisher":"https:\/\/www.facebook.com\/okna.cedera\/","article_published_time":"2016-06-24T07:27:28+00:00","article_modified_time":"2016-10-31T10:44:28+00:00","author":"Cedera","twitter_misc":{"Autor":"Cedera","Predpokladan\u00fd \u010das \u010d\u00edtania":"1 min\u00fata"},"schema":{"@context":"https:\/\/schema.org","@graph":[{"@type":"Article","@id":"https:\/\/www.cedera-okna.sk\/sk\/drevene-okna-nevyhody-vyhody\/#article","isPartOf":{"@id":"https:\/\/www.cedera-okna.sk\/sk\/drevene-okna-nevyhody-vyhody\/"},"author":{"name":"Cedera","@id":"https:\/\/www.cedera-okna.sk\/sk\/#\/schema\/person\/5472b16fb96c7eb561b42b471d6142bd"},"headline":"Dreven\u00e9 okn\u00e1 maj\u00fa jednu nev\u00fdhodu. Ostatn\u00e9 v\u00fdhody ju v\u0161ak prev\u00e1\u017eia","datePublished":"2016-06-24T07:27:28+00:00","dateModified":"2016-10-31T10:44:28+00:00","mainEntityOfPage":{"@id":"https:\/\/www.cedera-okna.sk\/sk\/drevene-okna-nevyhody-vyhody\/"},"wordCount":279,"publisher":{"@id":"https:\/\/www.cedera-okna.sk\/sk\/#organization"},"inLanguage":"sk-SK"},{"@type":"WebPage","@id":"https:\/\/www.cedera-okna.sk\/sk\/drevene-okna-nevyhody-vyhody\/","url":"https:\/\/www.cedera-okna.sk\/sk\/drevene-okna-nevyhody-vyhody\/","name":"Dreven\u00e9 okn\u00e1: Jedna nev\u00fdhoda, ale viacero v\u00fdhod | CEDERA","isPartOf":{"@id":"https:\/\/www.cedera-okna.sk\/sk\/#website"},"datePublished":"2016-06-24T07:27:28+00:00","dateModified":"2016-10-31T10:44:28+00:00","description":"Je pravda, \u017ee dreven\u00e9 maj\u00fa jednu nev\u00fdhodu - \u00fadr\u017eba. Ale pri tom, o ko\u013eko viac v\u00e1m v\u010faka nej vydr\u017eia, je to sk\u00f4r v\u00fdhoda ako nev\u00fdhoda.","breadcrumb":{"@id":"https:\/\/www.cedera-okna.sk\/sk\/drevene-okna-nevyhody-vyhody\/#breadcrumb"},"inLanguage":"sk-SK","potentialAction":[{"@type":"ReadAction","target":["https:\/\/www.cedera-okna.sk\/sk\/drevene-okna-nevyhody-vyhody\/"]}]},{"@type":"BreadcrumbList","@id":"https:\/\/www.cedera-okna.sk\/sk\/drevene-okna-nevyhody-vyhody\/#breadcrumb","itemListElement":[{"@type":"ListItem","position":1,"name":"Domovsk\u00e1 str\u00e1nka","item":"https:\/\/www.cedera-okna.sk\/sk\/"},{"@type":"ListItem","position":2,"name":"Dreven\u00e9 okn\u00e1 maj\u00fa jednu nev\u00fdhodu. Ostatn\u00e9 v\u00fdhody ju v\u0161ak prev\u00e1\u017eia"}]},{"@type":"WebSite","@id":"https:\/\/www.cedera-okna.sk\/sk\/#website","url":"https:\/\/www.cedera-okna.sk\/sk\/","name":"Cedera","description":"Plastov\u00e9 okn\u00e1 Bratislava","publisher":{"@id":"https:\/\/www.cedera-okna.sk\/sk\/#organization"},"potentialAction":[{"@type":"SearchAction","target":{"@type":"EntryPoint","urlTemplate":"https:\/\/www.cedera-okna.sk\/sk\/?s={search_term_string}"},"query-input":{"@type":"PropertyValueSpecification","valueRequired":true,"valueName":"search_term_string"}}],"inLanguage":"sk-SK"},{"@type":"Organization","@id":"https:\/\/www.cedera-okna.sk\/sk\/#organization","name":"CEDERA s.r.o.","url":"https:\/\/www.cedera-okna.sk\/sk\/","logo":{"@type":"ImageObject","inLanguage":"sk-SK","@id":"https:\/\/www.cedera-okna.sk\/sk\/#\/schema\/logo\/image\/","url":"https:\/\/www.cedera-okna.sk\/wp-content\/uploads\/2018\/10\/Cedera-logo.png","contentUrl":"https:\/\/www.cedera-okna.sk\/wp-content\/uploads\/2018\/10\/Cedera-logo.png","width":190,"height":66,"caption":"CEDERA s.r.o."},"image":{"@id":"https:\/\/www.cedera-okna.sk\/sk\/#\/schema\/logo\/image\/"},"sameAs":["https:\/\/www.facebook.com\/okna.cedera\/"]},{"@type":"Person","@id":"https:\/\/www.cedera-okna.sk\/sk\/#\/schema\/person\/5472b16fb96c7eb561b42b471d6142bd","name":"Cedera","url":"https:\/\/www.cedera-okna.sk\/sk\/author\/cedera\/"}]}},"_links":{"self":[{"href":"https:\/\/www.cedera-okna.sk\/sk\/wp-json\/wp\/v2\/posts\/2416","targetHints":{"allow":["GET"]}}],"collection":[{"href":"https:\/\/www.cedera-okna.sk\/sk\/wp-json\/wp\/v2\/posts"}],"about":[{"href":"https:\/\/www.cedera-okna.sk\/sk\/wp-json\/wp\/v2\/types\/post"}],"author":[{"embeddable":true,"href":"https:\/\/www.cedera-okna.sk\/sk\/wp-json\/wp\/v2\/users\/3"}],"replies":[{"embeddable":true,"href":"https:\/\/www.cedera-okna.sk\/sk\/wp-json\/wp\/v2\/comments?post=2416"}],"version-history":[{"count":1,"href":"https:\/\/www.cedera-okna.sk\/sk\/wp-json\/wp\/v2\/posts\/2416\/revisions"}],"predecessor-version":[{"id":3167,"href":"https:\/\/www.cedera-okna.sk\/sk\/wp-json\/wp\/v2\/posts\/2416\/revisions\/3167"}],"wp:attachment":[{"href":"https:\/\/www.cedera-okna.sk\/sk\/wp-json\/wp\/v2\/media?parent=2416"}],"wp:term":[{"taxonomy":"category","embeddable":true,"href":"https:\/\/www.cedera-okna.sk\/sk\/wp-json\/wp\/v2\/categories?post=2416"},{"taxonomy":"post_tag","embeddable":true,"href":"https:\/\/www.cedera-okna.sk\/sk\/wp-json\/wp\/v2\/tags?post=2416"}],"curies":[{"name":"wp","href":"https:\/\/api.w.org\/{rel}","templated":true}]}}