{"id":10058,"date":"2021-09-19T21:35:38","date_gmt":"2021-09-19T19:35:38","guid":{"rendered":"http:\/\/cedera-okna.sk\/sk\/?p=10058"},"modified":"2021-10-04T07:27:27","modified_gmt":"2021-10-04T05:27:27","slug":"ako-vybrat-okna-do-domu-a-bytu","status":"publish","type":"post","link":"https:\/\/www.cedera-okna.sk\/sk\/ako-vybrat-okna-do-domu-a-bytu\/","title":{"rendered":"Ako vybra\u0165 okna do domu a bytu"},"content":{"rendered":"<div class=\"wpb-content-wrapper\"><p>[vc_row][vc_column][vc_column_text]Pred v\u00fdberom nov\u00fdch okien a dver\u00ed je dobr\u00e9 premyslie\u0165 si, \u010do od nich o\u010dak\u00e1vate a ak\u00e9 m\u00e1te po\u017eiadavky.<\/p>\n<p>Ak nechcete v\u00fdber okien a dver\u00ed podceni\u0165, prem\u00fd\u0161\u013eajte o v\u00fdbere v \u0161ir\u0161\u00edch s\u00favislostiach. Na\u0161i \u0161pecialisti v\u00e1m dok\u00e1\u017eu poradi\u0165 a v\u0161etko vysvetli\u0165 tak, aby pre v\u00e1s bolo v\u0161etko zrozumite\u013en\u00e9 a v\u00fdber bol pre v\u00e1s \u010do najvhodnej\u0161\u00ed.<\/p>\n<h2>Z\u00e1klad je premyslie\u0165 si \u010do vlastne potrebujete:<\/h2>\n<h3>Tepelnoizola\u010dn\u00e9 vlastnosti<\/h3>\n<ul>\n<li>S\u00fa z\u00e1visl\u00e9 od typu profilu (r\u00e1mu) a izola\u010dn\u00e9ho skla.<\/li>\n<li>Kvalitn\u00e1 mont\u00e1\u017e je neoddelite\u013enou s\u00fa\u010das\u0165ou spr\u00e1vnych izola\u010dn\u00fdch vlastnost\u00ed.<\/li>\n<li>Okn\u00e1 pre pas\u00edvne domy vy\u017eaduj\u00fa pod\u013ea noriem tie najvy\u0161\u0161ie parametre tepelnoizola\u010dn\u00fdch vlastnost\u00ed. Pri okn\u00e1ch by mal by\u0165 prestup tepla cel\u00fdm oknom aspo\u0148 Uw = 0,8 W \/ m2K a men\u0161ie.<\/li>\n<li>V\u0161etky na\u0161e okn\u00e1 maj\u00fa vo vyhl\u00e1sen\u00ed o parametroch jasne deklarovan\u00e9 v\u0161etky d\u00f4le\u017eit\u00e9 parametre.<\/li>\n<\/ul>\n<h3>Ochrana pred hlukom<\/h3>\n<ul>\n<li>Ak b\u00fdvate \/ budete b\u00fdva\u0165 v bl\u00edzkosti ru\u0161nej cesty alebo kri\u017eovatky je vhodn\u00e9 rie\u0161i\u0165 aj \u00fatlm vonkaj\u0161ieho hluku (Rw).<\/li>\n<li>Odhlu\u010dnenie sa rie\u0161i pomocou \u0161peci\u00e1lneho protihlukov\u00e9ho zasklenia z lepen\u00fdch sklenen\u00fdch tab\u00fa\u013e.<\/li>\n<li>Obstaranie trojskla namiesto dvojskla v\u00fdrazn\u00fa ochranu pred hlukom nerie\u0161i. Porad\u00edme v\u00e1m pre rie\u0161enie konkr\u00e9tnej situ\u00e1cie.<\/li>\n<\/ul>\n<h3>Ochrana pred vniknut\u00edm<\/h3>\n<ul>\n<li>Pokia\u013e m\u00e1te okn\u00e1 a balk\u00f3nov\u00e9 dvere na pr\u00edzem\u00ed a s\u00fa dostupn\u00e9, napr. z chodn\u00edka, je vhodn\u00e9 myslie\u0165 na prvky mechanickej ochrany okien a dver\u00ed.<\/li>\n<li>Jednotliv\u00e9 \u00farovne zabezpe\u010denia v\u00e1m predstavia na\u0161i \u0161pecialisti.<\/li>\n<li>D\u00f4le\u017eitou s\u00fa\u010das\u0165ou je dostato\u010dn\u00fd po\u010det bezpe\u010dnostn\u00fdch uzatv\u00e1rac\u00edch bodov, do\u0161ti\u010dka proti odv\u0155taniu, uzamykacia k\u013eu\u010dka, bezpe\u010dnostn\u00e9 lepen\u00e9 sklo, at\u010f.<\/li>\n<\/ul>\n<h3>Elektronick\u00e1 ochrana<\/h3>\n<ul>\n<li>Ak uva\u017eujete o elektronickej ochrane, myslite na to u\u017e pri nadobudnut\u00ed nov\u00fdch okien a dver\u00ed.<\/li>\n<li>Niektor\u00e9 prvky pre elektronick\u00fa ochranu okien a dver\u00ed ako napr. magnety, m\u00f4\u017eu by\u0165 u\u017e s\u00fa\u010das\u0165ou kovania okien a dver\u00ed.<\/li>\n<li>U\u0161etr\u00edte si starosti a peniaze s dodato\u010dn\u00fdm rie\u0161en\u00edm a stavebn\u00fdmi \u00fapravami.<\/li>\n<\/ul>\n<h3>Bezpe\u010dnos\u0165 pre va\u0161e deti<\/h3>\n<ul>\n<li>Bezpe\u010dnostn\u00e1 poistka alebo blokovacia k\u013eu\u010dka ochr\u00e1nia va\u0161e mal\u00e9 deti pred vypadnut\u00edm z okna.<\/li>\n<\/ul>\n<h3>Poveternostn\u00e9 vplyvy<\/h3>\n<ul>\n<li>Vo v\u00e4\u010d\u0161ine pr\u00edpadov sa oplat\u00ed investova\u0165 do izola\u010dn\u00e9ho skla.<\/li>\n<li>Pokia\u013e bud\u00fa okn\u00e1 vystaven\u00e9 siln\u00fdm n\u00e1razom vetra a da\u017e\u010fa, vyberajte rad\u0161ej silnej\u0161ie profily. S v\u00fdberom v\u00e1m radi porad\u00edme.<\/li>\n<\/ul>\n<h3>Dizajnov\u00e9 prevedenie<\/h3>\n<ul>\n<li>Dizajn je neoddelite\u013enou s\u00fa\u010das\u0165ou okien a dver\u00ed. Budete sa na ne pozera\u0165 ka\u017ed\u00fd de\u0148.<\/li>\n<li>Okn\u00e1 m\u00f4\u017eu ma\u0165 z vn\u00fatornej a vonkaj\u0161ej strany in\u00fa farbu.<\/li>\n<\/ul>\n<p>[\/vc_column_text][\/vc_column][\/vc_row][vc_row][vc_column][vc_column_text]<\/p>\n<h3 style=\"text-align: center;\">Porad\u00edme v\u00e1m s v\u00fdberom vhodn\u00fdch okien, dver\u00ed a s\u00favisiacich doplnkov tak, aby v\u0161etko bolo kompatibiln\u00e9 a \u010do najviac splnilo va\u0161e po\u017eiadavky.<\/h3>\n<h3 style=\"text-align: center;\">Nev\u00e1hajte n\u00e1s kontaktova\u0165.<\/h3>\n<p>[\/vc_column_text]\n<div class=\"wpcf7 no-js\" id=\"wpcf7-f2486-o1\" lang=\"sk-SK\" dir=\"ltr\" data-wpcf7-id=\"2486\">\n<div class=\"screen-reader-response\"><p role=\"status\" aria-live=\"polite\" aria-atomic=\"true\"><\/p> <ul><\/ul><\/div>\n<form action=\"\/sk\/wp-json\/wp\/v2\/posts\/10058#wpcf7-f2486-o1\" method=\"post\" class=\"wpcf7-form init\" aria-label=\"Kontaktn\u00fd formul\u00e1r\" novalidate=\"novalidate\" data-status=\"init\">\n<fieldset class=\"hidden-fields-container\"><input type=\"hidden\" name=\"_wpcf7\" value=\"2486\" \/><input type=\"hidden\" name=\"_wpcf7_version\" value=\"6.1.5\" \/><input type=\"hidden\" name=\"_wpcf7_locale\" value=\"sk_SK\" \/><input type=\"hidden\" name=\"_wpcf7_unit_tag\" value=\"wpcf7-f2486-o1\" \/><input type=\"hidden\" name=\"_wpcf7_container_post\" value=\"0\" \/><input type=\"hidden\" name=\"_wpcf7_posted_data_hash\" value=\"\" \/><input type=\"hidden\" name=\"_wpcf7_recaptcha_response\" value=\"\" \/>\n<\/fieldset>\n<p><label><br \/>\n<span class=\"wpcf7-form-control-wrap\" data-name=\"your-name\"><input size=\"40\" maxlength=\"400\" class=\"wpcf7-form-control wpcf7-text wpcf7-validates-as-required\" aria-required=\"true\" aria-invalid=\"false\" placeholder=\"Meno*\" value=\"\" type=\"text\" name=\"your-name\" \/><\/span> <\/label>\n<\/p>\n<div class=\"sc_form_info columns_wrap\">\n\t<div class=\"sc_form_item sc_form_field label_over column-1_2\">\n\t\t<p><label><br \/>\n<span class=\"wpcf7-form-control-wrap\" data-name=\"your-telefon\"><input size=\"40\" maxlength=\"400\" class=\"wpcf7-form-control wpcf7-tel wpcf7-validates-as-required wpcf7-text wpcf7-validates-as-tel\" aria-required=\"true\" aria-invalid=\"false\" placeholder=\"Telef\u00f3n*\" value=\"\" type=\"tel\" name=\"your-telefon\" \/><\/span> <\/label>\n\t\t<\/p>\n\t<\/div>\n\t<div class=\"sc_form_item sc_form_field label_over column-1_2 pading0\">\n\t\t<p><label><br \/>\n<span class=\"wpcf7-form-control-wrap\" data-name=\"your-email\"><input size=\"40\" maxlength=\"400\" class=\"wpcf7-form-control wpcf7-email wpcf7-validates-as-required wpcf7-text wpcf7-validates-as-email\" aria-required=\"true\" aria-invalid=\"false\" placeholder=\"E-mail*\" value=\"\" type=\"email\" name=\"your-email\" \/><\/span><\/label>\n\t\t<\/p>\n\t<\/div>\n<\/div>\n<p><label><br \/>\n<span class=\"wpcf7-form-control-wrap\" data-name=\"your-message\"><textarea cols=\"40\" rows=\"10\" maxlength=\"2000\" class=\"wpcf7-form-control wpcf7-textarea\" aria-invalid=\"false\" placeholder=\"Pros\u00edm kontaktujte ma oh\u013eadom...\" name=\"your-message\"><\/textarea><\/span> <\/label>\n<\/p>\n<p><span class=\"wpcf7-form-control-wrap\" data-name=\"checkbox-597\"><span class=\"wpcf7-form-control wpcf7-checkbox wpcf7-validates-as-required\"><span class=\"wpcf7-list-item first last\"><input type=\"checkbox\" name=\"checkbox-597[]\" value=\"S\u00fahlas\u00edm so zpracovan\u00edm osobn\u00fdch \u00fadajov*\" \/><span class=\"wpcf7-list-item-label\">S\u00fahlas\u00edm so zpracovan\u00edm osobn\u00fdch \u00fadajov*<\/span><\/span><\/span><\/span>\n<\/p>\n<p><input class=\"wpcf7-form-control wpcf7-submit has-spinner\" type=\"submit\" value=\"Posla\u0165 po\u017eiadavku\" \/>\n<\/p>\n<p>*polo\u017eka je povinn\u00e1\n<\/p><div class=\"wpcf7-response-output\" aria-hidden=\"true\"><\/div>\n<\/form>\n<\/div>\n[\/vc_column][\/vc_row]<\/p>\n<\/div>","protected":false},"excerpt":{"rendered":"<p>[vc_row][vc_column][vc_column_text]Pred v\u00fdberom nov\u00fdch okien a dver\u00ed je dobr\u00e9 premyslie\u0165 si, \u010do od nich o\u010dak\u00e1vate a ak\u00e9 m\u00e1te po\u017eiadavky. Ak nechcete v\u00fdber okien a dver\u00ed podceni\u0165, prem\u00fd\u0161\u013eajte o v\u00fdbere v \u0161ir\u0161\u00edch s\u00favislostiach. Na\u0161i \u0161pecialisti v\u00e1m dok\u00e1\u017eu poradi\u0165 a v\u0161etko vysvetli\u0165 tak, aby pre v\u00e1s bolo v\u0161etko zrozumite\u013en\u00e9 a v\u00fdber bol pre v\u00e1s \u010do najvhodnej\u0161\u00ed. Z\u00e1klad je [&hellip;]<\/p>\n","protected":false},"author":3,"featured_media":0,"comment_status":"closed","ping_status":"closed","sticky":false,"template":"","format":"standard","meta":{"footnotes":""},"categories":[],"tags":[],"class_list":["post-10058","post","type-post","status-publish","format-standard","hentry"],"yoast_head":"<!-- This site is optimized with the Yoast SEO plugin v27.4 - https:\/\/yoast.com\/product\/yoast-seo-wordpress\/ -->\n<title>Ako vybra\u0165 okna do domu a bytu - Cedera<\/title>\n<meta name=\"description\" content=\"Pred v\u00fdberom nov\u00fdch okien a dver\u00ed je dobr\u00e9 premyslie\u0165 si, \u010do od nich o\u010dak\u00e1vate a ak\u00e9 m\u00e1te po\u017eiadavky. Na\u0161i \u0161pecialisti v\u00e1m dok\u00e1\u017eu poradi\u0165.\" \/>\n<meta name=\"robots\" content=\"index, follow, max-snippet:-1, max-image-preview:large, max-video-preview:-1\" \/>\n<link rel=\"canonical\" href=\"https:\/\/www.cedera-okna.sk\/sk\/ako-vybrat-okna-do-domu-a-bytu\/\" \/>\n<meta property=\"og:locale\" content=\"sk_SK\" \/>\n<meta property=\"og:type\" content=\"article\" \/>\n<meta property=\"og:title\" content=\"Ako vybra\u0165 okna do domu a bytu - Cedera\" \/>\n<meta property=\"og:description\" content=\"Pred v\u00fdberom nov\u00fdch okien a dver\u00ed je dobr\u00e9 premyslie\u0165 si, \u010do od nich o\u010dak\u00e1vate a ak\u00e9 m\u00e1te po\u017eiadavky. Na\u0161i \u0161pecialisti v\u00e1m dok\u00e1\u017eu poradi\u0165.\" \/>\n<meta property=\"og:url\" content=\"https:\/\/www.cedera-okna.sk\/sk\/ako-vybrat-okna-do-domu-a-bytu\/\" \/>\n<meta property=\"og:site_name\" content=\"Cedera\" \/>\n<meta property=\"article:publisher\" content=\"https:\/\/www.facebook.com\/okna.cedera\/\" \/>\n<meta property=\"article:published_time\" content=\"2021-09-19T19:35:38+00:00\" \/>\n<meta property=\"article:modified_time\" content=\"2021-10-04T05:27:27+00:00\" \/>\n<meta name=\"author\" content=\"Cedera\" \/>\n<meta name=\"twitter:label1\" content=\"Autor\" \/>\n\t<meta name=\"twitter:data1\" content=\"Cedera\" \/>\n\t<meta name=\"twitter:label2\" content=\"Predpokladan\u00fd \u010das \u010d\u00edtania\" \/>\n\t<meta name=\"twitter:data2\" content=\"2 min\u00faty\" \/>\n<!-- \/ Yoast SEO plugin. -->","yoast_head_json":{"title":"Ako vybra\u0165 okna do domu a bytu - Cedera","description":"Pred v\u00fdberom nov\u00fdch okien a dver\u00ed je dobr\u00e9 premyslie\u0165 si, \u010do od nich o\u010dak\u00e1vate a ak\u00e9 m\u00e1te po\u017eiadavky. Na\u0161i \u0161pecialisti v\u00e1m dok\u00e1\u017eu poradi\u0165.","robots":{"index":"index","follow":"follow","max-snippet":"max-snippet:-1","max-image-preview":"max-image-preview:large","max-video-preview":"max-video-preview:-1"},"canonical":"https:\/\/www.cedera-okna.sk\/sk\/ako-vybrat-okna-do-domu-a-bytu\/","og_locale":"sk_SK","og_type":"article","og_title":"Ako vybra\u0165 okna do domu a bytu - Cedera","og_description":"Pred v\u00fdberom nov\u00fdch okien a dver\u00ed je dobr\u00e9 premyslie\u0165 si, \u010do od nich o\u010dak\u00e1vate a ak\u00e9 m\u00e1te po\u017eiadavky. Na\u0161i \u0161pecialisti v\u00e1m dok\u00e1\u017eu poradi\u0165.","og_url":"https:\/\/www.cedera-okna.sk\/sk\/ako-vybrat-okna-do-domu-a-bytu\/","og_site_name":"Cedera","article_publisher":"https:\/\/www.facebook.com\/okna.cedera\/","article_published_time":"2021-09-19T19:35:38+00:00","article_modified_time":"2021-10-04T05:27:27+00:00","author":"Cedera","twitter_misc":{"Autor":"Cedera","Predpokladan\u00fd \u010das \u010d\u00edtania":"2 min\u00faty"},"schema":{"@context":"https:\/\/schema.org","@graph":[{"@type":"Article","@id":"https:\/\/www.cedera-okna.sk\/sk\/ako-vybrat-okna-do-domu-a-bytu\/#article","isPartOf":{"@id":"https:\/\/www.cedera-okna.sk\/sk\/ako-vybrat-okna-do-domu-a-bytu\/"},"author":{"name":"Cedera","@id":"https:\/\/www.cedera-okna.sk\/sk\/#\/schema\/person\/5472b16fb96c7eb561b42b471d6142bd"},"headline":"Ako vybra\u0165 okna do domu a bytu","datePublished":"2021-09-19T19:35:38+00:00","dateModified":"2021-10-04T05:27:27+00:00","mainEntityOfPage":{"@id":"https:\/\/www.cedera-okna.sk\/sk\/ako-vybrat-okna-do-domu-a-bytu\/"},"wordCount":538,"publisher":{"@id":"https:\/\/www.cedera-okna.sk\/sk\/#organization"},"inLanguage":"sk-SK"},{"@type":"WebPage","@id":"https:\/\/www.cedera-okna.sk\/sk\/ako-vybrat-okna-do-domu-a-bytu\/","url":"https:\/\/www.cedera-okna.sk\/sk\/ako-vybrat-okna-do-domu-a-bytu\/","name":"Ako vybra\u0165 okna do domu a bytu - Cedera","isPartOf":{"@id":"https:\/\/www.cedera-okna.sk\/sk\/#website"},"datePublished":"2021-09-19T19:35:38+00:00","dateModified":"2021-10-04T05:27:27+00:00","description":"Pred v\u00fdberom nov\u00fdch okien a dver\u00ed je dobr\u00e9 premyslie\u0165 si, \u010do od nich o\u010dak\u00e1vate a ak\u00e9 m\u00e1te po\u017eiadavky. Na\u0161i \u0161pecialisti v\u00e1m dok\u00e1\u017eu poradi\u0165.","breadcrumb":{"@id":"https:\/\/www.cedera-okna.sk\/sk\/ako-vybrat-okna-do-domu-a-bytu\/#breadcrumb"},"inLanguage":"sk-SK","potentialAction":[{"@type":"ReadAction","target":["https:\/\/www.cedera-okna.sk\/sk\/ako-vybrat-okna-do-domu-a-bytu\/"]}]},{"@type":"BreadcrumbList","@id":"https:\/\/www.cedera-okna.sk\/sk\/ako-vybrat-okna-do-domu-a-bytu\/#breadcrumb","itemListElement":[{"@type":"ListItem","position":1,"name":"Domovsk\u00e1 str\u00e1nka","item":"https:\/\/www.cedera-okna.sk\/sk\/"},{"@type":"ListItem","position":2,"name":"Ako vybra\u0165 okna do domu a bytu"}]},{"@type":"WebSite","@id":"https:\/\/www.cedera-okna.sk\/sk\/#website","url":"https:\/\/www.cedera-okna.sk\/sk\/","name":"Cedera","description":"Plastov\u00e9 okn\u00e1 Bratislava","publisher":{"@id":"https:\/\/www.cedera-okna.sk\/sk\/#organization"},"potentialAction":[{"@type":"SearchAction","target":{"@type":"EntryPoint","urlTemplate":"https:\/\/www.cedera-okna.sk\/sk\/?s={search_term_string}"},"query-input":{"@type":"PropertyValueSpecification","valueRequired":true,"valueName":"search_term_string"}}],"inLanguage":"sk-SK"},{"@type":"Organization","@id":"https:\/\/www.cedera-okna.sk\/sk\/#organization","name":"CEDERA s.r.o.","url":"https:\/\/www.cedera-okna.sk\/sk\/","logo":{"@type":"ImageObject","inLanguage":"sk-SK","@id":"https:\/\/www.cedera-okna.sk\/sk\/#\/schema\/logo\/image\/","url":"https:\/\/www.cedera-okna.sk\/wp-content\/uploads\/2018\/10\/Cedera-logo.png","contentUrl":"https:\/\/www.cedera-okna.sk\/wp-content\/uploads\/2018\/10\/Cedera-logo.png","width":190,"height":66,"caption":"CEDERA s.r.o."},"image":{"@id":"https:\/\/www.cedera-okna.sk\/sk\/#\/schema\/logo\/image\/"},"sameAs":["https:\/\/www.facebook.com\/okna.cedera\/"]},{"@type":"Person","@id":"https:\/\/www.cedera-okna.sk\/sk\/#\/schema\/person\/5472b16fb96c7eb561b42b471d6142bd","name":"Cedera","url":"https:\/\/www.cedera-okna.sk\/sk\/author\/cedera\/"}]}},"_links":{"self":[{"href":"https:\/\/www.cedera-okna.sk\/sk\/wp-json\/wp\/v2\/posts\/10058","targetHints":{"allow":["GET"]}}],"collection":[{"href":"https:\/\/www.cedera-okna.sk\/sk\/wp-json\/wp\/v2\/posts"}],"about":[{"href":"https:\/\/www.cedera-okna.sk\/sk\/wp-json\/wp\/v2\/types\/post"}],"author":[{"embeddable":true,"href":"https:\/\/www.cedera-okna.sk\/sk\/wp-json\/wp\/v2\/users\/3"}],"replies":[{"embeddable":true,"href":"https:\/\/www.cedera-okna.sk\/sk\/wp-json\/wp\/v2\/comments?post=10058"}],"version-history":[{"count":4,"href":"https:\/\/www.cedera-okna.sk\/sk\/wp-json\/wp\/v2\/posts\/10058\/revisions"}],"predecessor-version":[{"id":10117,"href":"https:\/\/www.cedera-okna.sk\/sk\/wp-json\/wp\/v2\/posts\/10058\/revisions\/10117"}],"wp:attachment":[{"href":"https:\/\/www.cedera-okna.sk\/sk\/wp-json\/wp\/v2\/media?parent=10058"}],"wp:term":[{"taxonomy":"category","embeddable":true,"href":"https:\/\/www.cedera-okna.sk\/sk\/wp-json\/wp\/v2\/categories?post=10058"},{"taxonomy":"post_tag","embeddable":true,"href":"https:\/\/www.cedera-okna.sk\/sk\/wp-json\/wp\/v2\/tags?post=10058"}],"curies":[{"name":"wp","href":"https:\/\/api.w.org\/{rel}","templated":true}]}}